{"id":68331,"date":"2019-07-17T10:08:23","date_gmt":"2019-07-17T16:08:23","guid":{"rendered":"http:\/\/www.sporthiva.com\/?p=68331"},"modified":"2019-07-17T10:08:23","modified_gmt":"2019-07-17T16:08:23","slug":"bolillo-gomez-deja-de-ser-el-entrenador-de-ecuador","status":"publish","type":"post","link":"http:\/\/www.sporthiva.com\/index.php\/2019\/07\/17\/bolillo-gomez-deja-de-ser-el-entrenador-de-ecuador\/","title":{"rendered":"\u00abBolillo\u00bb G\u00f3mez deja de ser el entrenador de Ecuador"},"content":{"rendered":"<h4><strong>El t\u00e9cnico colombiano fue separado del cargo tras el fracaso en la Copa Am\u00e9rica<\/strong><\/h4>\n<p><strong>Ecuador<\/strong><\/p>\n<p>Hern\u00e1n Dar\u00edo G\u00f3mez no convenci\u00f3 ni a la afici\u00f3n, ni a la prensa y mucho menos a los dirigentes en Ecuador. Su segundo ciclo como entrenador de la Selecci\u00f3n de Ecuador no fue feliz como el primero; por el contrario, fue tormentoso y termin\u00f3 este mi\u00e9rcoles tras un rotundo fracaso en la Copa Am\u00e9rica 2019.<\/p>\n<p>Las cr\u00edticas que recibi\u00f3 por sus pol\u00e9micas frases, por sus malos resultados y porque en Ecuador entend\u00edan que el \u00abBolillo\u00bb no estaba actualizado en sus esquemas, provoc\u00f3 que la continuidad de su proceso fuera imposible.<\/p>\n<p><strong>Vea adem\u00e1s:\u00a0<a href=\"http:\/\/www.sporthiva.com\/index.php\/2019\/07\/17\/el-ac-milan-pregunta-por-luka-modric\/\">El AC Milan pregunta por Luka Modric<\/a><\/strong><\/p>\n<p>Los miembros de la Federaci\u00f3n Ecuatoriana de F\u00fatbol tomaron la decisi\u00f3n un\u00e1nime de cesarlo del cargo, pero solo queda un peque\u00f1o detalle: sentarse a dialogar para buscar una salida econ\u00f3mica.<\/p>\n<p>\u00abMi contrato es para las eliminatorias, no para la Copa Am\u00e9rica\u00bb, dijo el t\u00e9cnico durante la Copa Am\u00e9rica en Brasil. El contrato del colombiano termina en el Mundial de Catar 2022, es decir que le quedan por lo menos dos a\u00f1os de v\u00ednculo con la Federaci\u00f3n Ecuatoriana de F\u00fatbol.<\/p>\n<p><strong>Le interesa tambi\u00e9n:\u00a0<a href=\"http:\/\/www.sporthiva.com\/index.php\/2019\/07\/17\/sub-23-de-honduras-a-su-primera-batalla-ante-nicaragua-en-el-preolimpico\/\">Sub-23 de Honduras a su primera batalla ante Nicaragua en el Preol\u00edmpico<\/a><\/strong><\/p>\n<p>Seg\u00fan el diario \u00abEl Comercio\u00bb, el \u00abBolillo\u00bb G\u00f3mez podr\u00eda recibir una millonaria cifra por su indemnizaci\u00f3n. Si en Ecuador no quieren contar con sus servicios, tendr\u00eda que pagarle unos 4 millones de d\u00f3lares.<\/p>\n<p>Sin embargo, G\u00f3mez no quiere tener un conflicto legal con la Federaci\u00f3n por lo que estar\u00eda dispuesto a negociar su rescisi\u00f3n, asegura el reconocido diario.<\/p>\n","protected":false},"excerpt":{"rendered":"<p>El t\u00e9cnico colombiano fue separado del cargo tras el fracaso en la Copa Am\u00e9rica Ecuador Hern\u00e1n Dar\u00edo G\u00f3mez no convenci\u00f3 ni a la afici\u00f3n, ni a la prensa y mucho menos a los dirigentes en Ecuador. Su segundo ciclo como entrenador de la Selecci\u00f3n de Ecuador no fue feliz como el primero; por el contrario,&nbsp;<\/p>\n<p><a class=\"btn btn-style\" href=\"http:\/\/www.sporthiva.com\/index.php\/2019\/07\/17\/bolillo-gomez-deja-de-ser-el-entrenador-de-ecuador\/\">Continuar leyendo<\/a><\/p>\n","protected":false},"author":7,"featured_media":68332,"comment_status":"open","ping_status":"open","sticky":false,"template":"","format":"standard","meta":{"qubely_global_settings":"","qubely_interactions":""},"categories":[563],"tags":[],"qubely_featured_image_url":{"full":["http:\/\/www.sporthiva.com\/wp-content\/uploads\/2019\/07\/BOLILLO-GOMEZ.jpg",1280,720,false],"landscape":["http:\/\/www.sporthiva.com\/wp-content\/uploads\/2019\/07\/BOLILLO-GOMEZ.jpg",1200,675,false],"portraits":["http:\/\/www.sporthiva.com\/wp-content\/uploads\/2019\/07\/BOLILLO-GOMEZ.jpg",540,304,false],"thumbnail":["http:\/\/www.sporthiva.com\/wp-content\/uploads\/2019\/07\/BOLILLO-GOMEZ-150x150.jpg",150,150,true],"medium":["http:\/\/www.sporthiva.com\/wp-content\/uploads\/2019\/07\/BOLILLO-GOMEZ-675x379.jpg",675,379,true],"medium_large":["http:\/\/www.sporthiva.com\/wp-content\/uploads\/2019\/07\/BOLILLO-GOMEZ-768x432.jpg",768,432,true],"large":["http:\/\/www.sporthiva.com\/wp-content\/uploads\/2019\/07\/BOLILLO-GOMEZ.jpg",1280,720,false],"1536x1536":["http:\/\/www.sporthiva.com\/wp-content\/uploads\/2019\/07\/BOLILLO-GOMEZ.jpg",1280,720,false],"2048x2048":["http:\/\/www.sporthiva.com\/wp-content\/uploads\/2019\/07\/BOLILLO-GOMEZ.jpg",1280,720,false],"alm-thumbnail":["http:\/\/www.sporthiva.com\/wp-content\/uploads\/2019\/07\/BOLILLO-GOMEZ-150x150.jpg",150,150,true],"qubely_landscape":["http:\/\/www.sporthiva.com\/wp-content\/uploads\/2019\/07\/BOLILLO-GOMEZ.jpg",1200,675,false],"qubely_portrait":["http:\/\/www.sporthiva.com\/wp-content\/uploads\/2019\/07\/BOLILLO-GOMEZ.jpg",540,304,false],"qubely_thumbnail":["http:\/\/www.sporthiva.com\/wp-content\/uploads\/2019\/07\/BOLILLO-GOMEZ.jpg",140,79,false],"sportspress-crop-medium":["http:\/\/www.sporthiva.com\/wp-content\/uploads\/2019\/07\/BOLILLO-GOMEZ-300x300.jpg",300,300,true],"sportspress-fit-medium":["http:\/\/www.sporthiva.com\/wp-content\/uploads\/2019\/07\/BOLILLO-GOMEZ-300x169.jpg",300,169,true],"sportspress-fit-icon":["http:\/\/www.sporthiva.com\/wp-content\/uploads\/2019\/07\/BOLILLO-GOMEZ-128x72.jpg",128,72,true],"sportspress-fit-mini":["http:\/\/www.sporthiva.com\/wp-content\/uploads\/2019\/07\/BOLILLO-GOMEZ-32x18.jpg",32,18,true],"heighlights":["http:\/\/www.sporthiva.com\/wp-content\/uploads\/2019\/07\/BOLILLO-GOMEZ-460x500.jpg",460,500,true],"video-thumb":["http:\/\/www.sporthiva.com\/wp-content\/uploads\/2019\/07\/BOLILLO-GOMEZ-360x235.jpg",360,235,true],"video-thumb2":["http:\/\/www.sporthiva.com\/wp-content\/uploads\/2019\/07\/BOLILLO-GOMEZ.jpg",360,203,false],"blog-thumb":["http:\/\/www.sporthiva.com\/wp-content\/uploads\/2019\/07\/BOLILLO-GOMEZ-175x150.jpg",175,150,true],"blog-medium":["http:\/\/www.sporthiva.com\/wp-content\/uploads\/2019\/07\/BOLILLO-GOMEZ-750x350.jpg",750,350,true],"blog-full":["http:\/\/www.sporthiva.com\/wp-content\/uploads\/2019\/07\/BOLILLO-GOMEZ-1140x550.jpg",1140,550,true],"popular-post":["http:\/\/www.sporthiva.com\/wp-content\/uploads\/2019\/07\/BOLILLO-GOMEZ.jpg",560,315,false],"heighlights-post":["http:\/\/www.sporthiva.com\/wp-content\/uploads\/2019\/07\/BOLILLO-GOMEZ.jpg",262,147,false],"player-thumb":["http:\/\/www.sporthiva.com\/wp-content\/uploads\/2019\/07\/BOLILLO-GOMEZ-270x150.jpg",270,150,true],"wp_rp_thumbnail":["http:\/\/www.sporthiva.com\/wp-content\/uploads\/2019\/07\/BOLILLO-GOMEZ-150x150.jpg",150,150,true]},"qubely_author":{"display_name":"Evelyn Pineda","author_link":"http:\/\/www.sporthiva.com\/index.php\/author\/epineda\/"},"qubely_comment":0,"qubely_category":"<a href=\"http:\/\/www.sporthiva.com\/index.php\/category\/internacionales\/\" rel=\"category tag\">Internacionales<\/a>","qubely_excerpt":"El t\u00e9cnico colombiano fue separado del cargo tras el fracaso en la Copa Am\u00e9rica Ecuador Hern\u00e1n Dar\u00edo G\u00f3mez no convenci\u00f3 ni a la afici\u00f3n, ni a la prensa y mucho menos a los dirigentes en Ecuador. Su segundo ciclo como entrenador de la Selecci\u00f3n de Ecuador no fue feliz como el primero; por el contrario,&nbsp;Continuar&hellip;","yoast_head":"<!-- This site is optimized with the Yoast SEO plugin v17.8 - https:\/\/yoast.com\/wordpress\/plugins\/seo\/ -->\n<title>&quot;Bolillo&quot; G\u00f3mez deja de ser el entrenador de Ecuador - Sporthiva Online<\/title>\n<meta name=\"robots\" content=\"index, follow, max-snippet:-1, max-image-preview:large, max-video-preview:-1\" \/>\n<link rel=\"canonical\" href=\"http:\/\/www.sporthiva.com\/index.php\/2019\/07\/17\/bolillo-gomez-deja-de-ser-el-entrenador-de-ecuador\/\" \/>\n<meta property=\"og:locale\" content=\"es_ES\" \/>\n<meta property=\"og:type\" content=\"article\" \/>\n<meta property=\"og:title\" content=\"&quot;Bolillo&quot; G\u00f3mez deja de ser el entrenador de Ecuador - Sporthiva Online\" \/>\n<meta property=\"og:description\" content=\"El t\u00e9cnico colombiano fue separado del cargo tras el fracaso en la Copa Am\u00e9rica Ecuador Hern\u00e1n Dar\u00edo G\u00f3mez no convenci\u00f3 ni a la afici\u00f3n, ni a la prensa y mucho menos a los dirigentes en Ecuador. Su segundo ciclo como entrenador de la Selecci\u00f3n de Ecuador no fue feliz como el primero; por el contrario,&nbsp;Continuar leyendo\" \/>\n<meta property=\"og:url\" content=\"http:\/\/www.sporthiva.com\/index.php\/2019\/07\/17\/bolillo-gomez-deja-de-ser-el-entrenador-de-ecuador\/\" \/>\n<meta property=\"og:site_name\" content=\"Sporthiva Online\" \/>\n<meta property=\"article:published_time\" content=\"2019-07-17T16:08:23+00:00\" \/>\n<meta property=\"og:image\" content=\"http:\/\/www.sporthiva.com\/wp-content\/uploads\/2019\/07\/BOLILLO-GOMEZ.jpg\" \/>\n\t<meta property=\"og:image:width\" content=\"1280\" \/>\n\t<meta property=\"og:image:height\" content=\"720\" \/>\n<meta name=\"twitter:card\" content=\"summary\" \/>\n<meta name=\"twitter:label1\" content=\"Escrito por\" \/>\n\t<meta name=\"twitter:data1\" content=\"Evelyn Pineda\" \/>\n\t<meta name=\"twitter:label2\" content=\"Tiempo de lectura\" \/>\n\t<meta name=\"twitter:data2\" content=\"2 minutos\" \/>\n<script type=\"application\/ld+json\" class=\"yoast-schema-graph\">{\"@context\":\"https:\/\/schema.org\",\"@graph\":[{\"@type\":\"WebSite\",\"@id\":\"http:\/\/www.sporthiva.com\/#website\",\"url\":\"http:\/\/www.sporthiva.com\/\",\"name\":\"Sporthiva Online\",\"description\":\"Sporthiva Online\",\"potentialAction\":[{\"@type\":\"SearchAction\",\"target\":{\"@type\":\"EntryPoint\",\"urlTemplate\":\"http:\/\/www.sporthiva.com\/?s={search_term_string}\"},\"query-input\":\"required name=search_term_string\"}],\"inLanguage\":\"es\"},{\"@type\":\"ImageObject\",\"@id\":\"http:\/\/www.sporthiva.com\/index.php\/2019\/07\/17\/bolillo-gomez-deja-de-ser-el-entrenador-de-ecuador\/#primaryimage\",\"inLanguage\":\"es\",\"url\":\"http:\/\/www.sporthiva.com\/wp-content\/uploads\/2019\/07\/BOLILLO-GOMEZ.jpg\",\"contentUrl\":\"http:\/\/www.sporthiva.com\/wp-content\/uploads\/2019\/07\/BOLILLO-GOMEZ.jpg\",\"width\":1280,\"height\":720},{\"@type\":\"WebPage\",\"@id\":\"http:\/\/www.sporthiva.com\/index.php\/2019\/07\/17\/bolillo-gomez-deja-de-ser-el-entrenador-de-ecuador\/#webpage\",\"url\":\"http:\/\/www.sporthiva.com\/index.php\/2019\/07\/17\/bolillo-gomez-deja-de-ser-el-entrenador-de-ecuador\/\",\"name\":\"\\\"Bolillo\\\" G\\u00f3mez deja de ser el entrenador de Ecuador - Sporthiva Online\",\"isPartOf\":{\"@id\":\"http:\/\/www.sporthiva.com\/#website\"},\"primaryImageOfPage\":{\"@id\":\"http:\/\/www.sporthiva.com\/index.php\/2019\/07\/17\/bolillo-gomez-deja-de-ser-el-entrenador-de-ecuador\/#primaryimage\"},\"datePublished\":\"2019-07-17T16:08:23+00:00\",\"dateModified\":\"2019-07-17T16:08:23+00:00\",\"author\":{\"@id\":\"http:\/\/www.sporthiva.com\/#\/schema\/person\/551718db343e60bf7d707f9085b1e611\"},\"breadcrumb\":{\"@id\":\"http:\/\/www.sporthiva.com\/index.php\/2019\/07\/17\/bolillo-gomez-deja-de-ser-el-entrenador-de-ecuador\/#breadcrumb\"},\"inLanguage\":\"es\",\"potentialAction\":[{\"@type\":\"ReadAction\",\"target\":[\"http:\/\/www.sporthiva.com\/index.php\/2019\/07\/17\/bolillo-gomez-deja-de-ser-el-entrenador-de-ecuador\/\"]}]},{\"@type\":\"BreadcrumbList\",\"@id\":\"http:\/\/www.sporthiva.com\/index.php\/2019\/07\/17\/bolillo-gomez-deja-de-ser-el-entrenador-de-ecuador\/#breadcrumb\",\"itemListElement\":[{\"@type\":\"ListItem\",\"position\":1,\"name\":\"Portada\",\"item\":\"http:\/\/www.sporthiva.com\/\"},{\"@type\":\"ListItem\",\"position\":2,\"name\":\"\\u00abBolillo\\u00bb G\\u00f3mez deja de ser el entrenador de Ecuador\"}]},{\"@type\":\"Person\",\"@id\":\"http:\/\/www.sporthiva.com\/#\/schema\/person\/551718db343e60bf7d707f9085b1e611\",\"name\":\"Evelyn Pineda\",\"image\":{\"@type\":\"ImageObject\",\"@id\":\"http:\/\/www.sporthiva.com\/#personlogo\",\"inLanguage\":\"es\",\"url\":\"http:\/\/1.gravatar.com\/avatar\/73932ff8109aee94864b4504adf4d91e?s=96&d=mm&r=g\",\"contentUrl\":\"http:\/\/1.gravatar.com\/avatar\/73932ff8109aee94864b4504adf4d91e?s=96&d=mm&r=g\",\"caption\":\"Evelyn Pineda\"},\"sameAs\":[\"http:\/\/www.sporthiva.com\/\"],\"url\":\"http:\/\/www.sporthiva.com\/index.php\/author\/epineda\/\"}]}<\/script>\n<!-- \/ Yoast SEO plugin. -->","yoast_head_json":{"title":"\"Bolillo\" G\u00f3mez deja de ser el entrenador de Ecuador - Sporthiva Online","robots":{"index":"index","follow":"follow","max-snippet":"max-snippet:-1","max-image-preview":"max-image-preview:large","max-video-preview":"max-video-preview:-1"},"canonical":"http:\/\/www.sporthiva.com\/index.php\/2019\/07\/17\/bolillo-gomez-deja-de-ser-el-entrenador-de-ecuador\/","og_locale":"es_ES","og_type":"article","og_title":"\"Bolillo\" G\u00f3mez deja de ser el entrenador de Ecuador - Sporthiva Online","og_description":"El t\u00e9cnico colombiano fue separado del cargo tras el fracaso en la Copa Am\u00e9rica Ecuador Hern\u00e1n Dar\u00edo G\u00f3mez no convenci\u00f3 ni a la afici\u00f3n, ni a la prensa y mucho menos a los dirigentes en Ecuador. Su segundo ciclo como entrenador de la Selecci\u00f3n de Ecuador no fue feliz como el primero; por el contrario,&nbsp;Continuar leyendo","og_url":"http:\/\/www.sporthiva.com\/index.php\/2019\/07\/17\/bolillo-gomez-deja-de-ser-el-entrenador-de-ecuador\/","og_site_name":"Sporthiva Online","article_published_time":"2019-07-17T16:08:23+00:00","og_image":[{"width":1280,"height":720,"url":"http:\/\/www.sporthiva.com\/wp-content\/uploads\/2019\/07\/BOLILLO-GOMEZ.jpg","type":"image\/jpeg"}],"twitter_card":"summary","twitter_misc":{"Escrito por":"Evelyn Pineda","Tiempo de lectura":"2 minutos"},"schema":{"@context":"https:\/\/schema.org","@graph":[{"@type":"WebSite","@id":"http:\/\/www.sporthiva.com\/#website","url":"http:\/\/www.sporthiva.com\/","name":"Sporthiva Online","description":"Sporthiva Online","potentialAction":[{"@type":"SearchAction","target":{"@type":"EntryPoint","urlTemplate":"http:\/\/www.sporthiva.com\/?s={search_term_string}"},"query-input":"required name=search_term_string"}],"inLanguage":"es"},{"@type":"ImageObject","@id":"http:\/\/www.sporthiva.com\/index.php\/2019\/07\/17\/bolillo-gomez-deja-de-ser-el-entrenador-de-ecuador\/#primaryimage","inLanguage":"es","url":"http:\/\/www.sporthiva.com\/wp-content\/uploads\/2019\/07\/BOLILLO-GOMEZ.jpg","contentUrl":"http:\/\/www.sporthiva.com\/wp-content\/uploads\/2019\/07\/BOLILLO-GOMEZ.jpg","width":1280,"height":720},{"@type":"WebPage","@id":"http:\/\/www.sporthiva.com\/index.php\/2019\/07\/17\/bolillo-gomez-deja-de-ser-el-entrenador-de-ecuador\/#webpage","url":"http:\/\/www.sporthiva.com\/index.php\/2019\/07\/17\/bolillo-gomez-deja-de-ser-el-entrenador-de-ecuador\/","name":"\"Bolillo\" G\u00f3mez deja de ser el entrenador de Ecuador - Sporthiva Online","isPartOf":{"@id":"http:\/\/www.sporthiva.com\/#website"},"primaryImageOfPage":{"@id":"http:\/\/www.sporthiva.com\/index.php\/2019\/07\/17\/bolillo-gomez-deja-de-ser-el-entrenador-de-ecuador\/#primaryimage"},"datePublished":"2019-07-17T16:08:23+00:00","dateModified":"2019-07-17T16:08:23+00:00","author":{"@id":"http:\/\/www.sporthiva.com\/#\/schema\/person\/551718db343e60bf7d707f9085b1e611"},"breadcrumb":{"@id":"http:\/\/www.sporthiva.com\/index.php\/2019\/07\/17\/bolillo-gomez-deja-de-ser-el-entrenador-de-ecuador\/#breadcrumb"},"inLanguage":"es","potentialAction":[{"@type":"ReadAction","target":["http:\/\/www.sporthiva.com\/index.php\/2019\/07\/17\/bolillo-gomez-deja-de-ser-el-entrenador-de-ecuador\/"]}]},{"@type":"BreadcrumbList","@id":"http:\/\/www.sporthiva.com\/index.php\/2019\/07\/17\/bolillo-gomez-deja-de-ser-el-entrenador-de-ecuador\/#breadcrumb","itemListElement":[{"@type":"ListItem","position":1,"name":"Portada","item":"http:\/\/www.sporthiva.com\/"},{"@type":"ListItem","position":2,"name":"\u00abBolillo\u00bb G\u00f3mez deja de ser el entrenador de Ecuador"}]},{"@type":"Person","@id":"http:\/\/www.sporthiva.com\/#\/schema\/person\/551718db343e60bf7d707f9085b1e611","name":"Evelyn Pineda","image":{"@type":"ImageObject","@id":"http:\/\/www.sporthiva.com\/#personlogo","inLanguage":"es","url":"http:\/\/1.gravatar.com\/avatar\/73932ff8109aee94864b4504adf4d91e?s=96&d=mm&r=g","contentUrl":"http:\/\/1.gravatar.com\/avatar\/73932ff8109aee94864b4504adf4d91e?s=96&d=mm&r=g","caption":"Evelyn Pineda"},"sameAs":["http:\/\/www.sporthiva.com\/"],"url":"http:\/\/www.sporthiva.com\/index.php\/author\/epineda\/"}]}},"_links":{"self":[{"href":"http:\/\/www.sporthiva.com\/index.php\/wp-json\/wp\/v2\/posts\/68331"}],"collection":[{"href":"http:\/\/www.sporthiva.com\/index.php\/wp-json\/wp\/v2\/posts"}],"about":[{"href":"http:\/\/www.sporthiva.com\/index.php\/wp-json\/wp\/v2\/types\/post"}],"author":[{"embeddable":true,"href":"http:\/\/www.sporthiva.com\/index.php\/wp-json\/wp\/v2\/users\/7"}],"replies":[{"embeddable":true,"href":"http:\/\/www.sporthiva.com\/index.php\/wp-json\/wp\/v2\/comments?post=68331"}],"version-history":[{"count":1,"href":"http:\/\/www.sporthiva.com\/index.php\/wp-json\/wp\/v2\/posts\/68331\/revisions"}],"predecessor-version":[{"id":68333,"href":"http:\/\/www.sporthiva.com\/index.php\/wp-json\/wp\/v2\/posts\/68331\/revisions\/68333"}],"wp:featuredmedia":[{"embeddable":true,"href":"http:\/\/www.sporthiva.com\/index.php\/wp-json\/wp\/v2\/media\/68332"}],"wp:attachment":[{"href":"http:\/\/www.sporthiva.com\/index.php\/wp-json\/wp\/v2\/media?parent=68331"}],"wp:term":[{"taxonomy":"category","embeddable":true,"href":"http:\/\/www.sporthiva.com\/index.php\/wp-json\/wp\/v2\/categories?post=68331"},{"taxonomy":"post_tag","embeddable":true,"href":"http:\/\/www.sporthiva.com\/index.php\/wp-json\/wp\/v2\/tags?post=68331"}],"curies":[{"name":"wp","href":"https:\/\/api.w.org\/{rel}","templated":true}]}}