{"id":69735,"date":"2019-08-11T17:45:50","date_gmt":"2019-08-11T23:45:50","guid":{"rendered":"http:\/\/www.sporthiva.com\/?p=69735"},"modified":"2019-08-11T19:19:29","modified_gmt":"2019-08-12T01:19:29","slug":"muere-el-exfutbolista-hondureno-walter-pery-martinez","status":"publish","type":"post","link":"http:\/\/www.sporthiva.com\/index.php\/2019\/08\/11\/muere-el-exfutbolista-hondureno-walter-pery-martinez\/","title":{"rendered":"Muere el exfutbolista hondure\u00f1o Walter \u00abPery\u00bb Mart\u00ednez"},"content":{"rendered":"<h4><strong>El exseleccionado hondure\u00f1o en Sud\u00e1frica 2010 falleci\u00f3 a sus 37 a\u00f1os en Nueva York<\/strong><\/h4>\n<p><strong>Honduras<\/strong><\/p>\n<p>El f\u00fatbol hondure\u00f1o est\u00e1 de luto. Este domingo falleci\u00f3 el exfutbolista hondure\u00f1o Walter \u00abPery\u00bb Mart\u00ednez en la ciudad de Nueva York, Estados Unidos.<\/p>\n<p>El ex seleccionado nacional, que inici\u00f3 su carrera en e Victoria, Vida y luego pas\u00f3 Marath\u00f3n, falleci\u00f3 de un infarto mientras se encontraba en la casa de Jos\u00e9 Alberto \u00abChepo\u00bb Fern\u00e1ndez.<\/p>\n<p><strong>Vea adem\u00e1s: <\/strong><a href=\"http:\/\/www.sporthiva.com\/index.php\/2019\/08\/11\/seleccion-de-honduras-regreso-con-plata-al-pais\/\"><strong>Selecci\u00f3n de Honduras regres\u00f3 con plata al pa\u00eds<\/strong><\/a><\/p>\n<p>\u00abPery\u00bb, que adem\u00e1s jug\u00f3 con el Beijing Guoan y Chongqing de China, Deportivo Alav\u00e9s de Espa\u00f1a, San Jos\u00e9 Eartquakes de la MLS de los Estados Unidos, Xelaj\u00fa Mario Camposeco de Guatemala y FAS de El Salvador, se encontraba en una gran depresi\u00f3n y este d\u00eda amaneci\u00f3 sin signos vitales.<\/p>\n","protected":false},"excerpt":{"rendered":"<p>El exseleccionado hondure\u00f1o en Sud\u00e1frica 2010 falleci\u00f3 a sus 37 a\u00f1os en Nueva York Honduras El f\u00fatbol hondure\u00f1o est\u00e1 de luto. Este domingo falleci\u00f3 el exfutbolista hondure\u00f1o Walter \u00abPery\u00bb Mart\u00ednez en la ciudad de Nueva York, Estados Unidos. El ex seleccionado nacional, que inici\u00f3 su carrera en e Victoria, Vida y luego pas\u00f3 Marath\u00f3n, falleci\u00f3&nbsp;<\/p>\n<p><a class=\"btn btn-style\" href=\"http:\/\/www.sporthiva.com\/index.php\/2019\/08\/11\/muere-el-exfutbolista-hondureno-walter-pery-martinez\/\">Continuar leyendo<\/a><\/p>\n","protected":false},"author":7,"featured_media":69751,"comment_status":"open","ping_status":"open","sticky":false,"template":"","format":"standard","meta":{"qubely_global_settings":"","qubely_interactions":""},"categories":[565],"tags":[],"qubely_featured_image_url":{"full":["http:\/\/www.sporthiva.com\/wp-content\/uploads\/2019\/08\/PERY.jpg",720,458,false],"landscape":["http:\/\/www.sporthiva.com\/wp-content\/uploads\/2019\/08\/PERY.jpg",720,458,false],"portraits":["http:\/\/www.sporthiva.com\/wp-content\/uploads\/2019\/08\/PERY.jpg",503,320,false],"thumbnail":["http:\/\/www.sporthiva.com\/wp-content\/uploads\/2019\/08\/PERY-150x150.jpg",150,150,true],"medium":["http:\/\/www.sporthiva.com\/wp-content\/uploads\/2019\/08\/PERY-596x379.jpg",596,379,true],"medium_large":["http:\/\/www.sporthiva.com\/wp-content\/uploads\/2019\/08\/PERY.jpg",720,458,false],"large":["http:\/\/www.sporthiva.com\/wp-content\/uploads\/2019\/08\/PERY.jpg",720,458,false],"1536x1536":["http:\/\/www.sporthiva.com\/wp-content\/uploads\/2019\/08\/PERY.jpg",720,458,false],"2048x2048":["http:\/\/www.sporthiva.com\/wp-content\/uploads\/2019\/08\/PERY.jpg",720,458,false],"alm-thumbnail":["http:\/\/www.sporthiva.com\/wp-content\/uploads\/2019\/08\/PERY-150x150.jpg",150,150,true],"qubely_landscape":["http:\/\/www.sporthiva.com\/wp-content\/uploads\/2019\/08\/PERY.jpg",720,458,false],"qubely_portrait":["http:\/\/www.sporthiva.com\/wp-content\/uploads\/2019\/08\/PERY.jpg",503,320,false],"qubely_thumbnail":["http:\/\/www.sporthiva.com\/wp-content\/uploads\/2019\/08\/PERY.jpg",140,89,false],"sportspress-crop-medium":["http:\/\/www.sporthiva.com\/wp-content\/uploads\/2019\/08\/PERY-300x300.jpg",300,300,true],"sportspress-fit-medium":["http:\/\/www.sporthiva.com\/wp-content\/uploads\/2019\/08\/PERY-300x191.jpg",300,191,true],"sportspress-fit-icon":["http:\/\/www.sporthiva.com\/wp-content\/uploads\/2019\/08\/PERY-128x81.jpg",128,81,true],"sportspress-fit-mini":["http:\/\/www.sporthiva.com\/wp-content\/uploads\/2019\/08\/PERY-32x20.jpg",32,20,true],"heighlights":["http:\/\/www.sporthiva.com\/wp-content\/uploads\/2019\/08\/PERY-460x458.jpg",460,458,true],"video-thumb":["http:\/\/www.sporthiva.com\/wp-content\/uploads\/2019\/08\/PERY-360x235.jpg",360,235,true],"video-thumb2":["http:\/\/www.sporthiva.com\/wp-content\/uploads\/2019\/08\/PERY.jpg",360,229,false],"blog-thumb":["http:\/\/www.sporthiva.com\/wp-content\/uploads\/2019\/08\/PERY-175x150.jpg",175,150,true],"blog-medium":["http:\/\/www.sporthiva.com\/wp-content\/uploads\/2019\/08\/PERY-720x350.jpg",720,350,true],"blog-full":["http:\/\/www.sporthiva.com\/wp-content\/uploads\/2019\/08\/PERY.jpg",720,458,false],"popular-post":["http:\/\/www.sporthiva.com\/wp-content\/uploads\/2019\/08\/PERY.jpg",560,356,false],"heighlights-post":["http:\/\/www.sporthiva.com\/wp-content\/uploads\/2019\/08\/PERY.jpg",262,167,false],"player-thumb":["http:\/\/www.sporthiva.com\/wp-content\/uploads\/2019\/08\/PERY-270x150.jpg",270,150,true],"wp_rp_thumbnail":["http:\/\/www.sporthiva.com\/wp-content\/uploads\/2019\/08\/PERY-150x150.jpg",150,150,true]},"qubely_author":{"display_name":"Evelyn Pineda","author_link":"http:\/\/www.sporthiva.com\/index.php\/author\/epineda\/"},"qubely_comment":0,"qubely_category":"<a href=\"http:\/\/www.sporthiva.com\/index.php\/category\/liga-nacional\/\" rel=\"category tag\">Liga nacional<\/a>","qubely_excerpt":"El exseleccionado hondure\u00f1o en Sud\u00e1frica 2010 falleci\u00f3 a sus 37 a\u00f1os en Nueva York Honduras El f\u00fatbol hondure\u00f1o est\u00e1 de luto. Este domingo falleci\u00f3 el exfutbolista hondure\u00f1o Walter \u00abPery\u00bb Mart\u00ednez en la ciudad de Nueva York, Estados Unidos. El ex seleccionado nacional, que inici\u00f3 su carrera en e Victoria, Vida y luego pas\u00f3 Marath\u00f3n, falleci\u00f3&nbsp;Continuar&hellip;","yoast_head":"<!-- This site is optimized with the Yoast SEO plugin v17.8 - https:\/\/yoast.com\/wordpress\/plugins\/seo\/ -->\n<title>Muere el exfutbolista hondure\u00f1o Walter &quot;Pery&quot; Mart\u00ednez - Sporthiva Online<\/title>\n<meta name=\"robots\" content=\"index, follow, max-snippet:-1, max-image-preview:large, max-video-preview:-1\" \/>\n<link rel=\"canonical\" href=\"http:\/\/www.sporthiva.com\/index.php\/2019\/08\/11\/muere-el-exfutbolista-hondureno-walter-pery-martinez\/\" \/>\n<meta property=\"og:locale\" content=\"es_ES\" \/>\n<meta property=\"og:type\" content=\"article\" \/>\n<meta property=\"og:title\" content=\"Muere el exfutbolista hondure\u00f1o Walter &quot;Pery&quot; Mart\u00ednez - Sporthiva Online\" \/>\n<meta property=\"og:description\" content=\"El exseleccionado hondure\u00f1o en Sud\u00e1frica 2010 falleci\u00f3 a sus 37 a\u00f1os en Nueva York Honduras El f\u00fatbol hondure\u00f1o est\u00e1 de luto. Este domingo falleci\u00f3 el exfutbolista hondure\u00f1o Walter \u00abPery\u00bb Mart\u00ednez en la ciudad de Nueva York, Estados Unidos. El ex seleccionado nacional, que inici\u00f3 su carrera en e Victoria, Vida y luego pas\u00f3 Marath\u00f3n, falleci\u00f3&nbsp;Continuar leyendo\" \/>\n<meta property=\"og:url\" content=\"http:\/\/www.sporthiva.com\/index.php\/2019\/08\/11\/muere-el-exfutbolista-hondureno-walter-pery-martinez\/\" \/>\n<meta property=\"og:site_name\" content=\"Sporthiva Online\" \/>\n<meta property=\"article:published_time\" content=\"2019-08-11T23:45:50+00:00\" \/>\n<meta property=\"article:modified_time\" content=\"2019-08-12T01:19:29+00:00\" \/>\n<meta property=\"og:image\" content=\"http:\/\/www.sporthiva.com\/wp-content\/uploads\/2019\/08\/PERY.jpg\" \/>\n\t<meta property=\"og:image:width\" content=\"720\" \/>\n\t<meta property=\"og:image:height\" content=\"458\" \/>\n<meta name=\"twitter:card\" content=\"summary\" \/>\n<meta name=\"twitter:label1\" content=\"Escrito por\" \/>\n\t<meta name=\"twitter:data1\" content=\"Evelyn Pineda\" \/>\n\t<meta name=\"twitter:label2\" content=\"Tiempo de lectura\" \/>\n\t<meta name=\"twitter:data2\" content=\"1 minuto\" \/>\n<script type=\"application\/ld+json\" class=\"yoast-schema-graph\">{\"@context\":\"https:\/\/schema.org\",\"@graph\":[{\"@type\":\"WebSite\",\"@id\":\"https:\/\/www.sporthiva.com\/#website\",\"url\":\"https:\/\/www.sporthiva.com\/\",\"name\":\"Sporthiva Online\",\"description\":\"Sporthiva Online\",\"potentialAction\":[{\"@type\":\"SearchAction\",\"target\":{\"@type\":\"EntryPoint\",\"urlTemplate\":\"https:\/\/www.sporthiva.com\/?s={search_term_string}\"},\"query-input\":\"required name=search_term_string\"}],\"inLanguage\":\"es\"},{\"@type\":\"ImageObject\",\"@id\":\"http:\/\/www.sporthiva.com\/index.php\/2019\/08\/11\/muere-el-exfutbolista-hondureno-walter-pery-martinez\/#primaryimage\",\"inLanguage\":\"es\",\"url\":\"http:\/\/www.sporthiva.com\/wp-content\/uploads\/2019\/08\/PERY.jpg\",\"contentUrl\":\"http:\/\/www.sporthiva.com\/wp-content\/uploads\/2019\/08\/PERY.jpg\",\"width\":720,\"height\":458},{\"@type\":\"WebPage\",\"@id\":\"http:\/\/www.sporthiva.com\/index.php\/2019\/08\/11\/muere-el-exfutbolista-hondureno-walter-pery-martinez\/#webpage\",\"url\":\"http:\/\/www.sporthiva.com\/index.php\/2019\/08\/11\/muere-el-exfutbolista-hondureno-walter-pery-martinez\/\",\"name\":\"Muere el exfutbolista hondure\\u00f1o Walter \\\"Pery\\\" Mart\\u00ednez - Sporthiva Online\",\"isPartOf\":{\"@id\":\"https:\/\/www.sporthiva.com\/#website\"},\"primaryImageOfPage\":{\"@id\":\"http:\/\/www.sporthiva.com\/index.php\/2019\/08\/11\/muere-el-exfutbolista-hondureno-walter-pery-martinez\/#primaryimage\"},\"datePublished\":\"2019-08-11T23:45:50+00:00\",\"dateModified\":\"2019-08-12T01:19:29+00:00\",\"author\":{\"@id\":\"https:\/\/www.sporthiva.com\/#\/schema\/person\/551718db343e60bf7d707f9085b1e611\"},\"breadcrumb\":{\"@id\":\"http:\/\/www.sporthiva.com\/index.php\/2019\/08\/11\/muere-el-exfutbolista-hondureno-walter-pery-martinez\/#breadcrumb\"},\"inLanguage\":\"es\",\"potentialAction\":[{\"@type\":\"ReadAction\",\"target\":[\"http:\/\/www.sporthiva.com\/index.php\/2019\/08\/11\/muere-el-exfutbolista-hondureno-walter-pery-martinez\/\"]}]},{\"@type\":\"BreadcrumbList\",\"@id\":\"http:\/\/www.sporthiva.com\/index.php\/2019\/08\/11\/muere-el-exfutbolista-hondureno-walter-pery-martinez\/#breadcrumb\",\"itemListElement\":[{\"@type\":\"ListItem\",\"position\":1,\"name\":\"Portada\",\"item\":\"https:\/\/www.sporthiva.com\/\"},{\"@type\":\"ListItem\",\"position\":2,\"name\":\"Muere el exfutbolista hondure\\u00f1o Walter \\u00abPery\\u00bb Mart\\u00ednez\"}]},{\"@type\":\"Person\",\"@id\":\"https:\/\/www.sporthiva.com\/#\/schema\/person\/551718db343e60bf7d707f9085b1e611\",\"name\":\"Evelyn Pineda\",\"image\":{\"@type\":\"ImageObject\",\"@id\":\"https:\/\/www.sporthiva.com\/#personlogo\",\"inLanguage\":\"es\",\"url\":\"http:\/\/1.gravatar.com\/avatar\/73932ff8109aee94864b4504adf4d91e?s=96&d=mm&r=g\",\"contentUrl\":\"http:\/\/1.gravatar.com\/avatar\/73932ff8109aee94864b4504adf4d91e?s=96&d=mm&r=g\",\"caption\":\"Evelyn Pineda\"},\"sameAs\":[\"http:\/\/www.sporthiva.com\/\"],\"url\":\"http:\/\/www.sporthiva.com\/index.php\/author\/epineda\/\"}]}<\/script>\n<!-- \/ Yoast SEO plugin. -->","yoast_head_json":{"title":"Muere el exfutbolista hondure\u00f1o Walter \"Pery\" Mart\u00ednez - Sporthiva Online","robots":{"index":"index","follow":"follow","max-snippet":"max-snippet:-1","max-image-preview":"max-image-preview:large","max-video-preview":"max-video-preview:-1"},"canonical":"http:\/\/www.sporthiva.com\/index.php\/2019\/08\/11\/muere-el-exfutbolista-hondureno-walter-pery-martinez\/","og_locale":"es_ES","og_type":"article","og_title":"Muere el exfutbolista hondure\u00f1o Walter \"Pery\" Mart\u00ednez - Sporthiva Online","og_description":"El exseleccionado hondure\u00f1o en Sud\u00e1frica 2010 falleci\u00f3 a sus 37 a\u00f1os en Nueva York Honduras El f\u00fatbol hondure\u00f1o est\u00e1 de luto. Este domingo falleci\u00f3 el exfutbolista hondure\u00f1o Walter \u00abPery\u00bb Mart\u00ednez en la ciudad de Nueva York, Estados Unidos. El ex seleccionado nacional, que inici\u00f3 su carrera en e Victoria, Vida y luego pas\u00f3 Marath\u00f3n, falleci\u00f3&nbsp;Continuar leyendo","og_url":"http:\/\/www.sporthiva.com\/index.php\/2019\/08\/11\/muere-el-exfutbolista-hondureno-walter-pery-martinez\/","og_site_name":"Sporthiva Online","article_published_time":"2019-08-11T23:45:50+00:00","article_modified_time":"2019-08-12T01:19:29+00:00","og_image":[{"width":720,"height":458,"url":"http:\/\/www.sporthiva.com\/wp-content\/uploads\/2019\/08\/PERY.jpg","type":"image\/jpeg"}],"twitter_card":"summary","twitter_misc":{"Escrito por":"Evelyn Pineda","Tiempo de lectura":"1 minuto"},"schema":{"@context":"https:\/\/schema.org","@graph":[{"@type":"WebSite","@id":"https:\/\/www.sporthiva.com\/#website","url":"https:\/\/www.sporthiva.com\/","name":"Sporthiva Online","description":"Sporthiva Online","potentialAction":[{"@type":"SearchAction","target":{"@type":"EntryPoint","urlTemplate":"https:\/\/www.sporthiva.com\/?s={search_term_string}"},"query-input":"required name=search_term_string"}],"inLanguage":"es"},{"@type":"ImageObject","@id":"http:\/\/www.sporthiva.com\/index.php\/2019\/08\/11\/muere-el-exfutbolista-hondureno-walter-pery-martinez\/#primaryimage","inLanguage":"es","url":"http:\/\/www.sporthiva.com\/wp-content\/uploads\/2019\/08\/PERY.jpg","contentUrl":"http:\/\/www.sporthiva.com\/wp-content\/uploads\/2019\/08\/PERY.jpg","width":720,"height":458},{"@type":"WebPage","@id":"http:\/\/www.sporthiva.com\/index.php\/2019\/08\/11\/muere-el-exfutbolista-hondureno-walter-pery-martinez\/#webpage","url":"http:\/\/www.sporthiva.com\/index.php\/2019\/08\/11\/muere-el-exfutbolista-hondureno-walter-pery-martinez\/","name":"Muere el exfutbolista hondure\u00f1o Walter \"Pery\" Mart\u00ednez - Sporthiva Online","isPartOf":{"@id":"https:\/\/www.sporthiva.com\/#website"},"primaryImageOfPage":{"@id":"http:\/\/www.sporthiva.com\/index.php\/2019\/08\/11\/muere-el-exfutbolista-hondureno-walter-pery-martinez\/#primaryimage"},"datePublished":"2019-08-11T23:45:50+00:00","dateModified":"2019-08-12T01:19:29+00:00","author":{"@id":"https:\/\/www.sporthiva.com\/#\/schema\/person\/551718db343e60bf7d707f9085b1e611"},"breadcrumb":{"@id":"http:\/\/www.sporthiva.com\/index.php\/2019\/08\/11\/muere-el-exfutbolista-hondureno-walter-pery-martinez\/#breadcrumb"},"inLanguage":"es","potentialAction":[{"@type":"ReadAction","target":["http:\/\/www.sporthiva.com\/index.php\/2019\/08\/11\/muere-el-exfutbolista-hondureno-walter-pery-martinez\/"]}]},{"@type":"BreadcrumbList","@id":"http:\/\/www.sporthiva.com\/index.php\/2019\/08\/11\/muere-el-exfutbolista-hondureno-walter-pery-martinez\/#breadcrumb","itemListElement":[{"@type":"ListItem","position":1,"name":"Portada","item":"https:\/\/www.sporthiva.com\/"},{"@type":"ListItem","position":2,"name":"Muere el exfutbolista hondure\u00f1o Walter \u00abPery\u00bb Mart\u00ednez"}]},{"@type":"Person","@id":"https:\/\/www.sporthiva.com\/#\/schema\/person\/551718db343e60bf7d707f9085b1e611","name":"Evelyn Pineda","image":{"@type":"ImageObject","@id":"https:\/\/www.sporthiva.com\/#personlogo","inLanguage":"es","url":"http:\/\/1.gravatar.com\/avatar\/73932ff8109aee94864b4504adf4d91e?s=96&d=mm&r=g","contentUrl":"http:\/\/1.gravatar.com\/avatar\/73932ff8109aee94864b4504adf4d91e?s=96&d=mm&r=g","caption":"Evelyn Pineda"},"sameAs":["http:\/\/www.sporthiva.com\/"],"url":"http:\/\/www.sporthiva.com\/index.php\/author\/epineda\/"}]}},"_links":{"self":[{"href":"http:\/\/www.sporthiva.com\/index.php\/wp-json\/wp\/v2\/posts\/69735"}],"collection":[{"href":"http:\/\/www.sporthiva.com\/index.php\/wp-json\/wp\/v2\/posts"}],"about":[{"href":"http:\/\/www.sporthiva.com\/index.php\/wp-json\/wp\/v2\/types\/post"}],"author":[{"embeddable":true,"href":"http:\/\/www.sporthiva.com\/index.php\/wp-json\/wp\/v2\/users\/7"}],"replies":[{"embeddable":true,"href":"http:\/\/www.sporthiva.com\/index.php\/wp-json\/wp\/v2\/comments?post=69735"}],"version-history":[{"count":4,"href":"http:\/\/www.sporthiva.com\/index.php\/wp-json\/wp\/v2\/posts\/69735\/revisions"}],"predecessor-version":[{"id":69752,"href":"http:\/\/www.sporthiva.com\/index.php\/wp-json\/wp\/v2\/posts\/69735\/revisions\/69752"}],"wp:featuredmedia":[{"embeddable":true,"href":"http:\/\/www.sporthiva.com\/index.php\/wp-json\/wp\/v2\/media\/69751"}],"wp:attachment":[{"href":"http:\/\/www.sporthiva.com\/index.php\/wp-json\/wp\/v2\/media?parent=69735"}],"wp:term":[{"taxonomy":"category","embeddable":true,"href":"http:\/\/www.sporthiva.com\/index.php\/wp-json\/wp\/v2\/categories?post=69735"},{"taxonomy":"post_tag","embeddable":true,"href":"http:\/\/www.sporthiva.com\/index.php\/wp-json\/wp\/v2\/tags?post=69735"}],"curies":[{"name":"wp","href":"https:\/\/api.w.org\/{rel}","templated":true}]}}