{"id":72054,"date":"2019-09-26T11:53:49","date_gmt":"2019-09-26T17:53:49","guid":{"rendered":"http:\/\/www.sporthiva.com\/?p=72054"},"modified":"2019-09-27T08:58:11","modified_gmt":"2019-09-27T14:58:11","slug":"neymar-esta-en-barcelona-para-su-juicio-contra-el-equipo-azulgrana","status":"publish","type":"post","link":"http:\/\/www.sporthiva.com\/index.php\/2019\/09\/26\/neymar-esta-en-barcelona-para-su-juicio-contra-el-equipo-azulgrana\/","title":{"rendered":"Neymar est\u00e1 en Barcelona para su juicio contra el equipo azulgrana"},"content":{"rendered":"<h4 class=\"story-leaf-subtitle-item col-md-10\"><strong>El futbolista reclama cobrar la totalidad de la prima de renovaci\u00f3n que pact\u00f3 con el club<\/strong><\/h4>\n<p class=\"story-leaf-subtitle-item col-md-10\"><strong>Barcelona, Espa\u00f1a<\/strong><\/p>\n<p class=\"story-leaf-subtitle-item col-md-10\">Neymar se encuentra en Barcelona y no es para firmar un nuevo contrato con el club azulgrana. El delantero del Par\u00eds Saint-Germain aterriz\u00f3 este jueves en la capital catalana en compa\u00f1\u00eda de su padre para testificar el juicio que tiene contra el club espa\u00f1ol.<\/p>\n<p class=\"story-leaf-subtitle-item col-md-10\">El delantero demand\u00f3 al club barcelonista por el impago de la totalidad de la prima de renovaci\u00f3n (ingres\u00f3 14 de los 40 millones pactados\u00a0en su d\u00eda y quer\u00eda cobrarlo todo). Le reclama al club los 26 millones restantes m\u00e1s intereses.<\/p>\n<p class=\"story-leaf-subtitle-item col-md-10\"><strong>Vea adem\u00e1s:\u00a0<a href=\"http:\/\/www.sporthiva.com\/index.php\/2019\/09\/26\/multa-de-300-euros-al-barcelona-por-el-fichaje-de-griezmann\/\">Rid\u00edcula multa de 300 euros al Barcelona por el fichaje de Griezmann<\/a><\/strong><\/p>\n<p class=\"story-leaf-subtitle-item col-md-10\">Por su lado el Bar\u00e7a, en el mismo contexto, tambi\u00e9n demand\u00f3 a Neymar porque entiende que esa prima de fichaje estaba vinculada a que cumpliera todoel contrato hasta junio del 2022, circunstancia que no se produjo pues se march\u00f3 al PSG en el verano del 2017 tras abonar su cl\u00e1usula de rescisi\u00f3n. Por eso le reclama la devoluci\u00f3n de la parte proporcional del primer pago que hicieron de la prima de fichaje.<\/p>\n","protected":false},"excerpt":{"rendered":"<p>El futbolista reclama cobrar la totalidad de la prima de renovaci\u00f3n que pact\u00f3 con el club Barcelona, Espa\u00f1a Neymar se encuentra en Barcelona y no es para firmar un nuevo contrato con el club azulgrana. El delantero del Par\u00eds Saint-Germain aterriz\u00f3 este jueves en la capital catalana en compa\u00f1\u00eda de su padre para testificar el&nbsp;<\/p>\n<p><a class=\"btn btn-style\" href=\"http:\/\/www.sporthiva.com\/index.php\/2019\/09\/26\/neymar-esta-en-barcelona-para-su-juicio-contra-el-equipo-azulgrana\/\">Continuar leyendo<\/a><\/p>\n","protected":false},"author":7,"featured_media":0,"comment_status":"open","ping_status":"open","sticky":false,"template":"","format":"standard","meta":{"qubely_global_settings":"","qubely_interactions":""},"categories":[563],"tags":[702],"qubely_featured_image_url":null,"qubely_author":{"display_name":"Evelyn Pineda","author_link":"http:\/\/www.sporthiva.com\/index.php\/author\/epineda\/"},"qubely_comment":0,"qubely_category":"<a href=\"http:\/\/www.sporthiva.com\/index.php\/category\/internacionales\/\" rel=\"category tag\">Internacionales<\/a>","qubely_excerpt":"El futbolista reclama cobrar la totalidad de la prima de renovaci\u00f3n que pact\u00f3 con el club Barcelona, Espa\u00f1a Neymar se encuentra en Barcelona y no es para firmar un nuevo contrato con el club azulgrana. El delantero del Par\u00eds Saint-Germain aterriz\u00f3 este jueves en la capital catalana en compa\u00f1\u00eda de su padre para testificar el&nbsp;Continuar&hellip;","yoast_head":"<!-- This site is optimized with the Yoast SEO plugin v17.8 - https:\/\/yoast.com\/wordpress\/plugins\/seo\/ -->\n<title>Neymar est\u00e1 en Barcelona para su juicio contra el equipo azulgrana - Sporthiva Online<\/title>\n<meta name=\"robots\" content=\"index, follow, max-snippet:-1, max-image-preview:large, max-video-preview:-1\" \/>\n<link rel=\"canonical\" href=\"http:\/\/www.sporthiva.com\/index.php\/2019\/09\/26\/neymar-esta-en-barcelona-para-su-juicio-contra-el-equipo-azulgrana\/\" \/>\n<meta property=\"og:locale\" content=\"es_ES\" \/>\n<meta property=\"og:type\" content=\"article\" \/>\n<meta property=\"og:title\" content=\"Neymar est\u00e1 en Barcelona para su juicio contra el equipo azulgrana - Sporthiva Online\" \/>\n<meta property=\"og:description\" content=\"El futbolista reclama cobrar la totalidad de la prima de renovaci\u00f3n que pact\u00f3 con el club Barcelona, Espa\u00f1a Neymar se encuentra en Barcelona y no es para firmar un nuevo contrato con el club azulgrana. El delantero del Par\u00eds Saint-Germain aterriz\u00f3 este jueves en la capital catalana en compa\u00f1\u00eda de su padre para testificar el&nbsp;Continuar leyendo\" \/>\n<meta property=\"og:url\" content=\"http:\/\/www.sporthiva.com\/index.php\/2019\/09\/26\/neymar-esta-en-barcelona-para-su-juicio-contra-el-equipo-azulgrana\/\" \/>\n<meta property=\"og:site_name\" content=\"Sporthiva Online\" \/>\n<meta property=\"article:published_time\" content=\"2019-09-26T17:53:49+00:00\" \/>\n<meta property=\"article:modified_time\" content=\"2019-09-27T14:58:11+00:00\" \/>\n<meta name=\"twitter:card\" content=\"summary\" \/>\n<meta name=\"twitter:label1\" content=\"Escrito por\" \/>\n\t<meta name=\"twitter:data1\" content=\"Evelyn Pineda\" \/>\n\t<meta name=\"twitter:label2\" content=\"Tiempo de lectura\" \/>\n\t<meta name=\"twitter:data2\" content=\"1 minuto\" \/>\n<script type=\"application\/ld+json\" class=\"yoast-schema-graph\">{\"@context\":\"https:\/\/schema.org\",\"@graph\":[{\"@type\":\"WebSite\",\"@id\":\"https:\/\/www.sporthiva.com\/#website\",\"url\":\"https:\/\/www.sporthiva.com\/\",\"name\":\"Sporthiva Online\",\"description\":\"Sporthiva Online\",\"potentialAction\":[{\"@type\":\"SearchAction\",\"target\":{\"@type\":\"EntryPoint\",\"urlTemplate\":\"https:\/\/www.sporthiva.com\/?s={search_term_string}\"},\"query-input\":\"required name=search_term_string\"}],\"inLanguage\":\"es\"},{\"@type\":\"WebPage\",\"@id\":\"http:\/\/www.sporthiva.com\/index.php\/2019\/09\/26\/neymar-esta-en-barcelona-para-su-juicio-contra-el-equipo-azulgrana\/#webpage\",\"url\":\"http:\/\/www.sporthiva.com\/index.php\/2019\/09\/26\/neymar-esta-en-barcelona-para-su-juicio-contra-el-equipo-azulgrana\/\",\"name\":\"Neymar est\\u00e1 en Barcelona para su juicio contra el equipo azulgrana - Sporthiva Online\",\"isPartOf\":{\"@id\":\"https:\/\/www.sporthiva.com\/#website\"},\"datePublished\":\"2019-09-26T17:53:49+00:00\",\"dateModified\":\"2019-09-27T14:58:11+00:00\",\"author\":{\"@id\":\"https:\/\/www.sporthiva.com\/#\/schema\/person\/551718db343e60bf7d707f9085b1e611\"},\"breadcrumb\":{\"@id\":\"http:\/\/www.sporthiva.com\/index.php\/2019\/09\/26\/neymar-esta-en-barcelona-para-su-juicio-contra-el-equipo-azulgrana\/#breadcrumb\"},\"inLanguage\":\"es\",\"potentialAction\":[{\"@type\":\"ReadAction\",\"target\":[\"http:\/\/www.sporthiva.com\/index.php\/2019\/09\/26\/neymar-esta-en-barcelona-para-su-juicio-contra-el-equipo-azulgrana\/\"]}]},{\"@type\":\"BreadcrumbList\",\"@id\":\"http:\/\/www.sporthiva.com\/index.php\/2019\/09\/26\/neymar-esta-en-barcelona-para-su-juicio-contra-el-equipo-azulgrana\/#breadcrumb\",\"itemListElement\":[{\"@type\":\"ListItem\",\"position\":1,\"name\":\"Portada\",\"item\":\"https:\/\/www.sporthiva.com\/\"},{\"@type\":\"ListItem\",\"position\":2,\"name\":\"Neymar est\\u00e1 en Barcelona para su juicio contra el equipo azulgrana\"}]},{\"@type\":\"Person\",\"@id\":\"https:\/\/www.sporthiva.com\/#\/schema\/person\/551718db343e60bf7d707f9085b1e611\",\"name\":\"Evelyn Pineda\",\"image\":{\"@type\":\"ImageObject\",\"@id\":\"https:\/\/www.sporthiva.com\/#personlogo\",\"inLanguage\":\"es\",\"url\":\"http:\/\/1.gravatar.com\/avatar\/73932ff8109aee94864b4504adf4d91e?s=96&d=mm&r=g\",\"contentUrl\":\"http:\/\/1.gravatar.com\/avatar\/73932ff8109aee94864b4504adf4d91e?s=96&d=mm&r=g\",\"caption\":\"Evelyn Pineda\"},\"sameAs\":[\"http:\/\/www.sporthiva.com\/\"],\"url\":\"http:\/\/www.sporthiva.com\/index.php\/author\/epineda\/\"}]}<\/script>\n<!-- \/ Yoast SEO plugin. -->","yoast_head_json":{"title":"Neymar est\u00e1 en Barcelona para su juicio contra el equipo azulgrana - Sporthiva Online","robots":{"index":"index","follow":"follow","max-snippet":"max-snippet:-1","max-image-preview":"max-image-preview:large","max-video-preview":"max-video-preview:-1"},"canonical":"http:\/\/www.sporthiva.com\/index.php\/2019\/09\/26\/neymar-esta-en-barcelona-para-su-juicio-contra-el-equipo-azulgrana\/","og_locale":"es_ES","og_type":"article","og_title":"Neymar est\u00e1 en Barcelona para su juicio contra el equipo azulgrana - Sporthiva Online","og_description":"El futbolista reclama cobrar la totalidad de la prima de renovaci\u00f3n que pact\u00f3 con el club Barcelona, Espa\u00f1a Neymar se encuentra en Barcelona y no es para firmar un nuevo contrato con el club azulgrana. El delantero del Par\u00eds Saint-Germain aterriz\u00f3 este jueves en la capital catalana en compa\u00f1\u00eda de su padre para testificar el&nbsp;Continuar leyendo","og_url":"http:\/\/www.sporthiva.com\/index.php\/2019\/09\/26\/neymar-esta-en-barcelona-para-su-juicio-contra-el-equipo-azulgrana\/","og_site_name":"Sporthiva Online","article_published_time":"2019-09-26T17:53:49+00:00","article_modified_time":"2019-09-27T14:58:11+00:00","twitter_card":"summary","twitter_misc":{"Escrito por":"Evelyn Pineda","Tiempo de lectura":"1 minuto"},"schema":{"@context":"https:\/\/schema.org","@graph":[{"@type":"WebSite","@id":"https:\/\/www.sporthiva.com\/#website","url":"https:\/\/www.sporthiva.com\/","name":"Sporthiva Online","description":"Sporthiva Online","potentialAction":[{"@type":"SearchAction","target":{"@type":"EntryPoint","urlTemplate":"https:\/\/www.sporthiva.com\/?s={search_term_string}"},"query-input":"required name=search_term_string"}],"inLanguage":"es"},{"@type":"WebPage","@id":"http:\/\/www.sporthiva.com\/index.php\/2019\/09\/26\/neymar-esta-en-barcelona-para-su-juicio-contra-el-equipo-azulgrana\/#webpage","url":"http:\/\/www.sporthiva.com\/index.php\/2019\/09\/26\/neymar-esta-en-barcelona-para-su-juicio-contra-el-equipo-azulgrana\/","name":"Neymar est\u00e1 en Barcelona para su juicio contra el equipo azulgrana - Sporthiva Online","isPartOf":{"@id":"https:\/\/www.sporthiva.com\/#website"},"datePublished":"2019-09-26T17:53:49+00:00","dateModified":"2019-09-27T14:58:11+00:00","author":{"@id":"https:\/\/www.sporthiva.com\/#\/schema\/person\/551718db343e60bf7d707f9085b1e611"},"breadcrumb":{"@id":"http:\/\/www.sporthiva.com\/index.php\/2019\/09\/26\/neymar-esta-en-barcelona-para-su-juicio-contra-el-equipo-azulgrana\/#breadcrumb"},"inLanguage":"es","potentialAction":[{"@type":"ReadAction","target":["http:\/\/www.sporthiva.com\/index.php\/2019\/09\/26\/neymar-esta-en-barcelona-para-su-juicio-contra-el-equipo-azulgrana\/"]}]},{"@type":"BreadcrumbList","@id":"http:\/\/www.sporthiva.com\/index.php\/2019\/09\/26\/neymar-esta-en-barcelona-para-su-juicio-contra-el-equipo-azulgrana\/#breadcrumb","itemListElement":[{"@type":"ListItem","position":1,"name":"Portada","item":"https:\/\/www.sporthiva.com\/"},{"@type":"ListItem","position":2,"name":"Neymar est\u00e1 en Barcelona para su juicio contra el equipo azulgrana"}]},{"@type":"Person","@id":"https:\/\/www.sporthiva.com\/#\/schema\/person\/551718db343e60bf7d707f9085b1e611","name":"Evelyn Pineda","image":{"@type":"ImageObject","@id":"https:\/\/www.sporthiva.com\/#personlogo","inLanguage":"es","url":"http:\/\/1.gravatar.com\/avatar\/73932ff8109aee94864b4504adf4d91e?s=96&d=mm&r=g","contentUrl":"http:\/\/1.gravatar.com\/avatar\/73932ff8109aee94864b4504adf4d91e?s=96&d=mm&r=g","caption":"Evelyn Pineda"},"sameAs":["http:\/\/www.sporthiva.com\/"],"url":"http:\/\/www.sporthiva.com\/index.php\/author\/epineda\/"}]}},"_links":{"self":[{"href":"http:\/\/www.sporthiva.com\/index.php\/wp-json\/wp\/v2\/posts\/72054"}],"collection":[{"href":"http:\/\/www.sporthiva.com\/index.php\/wp-json\/wp\/v2\/posts"}],"about":[{"href":"http:\/\/www.sporthiva.com\/index.php\/wp-json\/wp\/v2\/types\/post"}],"author":[{"embeddable":true,"href":"http:\/\/www.sporthiva.com\/index.php\/wp-json\/wp\/v2\/users\/7"}],"replies":[{"embeddable":true,"href":"http:\/\/www.sporthiva.com\/index.php\/wp-json\/wp\/v2\/comments?post=72054"}],"version-history":[{"count":2,"href":"http:\/\/www.sporthiva.com\/index.php\/wp-json\/wp\/v2\/posts\/72054\/revisions"}],"predecessor-version":[{"id":72057,"href":"http:\/\/www.sporthiva.com\/index.php\/wp-json\/wp\/v2\/posts\/72054\/revisions\/72057"}],"wp:attachment":[{"href":"http:\/\/www.sporthiva.com\/index.php\/wp-json\/wp\/v2\/media?parent=72054"}],"wp:term":[{"taxonomy":"category","embeddable":true,"href":"http:\/\/www.sporthiva.com\/index.php\/wp-json\/wp\/v2\/categories?post=72054"},{"taxonomy":"post_tag","embeddable":true,"href":"http:\/\/www.sporthiva.com\/index.php\/wp-json\/wp\/v2\/tags?post=72054"}],"curies":[{"name":"wp","href":"https:\/\/api.w.org\/{rel}","templated":true}]}}