{"id":77815,"date":"2020-03-16T19:09:57","date_gmt":"2020-03-17T01:09:57","guid":{"rendered":"http:\/\/www.sporthiva.com\/?p=77815"},"modified":"2020-03-16T19:09:57","modified_gmt":"2020-03-17T01:09:57","slug":"el-valencia-informa-nuevos-casos-de-coronavirus-en-su-plantel","status":"publish","type":"post","link":"http:\/\/www.sporthiva.com\/index.php\/2020\/03\/16\/el-valencia-informa-nuevos-casos-de-coronavirus-en-su-plantel\/","title":{"rendered":"El Valencia informa nuevos casos de coronavirus en su plantel"},"content":{"rendered":"<h4 class=\"Subtitulo\"><strong>El club no concreta el n\u00famero de contagiados pero considera clave en la infecci\u00f3n el viaje que el equipo hizo a Mil\u00e1n para disputar contra el Atalanta un partido de Champions<\/strong><\/h4>\n<p><strong>Espa\u00f1a<\/strong><\/p>\n<p>El Valencia ha informado de que se han producido nuevos casos de coronavirus entre t\u00e9cnicos y jugadores de su primer equipo y, aunque no ha concretado el n\u00famero, ha se\u00f1alado que todos son asintom\u00e1ticos y conllevan la permanencia de los afectados en sus domicilios.<\/p>\n<p>Todos ellos, a\u00f1ade, est\u00e1n sometidos a seguimiento m\u00e9dico y medidas de aislamiento y pueden realizar con normalidad el plan de trabajo programado.<\/p>\n<p><strong>Vea adem\u00e1s: <\/strong><a href=\"http:\/\/www.sporthiva.com\/index.php\/2020\/03\/16\/entrenador-del-flamengo-da-positivo-en-primera-prueba-de-covid-19\/\"><strong>Entrenador del Flamengo da positivo en primera prueba de Covid-19<\/strong><\/a><\/p>\n<p>Esta informaci\u00f3n se ha dado a conocer un d\u00eda despu\u00e9s de que el Valencia informara este domingo de que hab\u00eda detectado cinco casos positivos en el primer equipo, uno de ellos el de Ezequiel Garay, y de que m\u00e1s tarde se supiera que Eliaquim Mangala y Jos\u00e9 Luis Gay\u00e0 tambi\u00e9n estaban afectados.<\/p>\n<p>En el comunicado de este lunes, el Valencia indica que \u201ca pesar de las estrictas medidas adoptadas\u201d por el club tras la disputa el 19 de febrero del partido de la Liga de Campeones ante el Atalanta de B\u00e9rgamo en Mil\u00e1n, \u00e1rea confirmada de alto riesgo por las autoridades italianas d\u00edas despu\u00e9s, y del distanciamiento de la plantilla del entorno laboral y del p\u00fablico en general, \u201clos \u00faltimos resultados demuestran que la exposici\u00f3n inherente a los partidos ha provocado en torno al 35 por ciento de los casos positivos\u201d.<\/p>\n<p><strong>Le interesa tambi\u00e9n: <\/strong><a href=\"http:\/\/www.sporthiva.com\/index.php\/2020\/03\/16\/los-presidentes-de-las-federaciones-de-futbol-de-suiza-y-serbia-dan-positivo-en-coronavirus\/\"><strong>Los presidentes de las federaciones de f\u00fatbol de Suiza y Serbia dan positivo en coronavirus<\/strong><\/a><\/p>\n<p>\u00abEl Valencia CF aprovecha esta nueva prueba de alta contagiosidad del virus para insistir en que la poblaci\u00f3n se mantenga en sus domicilios y siga estrictamente todas las medidas de higiene y prevenci\u00f3n ya publicadas\u00bb, prosigue el comunicado del club de Mestalla.<\/p>\n<p>\u00abAsimismo, refuerza la confianza en nuestro sistema de salud y en las recomendaciones del Ministerio de Sanidad para aquellos casos leves de infecci\u00f3n por coronavirus que se encuentran en aislamiento domiciliario\u00bb, concluye.<\/p>\n","protected":false},"excerpt":{"rendered":"<p>El club no concreta el n\u00famero de contagiados pero considera clave en la infecci\u00f3n el viaje que el equipo hizo a Mil\u00e1n para disputar contra el Atalanta un partido de Champions Espa\u00f1a El Valencia ha informado de que se han producido nuevos casos de coronavirus entre t\u00e9cnicos y jugadores de su primer equipo y, aunque&nbsp;<\/p>\n<p><a class=\"btn btn-style\" href=\"http:\/\/www.sporthiva.com\/index.php\/2020\/03\/16\/el-valencia-informa-nuevos-casos-de-coronavirus-en-su-plantel\/\">Continuar leyendo<\/a><\/p>\n","protected":false},"author":7,"featured_media":77816,"comment_status":"open","ping_status":"open","sticky":false,"template":"","format":"standard","meta":{"qubely_global_settings":"","qubely_interactions":""},"categories":[563],"tags":[],"qubely_featured_image_url":{"full":["http:\/\/www.sporthiva.com\/wp-content\/uploads\/2020\/03\/Valencia.jpg",1280,853,false],"landscape":["http:\/\/www.sporthiva.com\/wp-content\/uploads\/2020\/03\/Valencia-1200x750.jpg",1200,750,true],"portraits":["http:\/\/www.sporthiva.com\/wp-content\/uploads\/2020\/03\/Valencia-540x320.jpg",540,320,true],"thumbnail":["http:\/\/www.sporthiva.com\/wp-content\/uploads\/2020\/03\/Valencia-150x150.jpg",150,150,true],"medium":["http:\/\/www.sporthiva.com\/wp-content\/uploads\/2020\/03\/Valencia-569x379.jpg",569,379,true],"medium_large":["http:\/\/www.sporthiva.com\/wp-content\/uploads\/2020\/03\/Valencia-768x512.jpg",768,512,true],"large":["http:\/\/www.sporthiva.com\/wp-content\/uploads\/2020\/03\/Valencia-1080x720.jpg",1080,720,true],"1536x1536":["http:\/\/www.sporthiva.com\/wp-content\/uploads\/2020\/03\/Valencia.jpg",1280,853,false],"2048x2048":["http:\/\/www.sporthiva.com\/wp-content\/uploads\/2020\/03\/Valencia.jpg",1280,853,false],"alm-thumbnail":["http:\/\/www.sporthiva.com\/wp-content\/uploads\/2020\/03\/Valencia-150x150.jpg",150,150,true],"qubely_landscape":["http:\/\/www.sporthiva.com\/wp-content\/uploads\/2020\/03\/Valencia-1200x750.jpg",1200,750,true],"qubely_portrait":["http:\/\/www.sporthiva.com\/wp-content\/uploads\/2020\/03\/Valencia-540x320.jpg",540,320,true],"qubely_thumbnail":["http:\/\/www.sporthiva.com\/wp-content\/uploads\/2020\/03\/Valencia-140x100.jpg",140,100,true],"sportspress-crop-medium":["http:\/\/www.sporthiva.com\/wp-content\/uploads\/2020\/03\/Valencia-300x300.jpg",300,300,true],"sportspress-fit-medium":["http:\/\/www.sporthiva.com\/wp-content\/uploads\/2020\/03\/Valencia-300x200.jpg",300,200,true],"sportspress-fit-icon":["http:\/\/www.sporthiva.com\/wp-content\/uploads\/2020\/03\/Valencia-128x85.jpg",128,85,true],"sportspress-fit-mini":["http:\/\/www.sporthiva.com\/wp-content\/uploads\/2020\/03\/Valencia-32x21.jpg",32,21,true],"heighlights":["http:\/\/www.sporthiva.com\/wp-content\/uploads\/2020\/03\/Valencia-460x500.jpg",460,500,true],"video-thumb":["http:\/\/www.sporthiva.com\/wp-content\/uploads\/2020\/03\/Valencia-360x235.jpg",360,235,true],"video-thumb2":["http:\/\/www.sporthiva.com\/wp-content\/uploads\/2020\/03\/Valencia-360x422.jpg",360,422,true],"blog-thumb":["http:\/\/www.sporthiva.com\/wp-content\/uploads\/2020\/03\/Valencia-175x150.jpg",175,150,true],"blog-medium":["http:\/\/www.sporthiva.com\/wp-content\/uploads\/2020\/03\/Valencia-750x350.jpg",750,350,true],"blog-full":["http:\/\/www.sporthiva.com\/wp-content\/uploads\/2020\/03\/Valencia-1140x550.jpg",1140,550,true],"popular-post":["http:\/\/www.sporthiva.com\/wp-content\/uploads\/2020\/03\/Valencia-560x510.jpg",560,510,true],"heighlights-post":["http:\/\/www.sporthiva.com\/wp-content\/uploads\/2020\/03\/Valencia-262x236.jpg",262,236,true],"player-thumb":["http:\/\/www.sporthiva.com\/wp-content\/uploads\/2020\/03\/Valencia-270x150.jpg",270,150,true],"wp_rp_thumbnail":["http:\/\/www.sporthiva.com\/wp-content\/uploads\/2020\/03\/Valencia-150x150.jpg",150,150,true]},"qubely_author":{"display_name":"Evelyn Pineda","author_link":"http:\/\/www.sporthiva.com\/index.php\/author\/epineda\/"},"qubely_comment":0,"qubely_category":"<a href=\"http:\/\/www.sporthiva.com\/index.php\/category\/internacionales\/\" rel=\"category tag\">Internacionales<\/a>","qubely_excerpt":"El club no concreta el n\u00famero de contagiados pero considera clave en la infecci\u00f3n el viaje que el equipo hizo a Mil\u00e1n para disputar contra el Atalanta un partido de Champions Espa\u00f1a El Valencia ha informado de que se han producido nuevos casos de coronavirus entre t\u00e9cnicos y jugadores de su primer equipo y, aunque&nbsp;Continuar&hellip;","yoast_head":"<!-- This site is optimized with the Yoast SEO plugin v17.8 - https:\/\/yoast.com\/wordpress\/plugins\/seo\/ -->\n<title>El Valencia informa nuevos casos de coronavirus en su plantel - Sporthiva Online<\/title>\n<meta name=\"robots\" content=\"index, follow, max-snippet:-1, max-image-preview:large, max-video-preview:-1\" \/>\n<link rel=\"canonical\" href=\"http:\/\/www.sporthiva.com\/index.php\/2020\/03\/16\/el-valencia-informa-nuevos-casos-de-coronavirus-en-su-plantel\/\" \/>\n<meta property=\"og:locale\" content=\"es_ES\" \/>\n<meta property=\"og:type\" content=\"article\" \/>\n<meta property=\"og:title\" content=\"El Valencia informa nuevos casos de coronavirus en su plantel - Sporthiva Online\" \/>\n<meta property=\"og:description\" content=\"El club no concreta el n\u00famero de contagiados pero considera clave en la infecci\u00f3n el viaje que el equipo hizo a Mil\u00e1n para disputar contra el Atalanta un partido de Champions Espa\u00f1a El Valencia ha informado de que se han producido nuevos casos de coronavirus entre t\u00e9cnicos y jugadores de su primer equipo y, aunque&nbsp;Continuar leyendo\" \/>\n<meta property=\"og:url\" content=\"http:\/\/www.sporthiva.com\/index.php\/2020\/03\/16\/el-valencia-informa-nuevos-casos-de-coronavirus-en-su-plantel\/\" \/>\n<meta property=\"og:site_name\" content=\"Sporthiva Online\" \/>\n<meta property=\"article:published_time\" content=\"2020-03-17T01:09:57+00:00\" \/>\n<meta property=\"og:image\" content=\"http:\/\/www.sporthiva.com\/wp-content\/uploads\/2020\/03\/Valencia.jpg\" \/>\n\t<meta property=\"og:image:width\" content=\"1280\" \/>\n\t<meta property=\"og:image:height\" content=\"853\" \/>\n<meta name=\"twitter:card\" content=\"summary\" \/>\n<meta name=\"twitter:label1\" content=\"Escrito por\" \/>\n\t<meta name=\"twitter:data1\" content=\"Evelyn Pineda\" \/>\n\t<meta name=\"twitter:label2\" content=\"Tiempo de lectura\" \/>\n\t<meta name=\"twitter:data2\" content=\"2 minutos\" \/>\n<script type=\"application\/ld+json\" class=\"yoast-schema-graph\">{\"@context\":\"https:\/\/schema.org\",\"@graph\":[{\"@type\":\"WebSite\",\"@id\":\"https:\/\/www.sporthiva.com\/#website\",\"url\":\"https:\/\/www.sporthiva.com\/\",\"name\":\"Sporthiva Online\",\"description\":\"Sporthiva Online\",\"potentialAction\":[{\"@type\":\"SearchAction\",\"target\":{\"@type\":\"EntryPoint\",\"urlTemplate\":\"https:\/\/www.sporthiva.com\/?s={search_term_string}\"},\"query-input\":\"required name=search_term_string\"}],\"inLanguage\":\"es\"},{\"@type\":\"ImageObject\",\"@id\":\"http:\/\/www.sporthiva.com\/index.php\/2020\/03\/16\/el-valencia-informa-nuevos-casos-de-coronavirus-en-su-plantel\/#primaryimage\",\"inLanguage\":\"es\",\"url\":\"http:\/\/www.sporthiva.com\/wp-content\/uploads\/2020\/03\/Valencia.jpg\",\"contentUrl\":\"http:\/\/www.sporthiva.com\/wp-content\/uploads\/2020\/03\/Valencia.jpg\",\"width\":1280,\"height\":853},{\"@type\":\"WebPage\",\"@id\":\"http:\/\/www.sporthiva.com\/index.php\/2020\/03\/16\/el-valencia-informa-nuevos-casos-de-coronavirus-en-su-plantel\/#webpage\",\"url\":\"http:\/\/www.sporthiva.com\/index.php\/2020\/03\/16\/el-valencia-informa-nuevos-casos-de-coronavirus-en-su-plantel\/\",\"name\":\"El Valencia informa nuevos casos de coronavirus en su plantel - Sporthiva Online\",\"isPartOf\":{\"@id\":\"https:\/\/www.sporthiva.com\/#website\"},\"primaryImageOfPage\":{\"@id\":\"http:\/\/www.sporthiva.com\/index.php\/2020\/03\/16\/el-valencia-informa-nuevos-casos-de-coronavirus-en-su-plantel\/#primaryimage\"},\"datePublished\":\"2020-03-17T01:09:57+00:00\",\"dateModified\":\"2020-03-17T01:09:57+00:00\",\"author\":{\"@id\":\"https:\/\/www.sporthiva.com\/#\/schema\/person\/551718db343e60bf7d707f9085b1e611\"},\"breadcrumb\":{\"@id\":\"http:\/\/www.sporthiva.com\/index.php\/2020\/03\/16\/el-valencia-informa-nuevos-casos-de-coronavirus-en-su-plantel\/#breadcrumb\"},\"inLanguage\":\"es\",\"potentialAction\":[{\"@type\":\"ReadAction\",\"target\":[\"http:\/\/www.sporthiva.com\/index.php\/2020\/03\/16\/el-valencia-informa-nuevos-casos-de-coronavirus-en-su-plantel\/\"]}]},{\"@type\":\"BreadcrumbList\",\"@id\":\"http:\/\/www.sporthiva.com\/index.php\/2020\/03\/16\/el-valencia-informa-nuevos-casos-de-coronavirus-en-su-plantel\/#breadcrumb\",\"itemListElement\":[{\"@type\":\"ListItem\",\"position\":1,\"name\":\"Portada\",\"item\":\"https:\/\/www.sporthiva.com\/\"},{\"@type\":\"ListItem\",\"position\":2,\"name\":\"El Valencia informa nuevos casos de coronavirus en su plantel\"}]},{\"@type\":\"Person\",\"@id\":\"https:\/\/www.sporthiva.com\/#\/schema\/person\/551718db343e60bf7d707f9085b1e611\",\"name\":\"Evelyn Pineda\",\"image\":{\"@type\":\"ImageObject\",\"@id\":\"https:\/\/www.sporthiva.com\/#personlogo\",\"inLanguage\":\"es\",\"url\":\"http:\/\/1.gravatar.com\/avatar\/73932ff8109aee94864b4504adf4d91e?s=96&d=mm&r=g\",\"contentUrl\":\"http:\/\/1.gravatar.com\/avatar\/73932ff8109aee94864b4504adf4d91e?s=96&d=mm&r=g\",\"caption\":\"Evelyn Pineda\"},\"sameAs\":[\"http:\/\/www.sporthiva.com\/\"],\"url\":\"http:\/\/www.sporthiva.com\/index.php\/author\/epineda\/\"}]}<\/script>\n<!-- \/ Yoast SEO plugin. -->","yoast_head_json":{"title":"El Valencia informa nuevos casos de coronavirus en su plantel - Sporthiva Online","robots":{"index":"index","follow":"follow","max-snippet":"max-snippet:-1","max-image-preview":"max-image-preview:large","max-video-preview":"max-video-preview:-1"},"canonical":"http:\/\/www.sporthiva.com\/index.php\/2020\/03\/16\/el-valencia-informa-nuevos-casos-de-coronavirus-en-su-plantel\/","og_locale":"es_ES","og_type":"article","og_title":"El Valencia informa nuevos casos de coronavirus en su plantel - Sporthiva Online","og_description":"El club no concreta el n\u00famero de contagiados pero considera clave en la infecci\u00f3n el viaje que el equipo hizo a Mil\u00e1n para disputar contra el Atalanta un partido de Champions Espa\u00f1a El Valencia ha informado de que se han producido nuevos casos de coronavirus entre t\u00e9cnicos y jugadores de su primer equipo y, aunque&nbsp;Continuar leyendo","og_url":"http:\/\/www.sporthiva.com\/index.php\/2020\/03\/16\/el-valencia-informa-nuevos-casos-de-coronavirus-en-su-plantel\/","og_site_name":"Sporthiva Online","article_published_time":"2020-03-17T01:09:57+00:00","og_image":[{"width":1280,"height":853,"url":"http:\/\/www.sporthiva.com\/wp-content\/uploads\/2020\/03\/Valencia.jpg","type":"image\/jpeg"}],"twitter_card":"summary","twitter_misc":{"Escrito por":"Evelyn Pineda","Tiempo de lectura":"2 minutos"},"schema":{"@context":"https:\/\/schema.org","@graph":[{"@type":"WebSite","@id":"https:\/\/www.sporthiva.com\/#website","url":"https:\/\/www.sporthiva.com\/","name":"Sporthiva Online","description":"Sporthiva Online","potentialAction":[{"@type":"SearchAction","target":{"@type":"EntryPoint","urlTemplate":"https:\/\/www.sporthiva.com\/?s={search_term_string}"},"query-input":"required name=search_term_string"}],"inLanguage":"es"},{"@type":"ImageObject","@id":"http:\/\/www.sporthiva.com\/index.php\/2020\/03\/16\/el-valencia-informa-nuevos-casos-de-coronavirus-en-su-plantel\/#primaryimage","inLanguage":"es","url":"http:\/\/www.sporthiva.com\/wp-content\/uploads\/2020\/03\/Valencia.jpg","contentUrl":"http:\/\/www.sporthiva.com\/wp-content\/uploads\/2020\/03\/Valencia.jpg","width":1280,"height":853},{"@type":"WebPage","@id":"http:\/\/www.sporthiva.com\/index.php\/2020\/03\/16\/el-valencia-informa-nuevos-casos-de-coronavirus-en-su-plantel\/#webpage","url":"http:\/\/www.sporthiva.com\/index.php\/2020\/03\/16\/el-valencia-informa-nuevos-casos-de-coronavirus-en-su-plantel\/","name":"El Valencia informa nuevos casos de coronavirus en su plantel - Sporthiva Online","isPartOf":{"@id":"https:\/\/www.sporthiva.com\/#website"},"primaryImageOfPage":{"@id":"http:\/\/www.sporthiva.com\/index.php\/2020\/03\/16\/el-valencia-informa-nuevos-casos-de-coronavirus-en-su-plantel\/#primaryimage"},"datePublished":"2020-03-17T01:09:57+00:00","dateModified":"2020-03-17T01:09:57+00:00","author":{"@id":"https:\/\/www.sporthiva.com\/#\/schema\/person\/551718db343e60bf7d707f9085b1e611"},"breadcrumb":{"@id":"http:\/\/www.sporthiva.com\/index.php\/2020\/03\/16\/el-valencia-informa-nuevos-casos-de-coronavirus-en-su-plantel\/#breadcrumb"},"inLanguage":"es","potentialAction":[{"@type":"ReadAction","target":["http:\/\/www.sporthiva.com\/index.php\/2020\/03\/16\/el-valencia-informa-nuevos-casos-de-coronavirus-en-su-plantel\/"]}]},{"@type":"BreadcrumbList","@id":"http:\/\/www.sporthiva.com\/index.php\/2020\/03\/16\/el-valencia-informa-nuevos-casos-de-coronavirus-en-su-plantel\/#breadcrumb","itemListElement":[{"@type":"ListItem","position":1,"name":"Portada","item":"https:\/\/www.sporthiva.com\/"},{"@type":"ListItem","position":2,"name":"El Valencia informa nuevos casos de coronavirus en su plantel"}]},{"@type":"Person","@id":"https:\/\/www.sporthiva.com\/#\/schema\/person\/551718db343e60bf7d707f9085b1e611","name":"Evelyn Pineda","image":{"@type":"ImageObject","@id":"https:\/\/www.sporthiva.com\/#personlogo","inLanguage":"es","url":"http:\/\/1.gravatar.com\/avatar\/73932ff8109aee94864b4504adf4d91e?s=96&d=mm&r=g","contentUrl":"http:\/\/1.gravatar.com\/avatar\/73932ff8109aee94864b4504adf4d91e?s=96&d=mm&r=g","caption":"Evelyn Pineda"},"sameAs":["http:\/\/www.sporthiva.com\/"],"url":"http:\/\/www.sporthiva.com\/index.php\/author\/epineda\/"}]}},"_links":{"self":[{"href":"http:\/\/www.sporthiva.com\/index.php\/wp-json\/wp\/v2\/posts\/77815"}],"collection":[{"href":"http:\/\/www.sporthiva.com\/index.php\/wp-json\/wp\/v2\/posts"}],"about":[{"href":"http:\/\/www.sporthiva.com\/index.php\/wp-json\/wp\/v2\/types\/post"}],"author":[{"embeddable":true,"href":"http:\/\/www.sporthiva.com\/index.php\/wp-json\/wp\/v2\/users\/7"}],"replies":[{"embeddable":true,"href":"http:\/\/www.sporthiva.com\/index.php\/wp-json\/wp\/v2\/comments?post=77815"}],"version-history":[{"count":2,"href":"http:\/\/www.sporthiva.com\/index.php\/wp-json\/wp\/v2\/posts\/77815\/revisions"}],"predecessor-version":[{"id":77818,"href":"http:\/\/www.sporthiva.com\/index.php\/wp-json\/wp\/v2\/posts\/77815\/revisions\/77818"}],"wp:featuredmedia":[{"embeddable":true,"href":"http:\/\/www.sporthiva.com\/index.php\/wp-json\/wp\/v2\/media\/77816"}],"wp:attachment":[{"href":"http:\/\/www.sporthiva.com\/index.php\/wp-json\/wp\/v2\/media?parent=77815"}],"wp:term":[{"taxonomy":"category","embeddable":true,"href":"http:\/\/www.sporthiva.com\/index.php\/wp-json\/wp\/v2\/categories?post=77815"},{"taxonomy":"post_tag","embeddable":true,"href":"http:\/\/www.sporthiva.com\/index.php\/wp-json\/wp\/v2\/tags?post=77815"}],"curies":[{"name":"wp","href":"https:\/\/api.w.org\/{rel}","templated":true}]}}