{"id":78082,"date":"2020-03-23T16:39:33","date_gmt":"2020-03-23T22:39:33","guid":{"rendered":"http:\/\/www.sporthiva.com\/?p=78082"},"modified":"2020-03-23T16:39:33","modified_gmt":"2020-03-23T22:39:33","slug":"el-entrenador-del-galatasaray-fatih-terim-da-positivo-por-coronavirus","status":"publish","type":"post","link":"http:\/\/www.sporthiva.com\/index.php\/2020\/03\/23\/el-entrenador-del-galatasaray-fatih-terim-da-positivo-por-coronavirus\/","title":{"rendered":"El entrenador del Galatasaray Fatih Terim da positivo por coronavirus"},"content":{"rendered":"<h3 class=\"subtitle\">Horas antes el club hab\u00eda informado que el vicepresidente del Galatasaray tambi\u00e9n estaba infectado<\/h3>\n<p><strong>Estambul<\/strong><\/p>\n<div class=\"content-body clearfix \">\n<div id=\"content-body-225-5006940\">\n<p>La leyenda del f\u00fatbol turco y entrenador del Galatasaray, Fatih Terim, anunci\u00f3 este lunes que ha dado positivo en una prueba para detectar el nuevo coronavirus.<\/p>\n<\/div>\n<\/div>\n<section class=\"content-continued-body clearfix \">\n<div id=\"content-body-226-5006940\">\n<p>\u00abLos resultados de la prueba realizada hoy muestran que he dado positivo por coronavirus. Estoy en el hospital, en buenas manos. No se preocupen. Dar\u00e9 noticias lo antes posible&#8230;\u00bb, escribi\u00f3 el entrenador en su cuenta de Twitter.<\/p>\n<p><strong>Vea adem\u00e1s: <\/strong><a href=\"http:\/\/www.sporthiva.com\/index.php\/2020\/03\/23\/el-coronavirus-de-sus-dirigentes-une-a-los-eternos-rivales-gremio-e-inter\/\"><strong>El coronavirus de sus dirigentes une a los eternos rivales Gremio e Inter<\/strong><\/a><\/p>\n<p>Conocido como el &#8216;Emperador&#8217; y antiguo seleccionador de Turqu\u00eda, Terim, de 66 a\u00f1os, ha dirigido al Galatasaray en cuatro etapas; 1996-2000, 2002-2004, 2011-2013 y desde diciembre de 2017.<\/p>\n<\/div>\n<\/section>\n<p>El club hab\u00eda confirmado horas antes en un comunicado que el vicepresidente del Galatasaray, Abdurrahim Albayrak, hab\u00eda dado positivo tambi\u00e9n en las pruebas por COVID-19.<\/p>\n<p>El Gobierno turco suspendi\u00f3 el pasado jueves todos los encuentros deportivos, una semana despu\u00e9s de ordenar que los partidos se jugasen sin espectadores. Hasta el momento Turqu\u00eda ha detectado 1.236 casos del nuevo coronavirus, con 30 personas fallecidas, seg\u00fan inform\u00f3 el ministerio de Sanidad el domingo.<\/p>\n<blockquote class=\"twitter-tweet\">\n<p dir=\"ltr\" lang=\"tr\">Bug\u00fcn yap\u0131lan test sonu\u00e7lar\u0131na g\u00f6re Corona Vir\u00fcs sonucum pozitif \u00e7\u0131km\u0131\u015ft\u0131r. Hastanede emin ellerdeyim. Merak etmeyin. En k\u0131sa zamanda haberle\u015fmek \u00fczere..<\/p>\n<p>\u2014 Fatih Terim (@fatihterim) <a href=\"https:\/\/twitter.com\/fatihterim\/status\/1242164379161964550?ref_src=twsrc%5Etfw\">March 23, 2020<\/a><\/p><\/blockquote>\n<p><script async src=\"https:\/\/platform.twitter.com\/widgets.js\" charset=\"utf-8\"><\/script><\/p>\n","protected":false},"excerpt":{"rendered":"<p>Horas antes el club hab\u00eda informado que el vicepresidente del Galatasaray tambi\u00e9n estaba infectado Estambul La leyenda del f\u00fatbol turco y entrenador del Galatasaray, Fatih Terim, anunci\u00f3 este lunes que ha dado positivo en una prueba para detectar el nuevo coronavirus. \u00abLos resultados de la prueba realizada hoy muestran que he dado positivo por coronavirus.&nbsp;<\/p>\n<p><a class=\"btn btn-style\" href=\"http:\/\/www.sporthiva.com\/index.php\/2020\/03\/23\/el-entrenador-del-galatasaray-fatih-terim-da-positivo-por-coronavirus\/\">Continuar leyendo<\/a><\/p>\n","protected":false},"author":7,"featured_media":78083,"comment_status":"open","ping_status":"open","sticky":false,"template":"","format":"standard","meta":{"qubely_global_settings":"","qubely_interactions":""},"categories":[563],"tags":[],"qubely_featured_image_url":{"full":["http:\/\/www.sporthiva.com\/wp-content\/uploads\/2020\/03\/Galatasaray.jpg",1300,751,false],"landscape":["http:\/\/www.sporthiva.com\/wp-content\/uploads\/2020\/03\/Galatasaray-1200x750.jpg",1200,750,true],"portraits":["http:\/\/www.sporthiva.com\/wp-content\/uploads\/2020\/03\/Galatasaray-540x320.jpg",540,320,true],"thumbnail":["http:\/\/www.sporthiva.com\/wp-content\/uploads\/2020\/03\/Galatasaray-150x150.jpg",150,150,true],"medium":["http:\/\/www.sporthiva.com\/wp-content\/uploads\/2020\/03\/Galatasaray-656x379.jpg",656,379,true],"medium_large":["http:\/\/www.sporthiva.com\/wp-content\/uploads\/2020\/03\/Galatasaray-768x444.jpg",768,444,true],"large":["http:\/\/www.sporthiva.com\/wp-content\/uploads\/2020\/03\/Galatasaray-1246x720.jpg",1246,720,true],"1536x1536":["http:\/\/www.sporthiva.com\/wp-content\/uploads\/2020\/03\/Galatasaray.jpg",1300,751,false],"2048x2048":["http:\/\/www.sporthiva.com\/wp-content\/uploads\/2020\/03\/Galatasaray.jpg",1300,751,false],"alm-thumbnail":["http:\/\/www.sporthiva.com\/wp-content\/uploads\/2020\/03\/Galatasaray-150x150.jpg",150,150,true],"qubely_landscape":["http:\/\/www.sporthiva.com\/wp-content\/uploads\/2020\/03\/Galatasaray-1200x750.jpg",1200,750,true],"qubely_portrait":["http:\/\/www.sporthiva.com\/wp-content\/uploads\/2020\/03\/Galatasaray-540x320.jpg",540,320,true],"qubely_thumbnail":["http:\/\/www.sporthiva.com\/wp-content\/uploads\/2020\/03\/Galatasaray-140x100.jpg",140,100,true],"sportspress-crop-medium":["http:\/\/www.sporthiva.com\/wp-content\/uploads\/2020\/03\/Galatasaray-300x300.jpg",300,300,true],"sportspress-fit-medium":["http:\/\/www.sporthiva.com\/wp-content\/uploads\/2020\/03\/Galatasaray-300x173.jpg",300,173,true],"sportspress-fit-icon":["http:\/\/www.sporthiva.com\/wp-content\/uploads\/2020\/03\/Galatasaray-128x74.jpg",128,74,true],"sportspress-fit-mini":["http:\/\/www.sporthiva.com\/wp-content\/uploads\/2020\/03\/Galatasaray-32x18.jpg",32,18,true],"heighlights":["http:\/\/www.sporthiva.com\/wp-content\/uploads\/2020\/03\/Galatasaray-460x500.jpg",460,500,true],"video-thumb":["http:\/\/www.sporthiva.com\/wp-content\/uploads\/2020\/03\/Galatasaray-360x235.jpg",360,235,true],"video-thumb2":["http:\/\/www.sporthiva.com\/wp-content\/uploads\/2020\/03\/Galatasaray-360x422.jpg",360,422,true],"blog-thumb":["http:\/\/www.sporthiva.com\/wp-content\/uploads\/2020\/03\/Galatasaray-175x150.jpg",175,150,true],"blog-medium":["http:\/\/www.sporthiva.com\/wp-content\/uploads\/2020\/03\/Galatasaray-750x350.jpg",750,350,true],"blog-full":["http:\/\/www.sporthiva.com\/wp-content\/uploads\/2020\/03\/Galatasaray-1140x550.jpg",1140,550,true],"popular-post":["http:\/\/www.sporthiva.com\/wp-content\/uploads\/2020\/03\/Galatasaray-560x510.jpg",560,510,true],"heighlights-post":["http:\/\/www.sporthiva.com\/wp-content\/uploads\/2020\/03\/Galatasaray-262x236.jpg",262,236,true],"player-thumb":["http:\/\/www.sporthiva.com\/wp-content\/uploads\/2020\/03\/Galatasaray-270x150.jpg",270,150,true],"wp_rp_thumbnail":["http:\/\/www.sporthiva.com\/wp-content\/uploads\/2020\/03\/Galatasaray-150x150.jpg",150,150,true]},"qubely_author":{"display_name":"Evelyn Pineda","author_link":"http:\/\/www.sporthiva.com\/index.php\/author\/epineda\/"},"qubely_comment":0,"qubely_category":"<a href=\"http:\/\/www.sporthiva.com\/index.php\/category\/internacionales\/\" rel=\"category tag\">Internacionales<\/a>","qubely_excerpt":"Horas antes el club hab\u00eda informado que el vicepresidente del Galatasaray tambi\u00e9n estaba infectado Estambul La leyenda del f\u00fatbol turco y entrenador del Galatasaray, Fatih Terim, anunci\u00f3 este lunes que ha dado positivo en una prueba para detectar el nuevo coronavirus. \u00abLos resultados de la prueba realizada hoy muestran que he dado positivo por coronavirus.&nbsp;Continuar&hellip;","yoast_head":"<!-- This site is optimized with the Yoast SEO plugin v17.8 - https:\/\/yoast.com\/wordpress\/plugins\/seo\/ -->\n<title>El entrenador del Galatasaray Fatih Terim da positivo por coronavirus - Sporthiva Online<\/title>\n<meta name=\"robots\" content=\"index, follow, max-snippet:-1, max-image-preview:large, max-video-preview:-1\" \/>\n<link rel=\"canonical\" href=\"http:\/\/www.sporthiva.com\/index.php\/2020\/03\/23\/el-entrenador-del-galatasaray-fatih-terim-da-positivo-por-coronavirus\/\" \/>\n<meta property=\"og:locale\" content=\"es_ES\" \/>\n<meta property=\"og:type\" content=\"article\" \/>\n<meta property=\"og:title\" content=\"El entrenador del Galatasaray Fatih Terim da positivo por coronavirus - Sporthiva Online\" \/>\n<meta property=\"og:description\" content=\"Horas antes el club hab\u00eda informado que el vicepresidente del Galatasaray tambi\u00e9n estaba infectado Estambul La leyenda del f\u00fatbol turco y entrenador del Galatasaray, Fatih Terim, anunci\u00f3 este lunes que ha dado positivo en una prueba para detectar el nuevo coronavirus. \u00abLos resultados de la prueba realizada hoy muestran que he dado positivo por coronavirus.&nbsp;Continuar leyendo\" \/>\n<meta property=\"og:url\" content=\"http:\/\/www.sporthiva.com\/index.php\/2020\/03\/23\/el-entrenador-del-galatasaray-fatih-terim-da-positivo-por-coronavirus\/\" \/>\n<meta property=\"og:site_name\" content=\"Sporthiva Online\" \/>\n<meta property=\"article:published_time\" content=\"2020-03-23T22:39:33+00:00\" \/>\n<meta property=\"og:image\" content=\"http:\/\/www.sporthiva.com\/wp-content\/uploads\/2020\/03\/Galatasaray.jpg\" \/>\n\t<meta property=\"og:image:width\" content=\"1300\" \/>\n\t<meta property=\"og:image:height\" content=\"751\" \/>\n<meta name=\"twitter:card\" content=\"summary\" \/>\n<meta name=\"twitter:label1\" content=\"Escrito por\" \/>\n\t<meta name=\"twitter:data1\" content=\"Evelyn Pineda\" \/>\n\t<meta name=\"twitter:label2\" content=\"Tiempo de lectura\" \/>\n\t<meta name=\"twitter:data2\" content=\"1 minuto\" \/>\n<script type=\"application\/ld+json\" class=\"yoast-schema-graph\">{\"@context\":\"https:\/\/schema.org\",\"@graph\":[{\"@type\":\"WebSite\",\"@id\":\"https:\/\/www.sporthiva.com\/#website\",\"url\":\"https:\/\/www.sporthiva.com\/\",\"name\":\"Sporthiva Online\",\"description\":\"Sporthiva Online\",\"potentialAction\":[{\"@type\":\"SearchAction\",\"target\":{\"@type\":\"EntryPoint\",\"urlTemplate\":\"https:\/\/www.sporthiva.com\/?s={search_term_string}\"},\"query-input\":\"required name=search_term_string\"}],\"inLanguage\":\"es\"},{\"@type\":\"ImageObject\",\"@id\":\"http:\/\/www.sporthiva.com\/index.php\/2020\/03\/23\/el-entrenador-del-galatasaray-fatih-terim-da-positivo-por-coronavirus\/#primaryimage\",\"inLanguage\":\"es\",\"url\":\"http:\/\/www.sporthiva.com\/wp-content\/uploads\/2020\/03\/Galatasaray.jpg\",\"contentUrl\":\"http:\/\/www.sporthiva.com\/wp-content\/uploads\/2020\/03\/Galatasaray.jpg\",\"width\":1300,\"height\":751},{\"@type\":\"WebPage\",\"@id\":\"http:\/\/www.sporthiva.com\/index.php\/2020\/03\/23\/el-entrenador-del-galatasaray-fatih-terim-da-positivo-por-coronavirus\/#webpage\",\"url\":\"http:\/\/www.sporthiva.com\/index.php\/2020\/03\/23\/el-entrenador-del-galatasaray-fatih-terim-da-positivo-por-coronavirus\/\",\"name\":\"El entrenador del Galatasaray Fatih Terim da positivo por coronavirus - Sporthiva Online\",\"isPartOf\":{\"@id\":\"https:\/\/www.sporthiva.com\/#website\"},\"primaryImageOfPage\":{\"@id\":\"http:\/\/www.sporthiva.com\/index.php\/2020\/03\/23\/el-entrenador-del-galatasaray-fatih-terim-da-positivo-por-coronavirus\/#primaryimage\"},\"datePublished\":\"2020-03-23T22:39:33+00:00\",\"dateModified\":\"2020-03-23T22:39:33+00:00\",\"author\":{\"@id\":\"https:\/\/www.sporthiva.com\/#\/schema\/person\/551718db343e60bf7d707f9085b1e611\"},\"breadcrumb\":{\"@id\":\"http:\/\/www.sporthiva.com\/index.php\/2020\/03\/23\/el-entrenador-del-galatasaray-fatih-terim-da-positivo-por-coronavirus\/#breadcrumb\"},\"inLanguage\":\"es\",\"potentialAction\":[{\"@type\":\"ReadAction\",\"target\":[\"http:\/\/www.sporthiva.com\/index.php\/2020\/03\/23\/el-entrenador-del-galatasaray-fatih-terim-da-positivo-por-coronavirus\/\"]}]},{\"@type\":\"BreadcrumbList\",\"@id\":\"http:\/\/www.sporthiva.com\/index.php\/2020\/03\/23\/el-entrenador-del-galatasaray-fatih-terim-da-positivo-por-coronavirus\/#breadcrumb\",\"itemListElement\":[{\"@type\":\"ListItem\",\"position\":1,\"name\":\"Portada\",\"item\":\"https:\/\/www.sporthiva.com\/\"},{\"@type\":\"ListItem\",\"position\":2,\"name\":\"El entrenador del Galatasaray Fatih Terim da positivo por coronavirus\"}]},{\"@type\":\"Person\",\"@id\":\"https:\/\/www.sporthiva.com\/#\/schema\/person\/551718db343e60bf7d707f9085b1e611\",\"name\":\"Evelyn Pineda\",\"image\":{\"@type\":\"ImageObject\",\"@id\":\"https:\/\/www.sporthiva.com\/#personlogo\",\"inLanguage\":\"es\",\"url\":\"http:\/\/1.gravatar.com\/avatar\/73932ff8109aee94864b4504adf4d91e?s=96&d=mm&r=g\",\"contentUrl\":\"http:\/\/1.gravatar.com\/avatar\/73932ff8109aee94864b4504adf4d91e?s=96&d=mm&r=g\",\"caption\":\"Evelyn Pineda\"},\"sameAs\":[\"http:\/\/www.sporthiva.com\/\"],\"url\":\"http:\/\/www.sporthiva.com\/index.php\/author\/epineda\/\"}]}<\/script>\n<!-- \/ Yoast SEO plugin. -->","yoast_head_json":{"title":"El entrenador del Galatasaray Fatih Terim da positivo por coronavirus - Sporthiva Online","robots":{"index":"index","follow":"follow","max-snippet":"max-snippet:-1","max-image-preview":"max-image-preview:large","max-video-preview":"max-video-preview:-1"},"canonical":"http:\/\/www.sporthiva.com\/index.php\/2020\/03\/23\/el-entrenador-del-galatasaray-fatih-terim-da-positivo-por-coronavirus\/","og_locale":"es_ES","og_type":"article","og_title":"El entrenador del Galatasaray Fatih Terim da positivo por coronavirus - Sporthiva Online","og_description":"Horas antes el club hab\u00eda informado que el vicepresidente del Galatasaray tambi\u00e9n estaba infectado Estambul La leyenda del f\u00fatbol turco y entrenador del Galatasaray, Fatih Terim, anunci\u00f3 este lunes que ha dado positivo en una prueba para detectar el nuevo coronavirus. \u00abLos resultados de la prueba realizada hoy muestran que he dado positivo por coronavirus.&nbsp;Continuar leyendo","og_url":"http:\/\/www.sporthiva.com\/index.php\/2020\/03\/23\/el-entrenador-del-galatasaray-fatih-terim-da-positivo-por-coronavirus\/","og_site_name":"Sporthiva Online","article_published_time":"2020-03-23T22:39:33+00:00","og_image":[{"width":1300,"height":751,"url":"http:\/\/www.sporthiva.com\/wp-content\/uploads\/2020\/03\/Galatasaray.jpg","type":"image\/jpeg"}],"twitter_card":"summary","twitter_misc":{"Escrito por":"Evelyn Pineda","Tiempo de lectura":"1 minuto"},"schema":{"@context":"https:\/\/schema.org","@graph":[{"@type":"WebSite","@id":"https:\/\/www.sporthiva.com\/#website","url":"https:\/\/www.sporthiva.com\/","name":"Sporthiva Online","description":"Sporthiva Online","potentialAction":[{"@type":"SearchAction","target":{"@type":"EntryPoint","urlTemplate":"https:\/\/www.sporthiva.com\/?s={search_term_string}"},"query-input":"required name=search_term_string"}],"inLanguage":"es"},{"@type":"ImageObject","@id":"http:\/\/www.sporthiva.com\/index.php\/2020\/03\/23\/el-entrenador-del-galatasaray-fatih-terim-da-positivo-por-coronavirus\/#primaryimage","inLanguage":"es","url":"http:\/\/www.sporthiva.com\/wp-content\/uploads\/2020\/03\/Galatasaray.jpg","contentUrl":"http:\/\/www.sporthiva.com\/wp-content\/uploads\/2020\/03\/Galatasaray.jpg","width":1300,"height":751},{"@type":"WebPage","@id":"http:\/\/www.sporthiva.com\/index.php\/2020\/03\/23\/el-entrenador-del-galatasaray-fatih-terim-da-positivo-por-coronavirus\/#webpage","url":"http:\/\/www.sporthiva.com\/index.php\/2020\/03\/23\/el-entrenador-del-galatasaray-fatih-terim-da-positivo-por-coronavirus\/","name":"El entrenador del Galatasaray Fatih Terim da positivo por coronavirus - Sporthiva Online","isPartOf":{"@id":"https:\/\/www.sporthiva.com\/#website"},"primaryImageOfPage":{"@id":"http:\/\/www.sporthiva.com\/index.php\/2020\/03\/23\/el-entrenador-del-galatasaray-fatih-terim-da-positivo-por-coronavirus\/#primaryimage"},"datePublished":"2020-03-23T22:39:33+00:00","dateModified":"2020-03-23T22:39:33+00:00","author":{"@id":"https:\/\/www.sporthiva.com\/#\/schema\/person\/551718db343e60bf7d707f9085b1e611"},"breadcrumb":{"@id":"http:\/\/www.sporthiva.com\/index.php\/2020\/03\/23\/el-entrenador-del-galatasaray-fatih-terim-da-positivo-por-coronavirus\/#breadcrumb"},"inLanguage":"es","potentialAction":[{"@type":"ReadAction","target":["http:\/\/www.sporthiva.com\/index.php\/2020\/03\/23\/el-entrenador-del-galatasaray-fatih-terim-da-positivo-por-coronavirus\/"]}]},{"@type":"BreadcrumbList","@id":"http:\/\/www.sporthiva.com\/index.php\/2020\/03\/23\/el-entrenador-del-galatasaray-fatih-terim-da-positivo-por-coronavirus\/#breadcrumb","itemListElement":[{"@type":"ListItem","position":1,"name":"Portada","item":"https:\/\/www.sporthiva.com\/"},{"@type":"ListItem","position":2,"name":"El entrenador del Galatasaray Fatih Terim da positivo por coronavirus"}]},{"@type":"Person","@id":"https:\/\/www.sporthiva.com\/#\/schema\/person\/551718db343e60bf7d707f9085b1e611","name":"Evelyn Pineda","image":{"@type":"ImageObject","@id":"https:\/\/www.sporthiva.com\/#personlogo","inLanguage":"es","url":"http:\/\/1.gravatar.com\/avatar\/73932ff8109aee94864b4504adf4d91e?s=96&d=mm&r=g","contentUrl":"http:\/\/1.gravatar.com\/avatar\/73932ff8109aee94864b4504adf4d91e?s=96&d=mm&r=g","caption":"Evelyn Pineda"},"sameAs":["http:\/\/www.sporthiva.com\/"],"url":"http:\/\/www.sporthiva.com\/index.php\/author\/epineda\/"}]}},"_links":{"self":[{"href":"http:\/\/www.sporthiva.com\/index.php\/wp-json\/wp\/v2\/posts\/78082"}],"collection":[{"href":"http:\/\/www.sporthiva.com\/index.php\/wp-json\/wp\/v2\/posts"}],"about":[{"href":"http:\/\/www.sporthiva.com\/index.php\/wp-json\/wp\/v2\/types\/post"}],"author":[{"embeddable":true,"href":"http:\/\/www.sporthiva.com\/index.php\/wp-json\/wp\/v2\/users\/7"}],"replies":[{"embeddable":true,"href":"http:\/\/www.sporthiva.com\/index.php\/wp-json\/wp\/v2\/comments?post=78082"}],"version-history":[{"count":1,"href":"http:\/\/www.sporthiva.com\/index.php\/wp-json\/wp\/v2\/posts\/78082\/revisions"}],"predecessor-version":[{"id":78084,"href":"http:\/\/www.sporthiva.com\/index.php\/wp-json\/wp\/v2\/posts\/78082\/revisions\/78084"}],"wp:featuredmedia":[{"embeddable":true,"href":"http:\/\/www.sporthiva.com\/index.php\/wp-json\/wp\/v2\/media\/78083"}],"wp:attachment":[{"href":"http:\/\/www.sporthiva.com\/index.php\/wp-json\/wp\/v2\/media?parent=78082"}],"wp:term":[{"taxonomy":"category","embeddable":true,"href":"http:\/\/www.sporthiva.com\/index.php\/wp-json\/wp\/v2\/categories?post=78082"},{"taxonomy":"post_tag","embeddable":true,"href":"http:\/\/www.sporthiva.com\/index.php\/wp-json\/wp\/v2\/tags?post=78082"}],"curies":[{"name":"wp","href":"https:\/\/api.w.org\/{rel}","templated":true}]}}