{"id":78273,"date":"2020-03-28T11:24:56","date_gmt":"2020-03-28T17:24:56","guid":{"rendered":"http:\/\/www.sporthiva.com\/?p=78273"},"modified":"2020-03-28T12:02:21","modified_gmt":"2020-03-28T18:02:21","slug":"se-cumplen-dos-anos-de-la-muerte-de-santiago-vergara-exfutbolista-de-motagua","status":"publish","type":"post","link":"http:\/\/www.sporthiva.com\/index.php\/2020\/03\/28\/se-cumplen-dos-anos-de-la-muerte-de-santiago-vergara-exfutbolista-de-motagua\/","title":{"rendered":"Se cumplen dos a\u00f1os de la muerte de Santiago Vergara, exfutbolista de Motagua"},"content":{"rendered":"<h4><strong>El 28 de marzo de 2018, el equipo azul confirm\u00f3 el deceso del futbolista argentino tras una larga lucha contra la leucemia<\/strong><\/h4>\n<p><strong>Tegucigalpa, Honduras<\/strong><\/p>\n<p>Han transcurrido dos a\u00f1os desde aquel mi\u00e9rcoles 28 de marzo de 2018 donde el F\u00fatbol Club Motagua anunci\u00f3 a trav\u00e9s de sus redes sociales que el mediocampista argentino Santiago Vergara perd\u00eda la lucha contra la pancitopenia, enfermedad que atac\u00f3 su m\u00e9dula \u00f3sea y relacionada con la leucemia.<\/p>\n<p>Vergara, en ese entonces ten\u00eda 26 a\u00f1os y no jugaba desde el 4 de marzo de 2017 en el empate 2-2 ante Honduras Progreso y donde disput\u00f3 todo el partido. A partir de esa fecha el jugador se retir\u00f3 del f\u00fatbol para dedicarse a luchar por su vida.<\/p>\n<p><strong>Vea adem\u00e1s: <\/strong><a href=\"http:\/\/www.sporthiva.com\/index.php\/2020\/03\/27\/olimpia-y-motagua-cambian-logo-por-coronavirus\/\"><strong>Olimpia y Motagua cambian logo por coronavirus<\/strong><\/a><\/p>\n<p>El 13 de abril viaj\u00f3 a Espa\u00f1a para someterse a un tratamiento. En ese pa\u00eds europeo estuvo tres meses donde fue operado en septiembre de un trasplante de m\u00e9dula donado por su madre.<\/p>\n<p>En diciembre de 2017 cuando se encontraba en su natal Neuqu\u00e9n, Argentina, se dio la noticia de que Vergara hab\u00eda vencido la enfermedad y que podr\u00eda volver a jugar. Sorpresivamente recay\u00f3 en febrero y el 28 de marzo de 2018 muri\u00f3.<\/p>\n<p><strong>Le interesa tambi\u00e9n: <\/strong><a href=\"http:\/\/www.sporthiva.com\/index.php\/2020\/03\/26\/murio-zoca-el-hermano-menor-de-pele\/\"><strong>Muri\u00f3 Zoca, el hermano menor de Pel\u00e9<\/strong><\/a><\/p>\n<p>Vergara lleg\u00f3 a Motagua el 22 de junio de 2015 gan\u00e1ndose r\u00e1pidamente el cari\u00f1o de la afici\u00f3n azul al conquistar el torneo Apertura 2016 y Clausura 2017. En el 2016 fue elegido el mejor jugador extranjero de Honduras y uno de sus goles fue seleccionado como el mejor del a\u00f1o. Fue justamente el que le marc\u00f3 a Platense en la final en el Estadio Nacional que signific\u00f3 el campeonato del equipo dirigido por Diego V\u00e1zquez.<\/p>\n","protected":false},"excerpt":{"rendered":"<p>El 28 de marzo de 2018, el equipo azul confirm\u00f3 el deceso del futbolista argentino tras una larga lucha contra la leucemia Tegucigalpa, Honduras Han transcurrido dos a\u00f1os desde aquel mi\u00e9rcoles 28 de marzo de 2018 donde el F\u00fatbol Club Motagua anunci\u00f3 a trav\u00e9s de sus redes sociales que el mediocampista argentino Santiago Vergara perd\u00eda&nbsp;<\/p>\n<p><a class=\"btn btn-style\" href=\"http:\/\/www.sporthiva.com\/index.php\/2020\/03\/28\/se-cumplen-dos-anos-de-la-muerte-de-santiago-vergara-exfutbolista-de-motagua\/\">Continuar leyendo<\/a><\/p>\n","protected":false},"author":7,"featured_media":78276,"comment_status":"open","ping_status":"open","sticky":false,"template":"","format":"standard","meta":{"qubely_global_settings":"","qubely_interactions":""},"categories":[565],"tags":[702],"qubely_featured_image_url":{"full":["http:\/\/www.sporthiva.com\/wp-content\/uploads\/2020\/03\/Santiago-Vergara.jpg",1200,675,false],"landscape":["http:\/\/www.sporthiva.com\/wp-content\/uploads\/2020\/03\/Santiago-Vergara-1200x675.jpg",1200,675,true],"portraits":["http:\/\/www.sporthiva.com\/wp-content\/uploads\/2020\/03\/Santiago-Vergara-540x320.jpg",540,320,true],"thumbnail":["http:\/\/www.sporthiva.com\/wp-content\/uploads\/2020\/03\/Santiago-Vergara-150x150.jpg",150,150,true],"medium":["http:\/\/www.sporthiva.com\/wp-content\/uploads\/2020\/03\/Santiago-Vergara-675x379.jpg",675,379,true],"medium_large":["http:\/\/www.sporthiva.com\/wp-content\/uploads\/2020\/03\/Santiago-Vergara-768x432.jpg",768,432,true],"large":["http:\/\/www.sporthiva.com\/wp-content\/uploads\/2020\/03\/Santiago-Vergara.jpg",1200,675,false],"1536x1536":["http:\/\/www.sporthiva.com\/wp-content\/uploads\/2020\/03\/Santiago-Vergara.jpg",1200,675,false],"2048x2048":["http:\/\/www.sporthiva.com\/wp-content\/uploads\/2020\/03\/Santiago-Vergara.jpg",1200,675,false],"alm-thumbnail":["http:\/\/www.sporthiva.com\/wp-content\/uploads\/2020\/03\/Santiago-Vergara-150x150.jpg",150,150,true],"qubely_landscape":["http:\/\/www.sporthiva.com\/wp-content\/uploads\/2020\/03\/Santiago-Vergara-1200x675.jpg",1200,675,true],"qubely_portrait":["http:\/\/www.sporthiva.com\/wp-content\/uploads\/2020\/03\/Santiago-Vergara-540x320.jpg",540,320,true],"qubely_thumbnail":["http:\/\/www.sporthiva.com\/wp-content\/uploads\/2020\/03\/Santiago-Vergara-140x100.jpg",140,100,true],"sportspress-crop-medium":["http:\/\/www.sporthiva.com\/wp-content\/uploads\/2020\/03\/Santiago-Vergara-300x300.jpg",300,300,true],"sportspress-fit-medium":["http:\/\/www.sporthiva.com\/wp-content\/uploads\/2020\/03\/Santiago-Vergara-300x169.jpg",300,169,true],"sportspress-fit-icon":["http:\/\/www.sporthiva.com\/wp-content\/uploads\/2020\/03\/Santiago-Vergara-128x72.jpg",128,72,true],"sportspress-fit-mini":["http:\/\/www.sporthiva.com\/wp-content\/uploads\/2020\/03\/Santiago-Vergara-32x18.jpg",32,18,true],"heighlights":["http:\/\/www.sporthiva.com\/wp-content\/uploads\/2020\/03\/Santiago-Vergara-460x500.jpg",460,500,true],"video-thumb":["http:\/\/www.sporthiva.com\/wp-content\/uploads\/2020\/03\/Santiago-Vergara-360x235.jpg",360,235,true],"video-thumb2":["http:\/\/www.sporthiva.com\/wp-content\/uploads\/2020\/03\/Santiago-Vergara-360x422.jpg",360,422,true],"blog-thumb":["http:\/\/www.sporthiva.com\/wp-content\/uploads\/2020\/03\/Santiago-Vergara-175x150.jpg",175,150,true],"blog-medium":["http:\/\/www.sporthiva.com\/wp-content\/uploads\/2020\/03\/Santiago-Vergara-750x350.jpg",750,350,true],"blog-full":["http:\/\/www.sporthiva.com\/wp-content\/uploads\/2020\/03\/Santiago-Vergara-1140x550.jpg",1140,550,true],"popular-post":["http:\/\/www.sporthiva.com\/wp-content\/uploads\/2020\/03\/Santiago-Vergara-560x510.jpg",560,510,true],"heighlights-post":["http:\/\/www.sporthiva.com\/wp-content\/uploads\/2020\/03\/Santiago-Vergara-262x236.jpg",262,236,true],"player-thumb":["http:\/\/www.sporthiva.com\/wp-content\/uploads\/2020\/03\/Santiago-Vergara-270x150.jpg",270,150,true],"wp_rp_thumbnail":["http:\/\/www.sporthiva.com\/wp-content\/uploads\/2020\/03\/Santiago-Vergara-150x150.jpg",150,150,true]},"qubely_author":{"display_name":"Evelyn Pineda","author_link":"http:\/\/www.sporthiva.com\/index.php\/author\/epineda\/"},"qubely_comment":0,"qubely_category":"<a href=\"http:\/\/www.sporthiva.com\/index.php\/category\/liga-nacional\/\" rel=\"category tag\">Liga nacional<\/a>","qubely_excerpt":"El 28 de marzo de 2018, el equipo azul confirm\u00f3 el deceso del futbolista argentino tras una larga lucha contra la leucemia Tegucigalpa, Honduras Han transcurrido dos a\u00f1os desde aquel mi\u00e9rcoles 28 de marzo de 2018 donde el F\u00fatbol Club Motagua anunci\u00f3 a trav\u00e9s de sus redes sociales que el mediocampista argentino Santiago Vergara perd\u00eda&nbsp;Continuar&hellip;","yoast_head":"<!-- This site is optimized with the Yoast SEO plugin v17.8 - https:\/\/yoast.com\/wordpress\/plugins\/seo\/ -->\n<title>Se cumplen dos a\u00f1os de la muerte de Santiago Vergara, exfutbolista de Motagua - Sporthiva Online<\/title>\n<meta name=\"robots\" content=\"index, follow, max-snippet:-1, max-image-preview:large, max-video-preview:-1\" \/>\n<link rel=\"canonical\" href=\"http:\/\/www.sporthiva.com\/index.php\/2020\/03\/28\/se-cumplen-dos-anos-de-la-muerte-de-santiago-vergara-exfutbolista-de-motagua\/\" \/>\n<meta property=\"og:locale\" content=\"es_ES\" \/>\n<meta property=\"og:type\" content=\"article\" \/>\n<meta property=\"og:title\" content=\"Se cumplen dos a\u00f1os de la muerte de Santiago Vergara, exfutbolista de Motagua - Sporthiva Online\" \/>\n<meta property=\"og:description\" content=\"El 28 de marzo de 2018, el equipo azul confirm\u00f3 el deceso del futbolista argentino tras una larga lucha contra la leucemia Tegucigalpa, Honduras Han transcurrido dos a\u00f1os desde aquel mi\u00e9rcoles 28 de marzo de 2018 donde el F\u00fatbol Club Motagua anunci\u00f3 a trav\u00e9s de sus redes sociales que el mediocampista argentino Santiago Vergara perd\u00eda&nbsp;Continuar leyendo\" \/>\n<meta property=\"og:url\" content=\"http:\/\/www.sporthiva.com\/index.php\/2020\/03\/28\/se-cumplen-dos-anos-de-la-muerte-de-santiago-vergara-exfutbolista-de-motagua\/\" \/>\n<meta property=\"og:site_name\" content=\"Sporthiva Online\" \/>\n<meta property=\"article:published_time\" content=\"2020-03-28T17:24:56+00:00\" \/>\n<meta property=\"article:modified_time\" content=\"2020-03-28T18:02:21+00:00\" \/>\n<meta property=\"og:image\" content=\"http:\/\/www.sporthiva.com\/wp-content\/uploads\/2020\/03\/Santiago-Vergara.jpg\" \/>\n\t<meta property=\"og:image:width\" content=\"1200\" \/>\n\t<meta property=\"og:image:height\" content=\"675\" \/>\n<meta name=\"twitter:card\" content=\"summary\" \/>\n<meta name=\"twitter:label1\" content=\"Escrito por\" \/>\n\t<meta name=\"twitter:data1\" content=\"Evelyn Pineda\" \/>\n\t<meta name=\"twitter:label2\" content=\"Tiempo de lectura\" \/>\n\t<meta name=\"twitter:data2\" content=\"1 minuto\" \/>\n<script type=\"application\/ld+json\" class=\"yoast-schema-graph\">{\"@context\":\"https:\/\/schema.org\",\"@graph\":[{\"@type\":\"WebSite\",\"@id\":\"http:\/\/www.sporthiva.com\/#website\",\"url\":\"http:\/\/www.sporthiva.com\/\",\"name\":\"Sporthiva Online\",\"description\":\"Sporthiva Online\",\"potentialAction\":[{\"@type\":\"SearchAction\",\"target\":{\"@type\":\"EntryPoint\",\"urlTemplate\":\"http:\/\/www.sporthiva.com\/?s={search_term_string}\"},\"query-input\":\"required name=search_term_string\"}],\"inLanguage\":\"es\"},{\"@type\":\"ImageObject\",\"@id\":\"http:\/\/www.sporthiva.com\/index.php\/2020\/03\/28\/se-cumplen-dos-anos-de-la-muerte-de-santiago-vergara-exfutbolista-de-motagua\/#primaryimage\",\"inLanguage\":\"es\",\"url\":\"http:\/\/www.sporthiva.com\/wp-content\/uploads\/2020\/03\/Santiago-Vergara.jpg\",\"contentUrl\":\"http:\/\/www.sporthiva.com\/wp-content\/uploads\/2020\/03\/Santiago-Vergara.jpg\",\"width\":1200,\"height\":675},{\"@type\":\"WebPage\",\"@id\":\"http:\/\/www.sporthiva.com\/index.php\/2020\/03\/28\/se-cumplen-dos-anos-de-la-muerte-de-santiago-vergara-exfutbolista-de-motagua\/#webpage\",\"url\":\"http:\/\/www.sporthiva.com\/index.php\/2020\/03\/28\/se-cumplen-dos-anos-de-la-muerte-de-santiago-vergara-exfutbolista-de-motagua\/\",\"name\":\"Se cumplen dos a\\u00f1os de la muerte de Santiago Vergara, exfutbolista de Motagua - Sporthiva Online\",\"isPartOf\":{\"@id\":\"http:\/\/www.sporthiva.com\/#website\"},\"primaryImageOfPage\":{\"@id\":\"http:\/\/www.sporthiva.com\/index.php\/2020\/03\/28\/se-cumplen-dos-anos-de-la-muerte-de-santiago-vergara-exfutbolista-de-motagua\/#primaryimage\"},\"datePublished\":\"2020-03-28T17:24:56+00:00\",\"dateModified\":\"2020-03-28T18:02:21+00:00\",\"author\":{\"@id\":\"http:\/\/www.sporthiva.com\/#\/schema\/person\/551718db343e60bf7d707f9085b1e611\"},\"breadcrumb\":{\"@id\":\"http:\/\/www.sporthiva.com\/index.php\/2020\/03\/28\/se-cumplen-dos-anos-de-la-muerte-de-santiago-vergara-exfutbolista-de-motagua\/#breadcrumb\"},\"inLanguage\":\"es\",\"potentialAction\":[{\"@type\":\"ReadAction\",\"target\":[\"http:\/\/www.sporthiva.com\/index.php\/2020\/03\/28\/se-cumplen-dos-anos-de-la-muerte-de-santiago-vergara-exfutbolista-de-motagua\/\"]}]},{\"@type\":\"BreadcrumbList\",\"@id\":\"http:\/\/www.sporthiva.com\/index.php\/2020\/03\/28\/se-cumplen-dos-anos-de-la-muerte-de-santiago-vergara-exfutbolista-de-motagua\/#breadcrumb\",\"itemListElement\":[{\"@type\":\"ListItem\",\"position\":1,\"name\":\"Portada\",\"item\":\"http:\/\/www.sporthiva.com\/\"},{\"@type\":\"ListItem\",\"position\":2,\"name\":\"Se cumplen dos a\\u00f1os de la muerte de Santiago Vergara, exfutbolista de Motagua\"}]},{\"@type\":\"Person\",\"@id\":\"http:\/\/www.sporthiva.com\/#\/schema\/person\/551718db343e60bf7d707f9085b1e611\",\"name\":\"Evelyn Pineda\",\"image\":{\"@type\":\"ImageObject\",\"@id\":\"http:\/\/www.sporthiva.com\/#personlogo\",\"inLanguage\":\"es\",\"url\":\"http:\/\/1.gravatar.com\/avatar\/73932ff8109aee94864b4504adf4d91e?s=96&d=mm&r=g\",\"contentUrl\":\"http:\/\/1.gravatar.com\/avatar\/73932ff8109aee94864b4504adf4d91e?s=96&d=mm&r=g\",\"caption\":\"Evelyn Pineda\"},\"sameAs\":[\"http:\/\/www.sporthiva.com\/\"],\"url\":\"http:\/\/www.sporthiva.com\/index.php\/author\/epineda\/\"}]}<\/script>\n<!-- \/ Yoast SEO plugin. -->","yoast_head_json":{"title":"Se cumplen dos a\u00f1os de la muerte de Santiago Vergara, exfutbolista de Motagua - Sporthiva Online","robots":{"index":"index","follow":"follow","max-snippet":"max-snippet:-1","max-image-preview":"max-image-preview:large","max-video-preview":"max-video-preview:-1"},"canonical":"http:\/\/www.sporthiva.com\/index.php\/2020\/03\/28\/se-cumplen-dos-anos-de-la-muerte-de-santiago-vergara-exfutbolista-de-motagua\/","og_locale":"es_ES","og_type":"article","og_title":"Se cumplen dos a\u00f1os de la muerte de Santiago Vergara, exfutbolista de Motagua - Sporthiva Online","og_description":"El 28 de marzo de 2018, el equipo azul confirm\u00f3 el deceso del futbolista argentino tras una larga lucha contra la leucemia Tegucigalpa, Honduras Han transcurrido dos a\u00f1os desde aquel mi\u00e9rcoles 28 de marzo de 2018 donde el F\u00fatbol Club Motagua anunci\u00f3 a trav\u00e9s de sus redes sociales que el mediocampista argentino Santiago Vergara perd\u00eda&nbsp;Continuar leyendo","og_url":"http:\/\/www.sporthiva.com\/index.php\/2020\/03\/28\/se-cumplen-dos-anos-de-la-muerte-de-santiago-vergara-exfutbolista-de-motagua\/","og_site_name":"Sporthiva Online","article_published_time":"2020-03-28T17:24:56+00:00","article_modified_time":"2020-03-28T18:02:21+00:00","og_image":[{"width":1200,"height":675,"url":"http:\/\/www.sporthiva.com\/wp-content\/uploads\/2020\/03\/Santiago-Vergara.jpg","type":"image\/jpeg"}],"twitter_card":"summary","twitter_misc":{"Escrito por":"Evelyn Pineda","Tiempo de lectura":"1 minuto"},"schema":{"@context":"https:\/\/schema.org","@graph":[{"@type":"WebSite","@id":"http:\/\/www.sporthiva.com\/#website","url":"http:\/\/www.sporthiva.com\/","name":"Sporthiva Online","description":"Sporthiva Online","potentialAction":[{"@type":"SearchAction","target":{"@type":"EntryPoint","urlTemplate":"http:\/\/www.sporthiva.com\/?s={search_term_string}"},"query-input":"required name=search_term_string"}],"inLanguage":"es"},{"@type":"ImageObject","@id":"http:\/\/www.sporthiva.com\/index.php\/2020\/03\/28\/se-cumplen-dos-anos-de-la-muerte-de-santiago-vergara-exfutbolista-de-motagua\/#primaryimage","inLanguage":"es","url":"http:\/\/www.sporthiva.com\/wp-content\/uploads\/2020\/03\/Santiago-Vergara.jpg","contentUrl":"http:\/\/www.sporthiva.com\/wp-content\/uploads\/2020\/03\/Santiago-Vergara.jpg","width":1200,"height":675},{"@type":"WebPage","@id":"http:\/\/www.sporthiva.com\/index.php\/2020\/03\/28\/se-cumplen-dos-anos-de-la-muerte-de-santiago-vergara-exfutbolista-de-motagua\/#webpage","url":"http:\/\/www.sporthiva.com\/index.php\/2020\/03\/28\/se-cumplen-dos-anos-de-la-muerte-de-santiago-vergara-exfutbolista-de-motagua\/","name":"Se cumplen dos a\u00f1os de la muerte de Santiago Vergara, exfutbolista de Motagua - Sporthiva Online","isPartOf":{"@id":"http:\/\/www.sporthiva.com\/#website"},"primaryImageOfPage":{"@id":"http:\/\/www.sporthiva.com\/index.php\/2020\/03\/28\/se-cumplen-dos-anos-de-la-muerte-de-santiago-vergara-exfutbolista-de-motagua\/#primaryimage"},"datePublished":"2020-03-28T17:24:56+00:00","dateModified":"2020-03-28T18:02:21+00:00","author":{"@id":"http:\/\/www.sporthiva.com\/#\/schema\/person\/551718db343e60bf7d707f9085b1e611"},"breadcrumb":{"@id":"http:\/\/www.sporthiva.com\/index.php\/2020\/03\/28\/se-cumplen-dos-anos-de-la-muerte-de-santiago-vergara-exfutbolista-de-motagua\/#breadcrumb"},"inLanguage":"es","potentialAction":[{"@type":"ReadAction","target":["http:\/\/www.sporthiva.com\/index.php\/2020\/03\/28\/se-cumplen-dos-anos-de-la-muerte-de-santiago-vergara-exfutbolista-de-motagua\/"]}]},{"@type":"BreadcrumbList","@id":"http:\/\/www.sporthiva.com\/index.php\/2020\/03\/28\/se-cumplen-dos-anos-de-la-muerte-de-santiago-vergara-exfutbolista-de-motagua\/#breadcrumb","itemListElement":[{"@type":"ListItem","position":1,"name":"Portada","item":"http:\/\/www.sporthiva.com\/"},{"@type":"ListItem","position":2,"name":"Se cumplen dos a\u00f1os de la muerte de Santiago Vergara, exfutbolista de Motagua"}]},{"@type":"Person","@id":"http:\/\/www.sporthiva.com\/#\/schema\/person\/551718db343e60bf7d707f9085b1e611","name":"Evelyn Pineda","image":{"@type":"ImageObject","@id":"http:\/\/www.sporthiva.com\/#personlogo","inLanguage":"es","url":"http:\/\/1.gravatar.com\/avatar\/73932ff8109aee94864b4504adf4d91e?s=96&d=mm&r=g","contentUrl":"http:\/\/1.gravatar.com\/avatar\/73932ff8109aee94864b4504adf4d91e?s=96&d=mm&r=g","caption":"Evelyn Pineda"},"sameAs":["http:\/\/www.sporthiva.com\/"],"url":"http:\/\/www.sporthiva.com\/index.php\/author\/epineda\/"}]}},"_links":{"self":[{"href":"http:\/\/www.sporthiva.com\/index.php\/wp-json\/wp\/v2\/posts\/78273"}],"collection":[{"href":"http:\/\/www.sporthiva.com\/index.php\/wp-json\/wp\/v2\/posts"}],"about":[{"href":"http:\/\/www.sporthiva.com\/index.php\/wp-json\/wp\/v2\/types\/post"}],"author":[{"embeddable":true,"href":"http:\/\/www.sporthiva.com\/index.php\/wp-json\/wp\/v2\/users\/7"}],"replies":[{"embeddable":true,"href":"http:\/\/www.sporthiva.com\/index.php\/wp-json\/wp\/v2\/comments?post=78273"}],"version-history":[{"count":1,"href":"http:\/\/www.sporthiva.com\/index.php\/wp-json\/wp\/v2\/posts\/78273\/revisions"}],"predecessor-version":[{"id":78275,"href":"http:\/\/www.sporthiva.com\/index.php\/wp-json\/wp\/v2\/posts\/78273\/revisions\/78275"}],"wp:featuredmedia":[{"embeddable":true,"href":"http:\/\/www.sporthiva.com\/index.php\/wp-json\/wp\/v2\/media\/78276"}],"wp:attachment":[{"href":"http:\/\/www.sporthiva.com\/index.php\/wp-json\/wp\/v2\/media?parent=78273"}],"wp:term":[{"taxonomy":"category","embeddable":true,"href":"http:\/\/www.sporthiva.com\/index.php\/wp-json\/wp\/v2\/categories?post=78273"},{"taxonomy":"post_tag","embeddable":true,"href":"http:\/\/www.sporthiva.com\/index.php\/wp-json\/wp\/v2\/tags?post=78273"}],"curies":[{"name":"wp","href":"https:\/\/api.w.org\/{rel}","templated":true}]}}