{"id":82292,"date":"2020-06-27T14:14:03","date_gmt":"2020-06-27T20:14:03","guid":{"rendered":"http:\/\/www.sporthiva.com\/?p=82292"},"modified":"2020-06-27T14:14:03","modified_gmt":"2020-06-27T20:14:03","slug":"arjen-robben-vuelve-del-retiro-a-los-36-anos-y-jugara-con-el-groningen","status":"publish","type":"post","link":"http:\/\/www.sporthiva.com\/index.php\/2020\/06\/27\/arjen-robben-vuelve-del-retiro-a-los-36-anos-y-jugara-con-el-groningen\/","title":{"rendered":"Arjen Robben vuelve del retiro a los 36 a\u00f1os y jugar\u00e1 con el Groningen"},"content":{"rendered":"<h4><strong>El hist\u00f3rico atacante holand\u00e9s descolg\u00f3 las botas para ayudar al club en el que se form\u00f3 de peque\u00f1o<\/strong><\/h4>\n<p><strong>Holanda<\/strong><\/p>\n<p>Arjen Robben, que el pasado mes de julio anunci\u00f3 su retirada, vuelve a sorprender al mundo del futbol al asegurar este s\u00e1bado, mediante un v\u00eddeo, que est\u00e1 dispuesto a descolgar las botas y a regresar a la acci\u00f3n para ayudar al club donde comenz\u00f3 su carrera: el FC Groningen de la Eredivisie de Holanda.<\/p>\n<p>A sus 36 a\u00f1os, el zurdo neerland\u00e9s, que tras el Groningen complet\u00f3 su carrera con etapas en el PSV Eindhoven, el Chelsea, el Real Madrid y el Bayern M\u00fanich, asever\u00f3 que va a tratar de regresar al futbol la temporada 2020-21 formando parte de la primera plantilla del club en el que se cri\u00f3.<\/p>\n<p><strong>Vea adem\u00e1s: <\/strong><a href=\"http:\/\/www.sporthiva.com\/index.php\/2020\/06\/27\/lewandowski-maximo-goleador-de-la-bundesliga-por-quinta-vez\/\"><strong>Lewandowski, m\u00e1ximo goleador de la Bundesliga por quinta vez<\/strong><\/a><\/p>\n<p>Robben debut\u00f3 con 16 a\u00f1os en el Groningen y, dos d\u00e9cadas despu\u00e9s, se vuelve a poner al servicio del conjunto verdiblanco que termin\u00f3 la pasada temporada de la Eredivisie 2019-2020 en la novena posici\u00f3n.<\/p>\n<p>El Groningen ha organizado una conferencia de prensa para el domingo en la que Robben ofrecer\u00e1 explicaciones sobre esta pretensi\u00f3n.<\/p>\n<p>En el metraje\u00a0hecho p\u00fablico\u00a0destinado a los aficionados, Robben recuerda que ten\u00eda doce a\u00f1os cuando comenz\u00f3 a jugar en la cantera del Groningen, que a los 16 debut\u00f3 contra el Feyenoord, luego parti\u00f3 al PSV y 2tras una maravillosa aventura de 18 a\u00f1os (su carrera) vuelve a casa\u00bb.<\/p>\n<p><strong>Le interesa tambi\u00e9n: <\/strong><a href=\"http:\/\/www.sporthiva.com\/index.php\/2020\/06\/27\/bayern-munich-recibio-la-ensaladera-que-lo-acredita-como-campeon-de-la-bundesliga\/\"><strong>Bayern M\u00fanich recibi\u00f3 la Ensaladera que lo acredita como campe\u00f3n de la Bundesliga<\/strong><\/a><\/p>\n<p>Robben indica que durante la crisis del coronavirus particip\u00f3 en actividades del club y pens\u00f3 \u00abqu\u00e9 mas podr\u00eda hacer\u00bb. \u00abEn las \u00faltimas semanas he tenido conversaciones con personas dentro del club y lo principal: he escuchado la llamada de nuestros aficionados (una pancarta en la que se le\u00eda: Arjen, sigue tu coraz\u00f3n\u00bb.<\/p>\n<blockquote class=\"twitter-tweet\">\n<p dir=\"ltr\" lang=\"fi\">ARJEN ROBBEN = \ud83d\udd19<\/p>\n<p>\ud83d\udc9a\ud83d\udc9a\ud83d\udc9a\ud83d\udc9a\ud83d\udc9a\ud83d\udc9a\ud83d\udc9a<\/p>\n<p>\u27a1 <a href=\"https:\/\/t.co\/D5R0JKwGjp\">https:\/\/t.co\/D5R0JKwGjp<\/a><a href=\"https:\/\/twitter.com\/hashtag\/Arjenvolgjehart?src=hash&amp;ref_src=twsrc%5Etfw\">#Arjenvolgjehart<\/a> <a href=\"https:\/\/twitter.com\/hashtag\/laatonsweereensjuichen?src=hash&amp;ref_src=twsrc%5Etfw\">#laatonsweereensjuichen<\/a><\/p>\n<p>\u2014 FC Groningen (@fcgroningen) <a href=\"https:\/\/twitter.com\/fcgroningen\/status\/1276894304342904832?ref_src=twsrc%5Etfw\">June 27, 2020<\/a><\/p><\/blockquote>\n<p><script async src=\"https:\/\/platform.twitter.com\/widgets.js\" charset=\"utf-8\"><\/script><\/p>\n","protected":false},"excerpt":{"rendered":"<p>El hist\u00f3rico atacante holand\u00e9s descolg\u00f3 las botas para ayudar al club en el que se form\u00f3 de peque\u00f1o Holanda Arjen Robben, que el pasado mes de julio anunci\u00f3 su retirada, vuelve a sorprender al mundo del futbol al asegurar este s\u00e1bado, mediante un v\u00eddeo, que est\u00e1 dispuesto a descolgar las botas y a regresar a&nbsp;<\/p>\n<p><a class=\"btn btn-style\" href=\"http:\/\/www.sporthiva.com\/index.php\/2020\/06\/27\/arjen-robben-vuelve-del-retiro-a-los-36-anos-y-jugara-con-el-groningen\/\">Continuar leyendo<\/a><\/p>\n","protected":false},"author":7,"featured_media":82293,"comment_status":"open","ping_status":"open","sticky":false,"template":"","format":"standard","meta":{"qubely_global_settings":"","qubely_interactions":""},"categories":[563],"tags":[],"qubely_featured_image_url":{"full":["http:\/\/www.sporthiva.com\/wp-content\/uploads\/2020\/06\/Arjen-66.jpg",990,557,false],"landscape":["http:\/\/www.sporthiva.com\/wp-content\/uploads\/2020\/06\/Arjen-66.jpg",990,557,false],"portraits":["http:\/\/www.sporthiva.com\/wp-content\/uploads\/2020\/06\/Arjen-66-540x320.jpg",540,320,true],"thumbnail":["http:\/\/www.sporthiva.com\/wp-content\/uploads\/2020\/06\/Arjen-66-150x150.jpg",150,150,true],"medium":["http:\/\/www.sporthiva.com\/wp-content\/uploads\/2020\/06\/Arjen-66-675x379.jpg",675,379,true],"medium_large":["http:\/\/www.sporthiva.com\/wp-content\/uploads\/2020\/06\/Arjen-66-768x432.jpg",768,432,true],"large":["http:\/\/www.sporthiva.com\/wp-content\/uploads\/2020\/06\/Arjen-66.jpg",990,557,false],"1536x1536":["http:\/\/www.sporthiva.com\/wp-content\/uploads\/2020\/06\/Arjen-66.jpg",990,557,false],"2048x2048":["http:\/\/www.sporthiva.com\/wp-content\/uploads\/2020\/06\/Arjen-66.jpg",990,557,false],"alm-thumbnail":["http:\/\/www.sporthiva.com\/wp-content\/uploads\/2020\/06\/Arjen-66-150x150.jpg",150,150,true],"qubely_landscape":["http:\/\/www.sporthiva.com\/wp-content\/uploads\/2020\/06\/Arjen-66.jpg",990,557,false],"qubely_portrait":["http:\/\/www.sporthiva.com\/wp-content\/uploads\/2020\/06\/Arjen-66-540x320.jpg",540,320,true],"qubely_thumbnail":["http:\/\/www.sporthiva.com\/wp-content\/uploads\/2020\/06\/Arjen-66-140x100.jpg",140,100,true],"sportspress-crop-medium":["http:\/\/www.sporthiva.com\/wp-content\/uploads\/2020\/06\/Arjen-66-300x300.jpg",300,300,true],"sportspress-fit-medium":["http:\/\/www.sporthiva.com\/wp-content\/uploads\/2020\/06\/Arjen-66-300x169.jpg",300,169,true],"sportspress-fit-icon":["http:\/\/www.sporthiva.com\/wp-content\/uploads\/2020\/06\/Arjen-66-128x72.jpg",128,72,true],"sportspress-fit-mini":["http:\/\/www.sporthiva.com\/wp-content\/uploads\/2020\/06\/Arjen-66-32x18.jpg",32,18,true],"heighlights":["http:\/\/www.sporthiva.com\/wp-content\/uploads\/2020\/06\/Arjen-66-460x500.jpg",460,500,true],"video-thumb":["http:\/\/www.sporthiva.com\/wp-content\/uploads\/2020\/06\/Arjen-66-360x235.jpg",360,235,true],"video-thumb2":["http:\/\/www.sporthiva.com\/wp-content\/uploads\/2020\/06\/Arjen-66-360x422.jpg",360,422,true],"blog-thumb":["http:\/\/www.sporthiva.com\/wp-content\/uploads\/2020\/06\/Arjen-66-175x150.jpg",175,150,true],"blog-medium":["http:\/\/www.sporthiva.com\/wp-content\/uploads\/2020\/06\/Arjen-66-750x350.jpg",750,350,true],"blog-full":["http:\/\/www.sporthiva.com\/wp-content\/uploads\/2020\/06\/Arjen-66-990x550.jpg",990,550,true],"popular-post":["http:\/\/www.sporthiva.com\/wp-content\/uploads\/2020\/06\/Arjen-66-560x510.jpg",560,510,true],"heighlights-post":["http:\/\/www.sporthiva.com\/wp-content\/uploads\/2020\/06\/Arjen-66-262x236.jpg",262,236,true],"player-thumb":["http:\/\/www.sporthiva.com\/wp-content\/uploads\/2020\/06\/Arjen-66-270x150.jpg",270,150,true],"wp_rp_thumbnail":["http:\/\/www.sporthiva.com\/wp-content\/uploads\/2020\/06\/Arjen-66-150x150.jpg",150,150,true]},"qubely_author":{"display_name":"Evelyn Pineda","author_link":"http:\/\/www.sporthiva.com\/index.php\/author\/epineda\/"},"qubely_comment":0,"qubely_category":"<a href=\"http:\/\/www.sporthiva.com\/index.php\/category\/internacionales\/\" rel=\"category tag\">Internacionales<\/a>","qubely_excerpt":"El hist\u00f3rico atacante holand\u00e9s descolg\u00f3 las botas para ayudar al club en el que se form\u00f3 de peque\u00f1o Holanda Arjen Robben, que el pasado mes de julio anunci\u00f3 su retirada, vuelve a sorprender al mundo del futbol al asegurar este s\u00e1bado, mediante un v\u00eddeo, que est\u00e1 dispuesto a descolgar las botas y a regresar a&nbsp;Continuar&hellip;","yoast_head":"<!-- This site is optimized with the Yoast SEO plugin v17.8 - https:\/\/yoast.com\/wordpress\/plugins\/seo\/ -->\n<title>Arjen Robben vuelve del retiro a los 36 a\u00f1os y jugar\u00e1 con el Groningen - Sporthiva Online<\/title>\n<meta name=\"robots\" content=\"index, follow, max-snippet:-1, max-image-preview:large, max-video-preview:-1\" \/>\n<link rel=\"canonical\" href=\"http:\/\/www.sporthiva.com\/index.php\/2020\/06\/27\/arjen-robben-vuelve-del-retiro-a-los-36-anos-y-jugara-con-el-groningen\/\" \/>\n<meta property=\"og:locale\" content=\"es_ES\" \/>\n<meta property=\"og:type\" content=\"article\" \/>\n<meta property=\"og:title\" content=\"Arjen Robben vuelve del retiro a los 36 a\u00f1os y jugar\u00e1 con el Groningen - Sporthiva Online\" \/>\n<meta property=\"og:description\" content=\"El hist\u00f3rico atacante holand\u00e9s descolg\u00f3 las botas para ayudar al club en el que se form\u00f3 de peque\u00f1o Holanda Arjen Robben, que el pasado mes de julio anunci\u00f3 su retirada, vuelve a sorprender al mundo del futbol al asegurar este s\u00e1bado, mediante un v\u00eddeo, que est\u00e1 dispuesto a descolgar las botas y a regresar a&nbsp;Continuar leyendo\" \/>\n<meta property=\"og:url\" content=\"http:\/\/www.sporthiva.com\/index.php\/2020\/06\/27\/arjen-robben-vuelve-del-retiro-a-los-36-anos-y-jugara-con-el-groningen\/\" \/>\n<meta property=\"og:site_name\" content=\"Sporthiva Online\" \/>\n<meta property=\"article:published_time\" content=\"2020-06-27T20:14:03+00:00\" \/>\n<meta property=\"og:image\" content=\"http:\/\/www.sporthiva.com\/wp-content\/uploads\/2020\/06\/Arjen-66.jpg\" \/>\n\t<meta property=\"og:image:width\" content=\"990\" \/>\n\t<meta property=\"og:image:height\" content=\"557\" \/>\n<meta name=\"twitter:card\" content=\"summary\" \/>\n<meta name=\"twitter:label1\" content=\"Escrito por\" \/>\n\t<meta name=\"twitter:data1\" content=\"Evelyn Pineda\" \/>\n\t<meta name=\"twitter:label2\" content=\"Tiempo de lectura\" \/>\n\t<meta name=\"twitter:data2\" content=\"2 minutos\" \/>\n<script type=\"application\/ld+json\" class=\"yoast-schema-graph\">{\"@context\":\"https:\/\/schema.org\",\"@graph\":[{\"@type\":\"WebSite\",\"@id\":\"http:\/\/www.sporthiva.com\/#website\",\"url\":\"http:\/\/www.sporthiva.com\/\",\"name\":\"Sporthiva Online\",\"description\":\"Sporthiva Online\",\"potentialAction\":[{\"@type\":\"SearchAction\",\"target\":{\"@type\":\"EntryPoint\",\"urlTemplate\":\"http:\/\/www.sporthiva.com\/?s={search_term_string}\"},\"query-input\":\"required name=search_term_string\"}],\"inLanguage\":\"es\"},{\"@type\":\"ImageObject\",\"@id\":\"http:\/\/www.sporthiva.com\/index.php\/2020\/06\/27\/arjen-robben-vuelve-del-retiro-a-los-36-anos-y-jugara-con-el-groningen\/#primaryimage\",\"inLanguage\":\"es\",\"url\":\"http:\/\/www.sporthiva.com\/wp-content\/uploads\/2020\/06\/Arjen-66.jpg\",\"contentUrl\":\"http:\/\/www.sporthiva.com\/wp-content\/uploads\/2020\/06\/Arjen-66.jpg\",\"width\":990,\"height\":557},{\"@type\":\"WebPage\",\"@id\":\"http:\/\/www.sporthiva.com\/index.php\/2020\/06\/27\/arjen-robben-vuelve-del-retiro-a-los-36-anos-y-jugara-con-el-groningen\/#webpage\",\"url\":\"http:\/\/www.sporthiva.com\/index.php\/2020\/06\/27\/arjen-robben-vuelve-del-retiro-a-los-36-anos-y-jugara-con-el-groningen\/\",\"name\":\"Arjen Robben vuelve del retiro a los 36 a\\u00f1os y jugar\\u00e1 con el Groningen - Sporthiva Online\",\"isPartOf\":{\"@id\":\"http:\/\/www.sporthiva.com\/#website\"},\"primaryImageOfPage\":{\"@id\":\"http:\/\/www.sporthiva.com\/index.php\/2020\/06\/27\/arjen-robben-vuelve-del-retiro-a-los-36-anos-y-jugara-con-el-groningen\/#primaryimage\"},\"datePublished\":\"2020-06-27T20:14:03+00:00\",\"dateModified\":\"2020-06-27T20:14:03+00:00\",\"author\":{\"@id\":\"http:\/\/www.sporthiva.com\/#\/schema\/person\/551718db343e60bf7d707f9085b1e611\"},\"breadcrumb\":{\"@id\":\"http:\/\/www.sporthiva.com\/index.php\/2020\/06\/27\/arjen-robben-vuelve-del-retiro-a-los-36-anos-y-jugara-con-el-groningen\/#breadcrumb\"},\"inLanguage\":\"es\",\"potentialAction\":[{\"@type\":\"ReadAction\",\"target\":[\"http:\/\/www.sporthiva.com\/index.php\/2020\/06\/27\/arjen-robben-vuelve-del-retiro-a-los-36-anos-y-jugara-con-el-groningen\/\"]}]},{\"@type\":\"BreadcrumbList\",\"@id\":\"http:\/\/www.sporthiva.com\/index.php\/2020\/06\/27\/arjen-robben-vuelve-del-retiro-a-los-36-anos-y-jugara-con-el-groningen\/#breadcrumb\",\"itemListElement\":[{\"@type\":\"ListItem\",\"position\":1,\"name\":\"Portada\",\"item\":\"http:\/\/www.sporthiva.com\/\"},{\"@type\":\"ListItem\",\"position\":2,\"name\":\"Arjen Robben vuelve del retiro a los 36 a\\u00f1os y jugar\\u00e1 con el Groningen\"}]},{\"@type\":\"Person\",\"@id\":\"http:\/\/www.sporthiva.com\/#\/schema\/person\/551718db343e60bf7d707f9085b1e611\",\"name\":\"Evelyn Pineda\",\"image\":{\"@type\":\"ImageObject\",\"@id\":\"http:\/\/www.sporthiva.com\/#personlogo\",\"inLanguage\":\"es\",\"url\":\"http:\/\/1.gravatar.com\/avatar\/73932ff8109aee94864b4504adf4d91e?s=96&d=mm&r=g\",\"contentUrl\":\"http:\/\/1.gravatar.com\/avatar\/73932ff8109aee94864b4504adf4d91e?s=96&d=mm&r=g\",\"caption\":\"Evelyn Pineda\"},\"sameAs\":[\"http:\/\/www.sporthiva.com\/\"],\"url\":\"http:\/\/www.sporthiva.com\/index.php\/author\/epineda\/\"}]}<\/script>\n<!-- \/ Yoast SEO plugin. -->","yoast_head_json":{"title":"Arjen Robben vuelve del retiro a los 36 a\u00f1os y jugar\u00e1 con el Groningen - Sporthiva Online","robots":{"index":"index","follow":"follow","max-snippet":"max-snippet:-1","max-image-preview":"max-image-preview:large","max-video-preview":"max-video-preview:-1"},"canonical":"http:\/\/www.sporthiva.com\/index.php\/2020\/06\/27\/arjen-robben-vuelve-del-retiro-a-los-36-anos-y-jugara-con-el-groningen\/","og_locale":"es_ES","og_type":"article","og_title":"Arjen Robben vuelve del retiro a los 36 a\u00f1os y jugar\u00e1 con el Groningen - Sporthiva Online","og_description":"El hist\u00f3rico atacante holand\u00e9s descolg\u00f3 las botas para ayudar al club en el que se form\u00f3 de peque\u00f1o Holanda Arjen Robben, que el pasado mes de julio anunci\u00f3 su retirada, vuelve a sorprender al mundo del futbol al asegurar este s\u00e1bado, mediante un v\u00eddeo, que est\u00e1 dispuesto a descolgar las botas y a regresar a&nbsp;Continuar leyendo","og_url":"http:\/\/www.sporthiva.com\/index.php\/2020\/06\/27\/arjen-robben-vuelve-del-retiro-a-los-36-anos-y-jugara-con-el-groningen\/","og_site_name":"Sporthiva Online","article_published_time":"2020-06-27T20:14:03+00:00","og_image":[{"width":990,"height":557,"url":"http:\/\/www.sporthiva.com\/wp-content\/uploads\/2020\/06\/Arjen-66.jpg","type":"image\/jpeg"}],"twitter_card":"summary","twitter_misc":{"Escrito por":"Evelyn Pineda","Tiempo de lectura":"2 minutos"},"schema":{"@context":"https:\/\/schema.org","@graph":[{"@type":"WebSite","@id":"http:\/\/www.sporthiva.com\/#website","url":"http:\/\/www.sporthiva.com\/","name":"Sporthiva Online","description":"Sporthiva Online","potentialAction":[{"@type":"SearchAction","target":{"@type":"EntryPoint","urlTemplate":"http:\/\/www.sporthiva.com\/?s={search_term_string}"},"query-input":"required name=search_term_string"}],"inLanguage":"es"},{"@type":"ImageObject","@id":"http:\/\/www.sporthiva.com\/index.php\/2020\/06\/27\/arjen-robben-vuelve-del-retiro-a-los-36-anos-y-jugara-con-el-groningen\/#primaryimage","inLanguage":"es","url":"http:\/\/www.sporthiva.com\/wp-content\/uploads\/2020\/06\/Arjen-66.jpg","contentUrl":"http:\/\/www.sporthiva.com\/wp-content\/uploads\/2020\/06\/Arjen-66.jpg","width":990,"height":557},{"@type":"WebPage","@id":"http:\/\/www.sporthiva.com\/index.php\/2020\/06\/27\/arjen-robben-vuelve-del-retiro-a-los-36-anos-y-jugara-con-el-groningen\/#webpage","url":"http:\/\/www.sporthiva.com\/index.php\/2020\/06\/27\/arjen-robben-vuelve-del-retiro-a-los-36-anos-y-jugara-con-el-groningen\/","name":"Arjen Robben vuelve del retiro a los 36 a\u00f1os y jugar\u00e1 con el Groningen - Sporthiva Online","isPartOf":{"@id":"http:\/\/www.sporthiva.com\/#website"},"primaryImageOfPage":{"@id":"http:\/\/www.sporthiva.com\/index.php\/2020\/06\/27\/arjen-robben-vuelve-del-retiro-a-los-36-anos-y-jugara-con-el-groningen\/#primaryimage"},"datePublished":"2020-06-27T20:14:03+00:00","dateModified":"2020-06-27T20:14:03+00:00","author":{"@id":"http:\/\/www.sporthiva.com\/#\/schema\/person\/551718db343e60bf7d707f9085b1e611"},"breadcrumb":{"@id":"http:\/\/www.sporthiva.com\/index.php\/2020\/06\/27\/arjen-robben-vuelve-del-retiro-a-los-36-anos-y-jugara-con-el-groningen\/#breadcrumb"},"inLanguage":"es","potentialAction":[{"@type":"ReadAction","target":["http:\/\/www.sporthiva.com\/index.php\/2020\/06\/27\/arjen-robben-vuelve-del-retiro-a-los-36-anos-y-jugara-con-el-groningen\/"]}]},{"@type":"BreadcrumbList","@id":"http:\/\/www.sporthiva.com\/index.php\/2020\/06\/27\/arjen-robben-vuelve-del-retiro-a-los-36-anos-y-jugara-con-el-groningen\/#breadcrumb","itemListElement":[{"@type":"ListItem","position":1,"name":"Portada","item":"http:\/\/www.sporthiva.com\/"},{"@type":"ListItem","position":2,"name":"Arjen Robben vuelve del retiro a los 36 a\u00f1os y jugar\u00e1 con el Groningen"}]},{"@type":"Person","@id":"http:\/\/www.sporthiva.com\/#\/schema\/person\/551718db343e60bf7d707f9085b1e611","name":"Evelyn Pineda","image":{"@type":"ImageObject","@id":"http:\/\/www.sporthiva.com\/#personlogo","inLanguage":"es","url":"http:\/\/1.gravatar.com\/avatar\/73932ff8109aee94864b4504adf4d91e?s=96&d=mm&r=g","contentUrl":"http:\/\/1.gravatar.com\/avatar\/73932ff8109aee94864b4504adf4d91e?s=96&d=mm&r=g","caption":"Evelyn Pineda"},"sameAs":["http:\/\/www.sporthiva.com\/"],"url":"http:\/\/www.sporthiva.com\/index.php\/author\/epineda\/"}]}},"_links":{"self":[{"href":"http:\/\/www.sporthiva.com\/index.php\/wp-json\/wp\/v2\/posts\/82292"}],"collection":[{"href":"http:\/\/www.sporthiva.com\/index.php\/wp-json\/wp\/v2\/posts"}],"about":[{"href":"http:\/\/www.sporthiva.com\/index.php\/wp-json\/wp\/v2\/types\/post"}],"author":[{"embeddable":true,"href":"http:\/\/www.sporthiva.com\/index.php\/wp-json\/wp\/v2\/users\/7"}],"replies":[{"embeddable":true,"href":"http:\/\/www.sporthiva.com\/index.php\/wp-json\/wp\/v2\/comments?post=82292"}],"version-history":[{"count":1,"href":"http:\/\/www.sporthiva.com\/index.php\/wp-json\/wp\/v2\/posts\/82292\/revisions"}],"predecessor-version":[{"id":82294,"href":"http:\/\/www.sporthiva.com\/index.php\/wp-json\/wp\/v2\/posts\/82292\/revisions\/82294"}],"wp:featuredmedia":[{"embeddable":true,"href":"http:\/\/www.sporthiva.com\/index.php\/wp-json\/wp\/v2\/media\/82293"}],"wp:attachment":[{"href":"http:\/\/www.sporthiva.com\/index.php\/wp-json\/wp\/v2\/media?parent=82292"}],"wp:term":[{"taxonomy":"category","embeddable":true,"href":"http:\/\/www.sporthiva.com\/index.php\/wp-json\/wp\/v2\/categories?post=82292"},{"taxonomy":"post_tag","embeddable":true,"href":"http:\/\/www.sporthiva.com\/index.php\/wp-json\/wp\/v2\/tags?post=82292"}],"curies":[{"name":"wp","href":"https:\/\/api.w.org\/{rel}","templated":true}]}}