{"id":84281,"date":"2020-08-01T11:21:52","date_gmt":"2020-08-01T17:21:52","guid":{"rendered":"http:\/\/www.sporthiva.com\/?p=84281"},"modified":"2020-08-01T11:21:52","modified_gmt":"2020-08-01T17:21:52","slug":"florentino-perez-visito-al-equipo-que-se-prepara-para-el-manchester-city","status":"publish","type":"post","link":"http:\/\/www.sporthiva.com\/index.php\/2020\/08\/01\/florentino-perez-visito-al-equipo-que-se-prepara-para-el-manchester-city\/","title":{"rendered":"Florentino P\u00e9rez visit\u00f3 al equipo que se prepara para el Manchester City"},"content":{"rendered":"<h4><strong>La plantilla trabaj\u00f3 bajo las habituales estrictas normas sanitarias<\/strong><\/h4>\n<p><strong>Madrid, Espa\u00f1a<\/strong><\/p>\n<p>Florentino P\u00e9rez, presidente del Real Madrid, visit\u00f3 este s\u00e1bado al equipo en su quinto d\u00eda de preparaci\u00f3n con vistas al partido contra el Manchester City, de vuelta de octavos de final de la Liga de Campeones, para desear suerte al cuerpo t\u00e9cnico y a los jugadores.<\/p>\n<p>El m\u00e1ximo dirigente madridista comparti\u00f3 unos momentos con los t\u00e9cnicos y los jugadores en la Ciudad Real Madrid y charl\u00f3 con ellos de la actualidad del equipo.<\/p>\n<p><strong>Vea adem\u00e1s: <\/strong><a href=\"http:\/\/www.sporthiva.com\/index.php\/2020\/08\/01\/cristiano-ronaldo-se-despide-oficialmente-de-la-bota-de-oro-que-es-de-immobile\/\"><strong>Cristiano Ronaldo se despide oficialmente de la Bota de Oro, que es de Immobile<\/strong><\/a><\/p>\n<p>El capit\u00e1n Sergio Ramos, que no podr\u00e1 jugar el partido al estar sancionado para el partido de vuelta de los octavos de final de la Liga de Campeones (1-2), fue de los que m\u00e1s tiempo interactu\u00f3 con el presidente.<\/p>\n<p>La plantilla, que complet\u00f3 su quinta sesi\u00f3n de la semana en la Ciudad Real Madrid, trabaj\u00f3 bajo las habituales estrictas normas sanitarias debido a la pandemia del COVID-19.<\/p>\n<p><strong>Le interesa tambi\u00e9n: <\/strong><a href=\"http:\/\/www.sporthiva.com\/index.php\/2020\/08\/01\/dembele-y-griezmann-aceleran-en-su-recuperacion-y-apuntan-a-la-champions\/\"><strong>Demb\u00e9l\u00e9 y Griezmann aceleran en su recuperaci\u00f3n y apuntan a la Champions<\/strong><\/a><\/p>\n<p>Los jugadores dirigidos por Zinedine Zidane, que se entrenaron con las nuevas camisetas, comenzaron con ejercicios de calentamiento, control de bal\u00f3n, pases y presi\u00f3n. A continuaci\u00f3n, llevaron a cabo un partido corto cronometrado.<\/p>\n<p>Mariano fue la \u00fanica ausencia por su resultado positivo en el test de la COVID-19, como el resto de los d\u00edas tras la vuelta al trabajo desde el pasado d\u00eda 28, despu\u00e9s de disfrutar de unos d\u00edas de descanso tras el final de la Liga y la consecuci\u00f3n del t\u00edtulo, el n\u00famero 34 para el club.<\/p>\n<blockquote class=\"twitter-tweet\">\n<p dir=\"ltr\" lang=\"es\">El presidente visit\u00f3 al equipo antes del regreso de la <a href=\"https:\/\/twitter.com\/LigadeCampeones?ref_src=twsrc%5Etfw\">@LigadeCampeones<\/a>. <a href=\"https:\/\/twitter.com\/hashtag\/RealMadrid?src=hash&amp;ref_src=twsrc%5Etfw\">#RealMadrid<\/a> | <a href=\"https:\/\/twitter.com\/hashtag\/RMUCL?src=hash&amp;ref_src=twsrc%5Etfw\">#RMUCL<\/a> <a href=\"https:\/\/t.co\/m02wfrTLwy\">pic.twitter.com\/m02wfrTLwy<\/a><\/p>\n<p>\u2014 Real Madrid C.F. (34\ud83c\udfc6) (@realmadrid) <a href=\"https:\/\/twitter.com\/realmadrid\/status\/1289505986655350785?ref_src=twsrc%5Etfw\">August 1, 2020<\/a><\/p><\/blockquote>\n<p><script async src=\"https:\/\/platform.twitter.com\/widgets.js\" charset=\"utf-8\"><\/script><\/p>\n","protected":false},"excerpt":{"rendered":"<p>La plantilla trabaj\u00f3 bajo las habituales estrictas normas sanitarias Madrid, Espa\u00f1a Florentino P\u00e9rez, presidente del Real Madrid, visit\u00f3 este s\u00e1bado al equipo en su quinto d\u00eda de preparaci\u00f3n con vistas al partido contra el Manchester City, de vuelta de octavos de final de la Liga de Campeones, para desear suerte al cuerpo t\u00e9cnico y a&nbsp;<\/p>\n<p><a class=\"btn btn-style\" href=\"http:\/\/www.sporthiva.com\/index.php\/2020\/08\/01\/florentino-perez-visito-al-equipo-que-se-prepara-para-el-manchester-city\/\">Continuar leyendo<\/a><\/p>\n","protected":false},"author":7,"featured_media":0,"comment_status":"open","ping_status":"open","sticky":false,"template":"","format":"standard","meta":{"qubely_global_settings":"","qubely_interactions":""},"categories":[563],"tags":[],"qubely_featured_image_url":null,"qubely_author":{"display_name":"Evelyn Pineda","author_link":"http:\/\/www.sporthiva.com\/index.php\/author\/epineda\/"},"qubely_comment":0,"qubely_category":"<a href=\"http:\/\/www.sporthiva.com\/index.php\/category\/internacionales\/\" rel=\"category tag\">Internacionales<\/a>","qubely_excerpt":"La plantilla trabaj\u00f3 bajo las habituales estrictas normas sanitarias Madrid, Espa\u00f1a Florentino P\u00e9rez, presidente del Real Madrid, visit\u00f3 este s\u00e1bado al equipo en su quinto d\u00eda de preparaci\u00f3n con vistas al partido contra el Manchester City, de vuelta de octavos de final de la Liga de Campeones, para desear suerte al cuerpo t\u00e9cnico y a&nbsp;Continuar&hellip;","yoast_head":"<!-- This site is optimized with the Yoast SEO plugin v17.8 - https:\/\/yoast.com\/wordpress\/plugins\/seo\/ -->\n<title>Florentino P\u00e9rez visit\u00f3 al equipo que se prepara para el Manchester City - Sporthiva Online<\/title>\n<meta name=\"robots\" content=\"index, follow, max-snippet:-1, max-image-preview:large, max-video-preview:-1\" \/>\n<link rel=\"canonical\" href=\"http:\/\/www.sporthiva.com\/index.php\/2020\/08\/01\/florentino-perez-visito-al-equipo-que-se-prepara-para-el-manchester-city\/\" \/>\n<meta property=\"og:locale\" content=\"es_ES\" \/>\n<meta property=\"og:type\" content=\"article\" \/>\n<meta property=\"og:title\" content=\"Florentino P\u00e9rez visit\u00f3 al equipo que se prepara para el Manchester City - Sporthiva Online\" \/>\n<meta property=\"og:description\" content=\"La plantilla trabaj\u00f3 bajo las habituales estrictas normas sanitarias Madrid, Espa\u00f1a Florentino P\u00e9rez, presidente del Real Madrid, visit\u00f3 este s\u00e1bado al equipo en su quinto d\u00eda de preparaci\u00f3n con vistas al partido contra el Manchester City, de vuelta de octavos de final de la Liga de Campeones, para desear suerte al cuerpo t\u00e9cnico y a&nbsp;Continuar leyendo\" \/>\n<meta property=\"og:url\" content=\"http:\/\/www.sporthiva.com\/index.php\/2020\/08\/01\/florentino-perez-visito-al-equipo-que-se-prepara-para-el-manchester-city\/\" \/>\n<meta property=\"og:site_name\" content=\"Sporthiva Online\" \/>\n<meta property=\"article:published_time\" content=\"2020-08-01T17:21:52+00:00\" \/>\n<meta name=\"twitter:card\" content=\"summary\" \/>\n<meta name=\"twitter:label1\" content=\"Escrito por\" \/>\n\t<meta name=\"twitter:data1\" content=\"Evelyn Pineda\" \/>\n\t<meta name=\"twitter:label2\" content=\"Tiempo de lectura\" \/>\n\t<meta name=\"twitter:data2\" content=\"2 minutos\" \/>\n<script type=\"application\/ld+json\" class=\"yoast-schema-graph\">{\"@context\":\"https:\/\/schema.org\",\"@graph\":[{\"@type\":\"WebSite\",\"@id\":\"http:\/\/www.sporthiva.com\/#website\",\"url\":\"http:\/\/www.sporthiva.com\/\",\"name\":\"Sporthiva Online\",\"description\":\"Sporthiva Online\",\"potentialAction\":[{\"@type\":\"SearchAction\",\"target\":{\"@type\":\"EntryPoint\",\"urlTemplate\":\"http:\/\/www.sporthiva.com\/?s={search_term_string}\"},\"query-input\":\"required name=search_term_string\"}],\"inLanguage\":\"es\"},{\"@type\":\"WebPage\",\"@id\":\"http:\/\/www.sporthiva.com\/index.php\/2020\/08\/01\/florentino-perez-visito-al-equipo-que-se-prepara-para-el-manchester-city\/#webpage\",\"url\":\"http:\/\/www.sporthiva.com\/index.php\/2020\/08\/01\/florentino-perez-visito-al-equipo-que-se-prepara-para-el-manchester-city\/\",\"name\":\"Florentino P\\u00e9rez visit\\u00f3 al equipo que se prepara para el Manchester City - Sporthiva Online\",\"isPartOf\":{\"@id\":\"http:\/\/www.sporthiva.com\/#website\"},\"datePublished\":\"2020-08-01T17:21:52+00:00\",\"dateModified\":\"2020-08-01T17:21:52+00:00\",\"author\":{\"@id\":\"http:\/\/www.sporthiva.com\/#\/schema\/person\/551718db343e60bf7d707f9085b1e611\"},\"breadcrumb\":{\"@id\":\"http:\/\/www.sporthiva.com\/index.php\/2020\/08\/01\/florentino-perez-visito-al-equipo-que-se-prepara-para-el-manchester-city\/#breadcrumb\"},\"inLanguage\":\"es\",\"potentialAction\":[{\"@type\":\"ReadAction\",\"target\":[\"http:\/\/www.sporthiva.com\/index.php\/2020\/08\/01\/florentino-perez-visito-al-equipo-que-se-prepara-para-el-manchester-city\/\"]}]},{\"@type\":\"BreadcrumbList\",\"@id\":\"http:\/\/www.sporthiva.com\/index.php\/2020\/08\/01\/florentino-perez-visito-al-equipo-que-se-prepara-para-el-manchester-city\/#breadcrumb\",\"itemListElement\":[{\"@type\":\"ListItem\",\"position\":1,\"name\":\"Portada\",\"item\":\"http:\/\/www.sporthiva.com\/\"},{\"@type\":\"ListItem\",\"position\":2,\"name\":\"Florentino P\\u00e9rez visit\\u00f3 al equipo que se prepara para el Manchester City\"}]},{\"@type\":\"Person\",\"@id\":\"http:\/\/www.sporthiva.com\/#\/schema\/person\/551718db343e60bf7d707f9085b1e611\",\"name\":\"Evelyn Pineda\",\"image\":{\"@type\":\"ImageObject\",\"@id\":\"http:\/\/www.sporthiva.com\/#personlogo\",\"inLanguage\":\"es\",\"url\":\"http:\/\/1.gravatar.com\/avatar\/73932ff8109aee94864b4504adf4d91e?s=96&d=mm&r=g\",\"contentUrl\":\"http:\/\/1.gravatar.com\/avatar\/73932ff8109aee94864b4504adf4d91e?s=96&d=mm&r=g\",\"caption\":\"Evelyn Pineda\"},\"sameAs\":[\"http:\/\/www.sporthiva.com\/\"],\"url\":\"http:\/\/www.sporthiva.com\/index.php\/author\/epineda\/\"}]}<\/script>\n<!-- \/ Yoast SEO plugin. -->","yoast_head_json":{"title":"Florentino P\u00e9rez visit\u00f3 al equipo que se prepara para el Manchester City - Sporthiva Online","robots":{"index":"index","follow":"follow","max-snippet":"max-snippet:-1","max-image-preview":"max-image-preview:large","max-video-preview":"max-video-preview:-1"},"canonical":"http:\/\/www.sporthiva.com\/index.php\/2020\/08\/01\/florentino-perez-visito-al-equipo-que-se-prepara-para-el-manchester-city\/","og_locale":"es_ES","og_type":"article","og_title":"Florentino P\u00e9rez visit\u00f3 al equipo que se prepara para el Manchester City - Sporthiva Online","og_description":"La plantilla trabaj\u00f3 bajo las habituales estrictas normas sanitarias Madrid, Espa\u00f1a Florentino P\u00e9rez, presidente del Real Madrid, visit\u00f3 este s\u00e1bado al equipo en su quinto d\u00eda de preparaci\u00f3n con vistas al partido contra el Manchester City, de vuelta de octavos de final de la Liga de Campeones, para desear suerte al cuerpo t\u00e9cnico y a&nbsp;Continuar leyendo","og_url":"http:\/\/www.sporthiva.com\/index.php\/2020\/08\/01\/florentino-perez-visito-al-equipo-que-se-prepara-para-el-manchester-city\/","og_site_name":"Sporthiva Online","article_published_time":"2020-08-01T17:21:52+00:00","twitter_card":"summary","twitter_misc":{"Escrito por":"Evelyn Pineda","Tiempo de lectura":"2 minutos"},"schema":{"@context":"https:\/\/schema.org","@graph":[{"@type":"WebSite","@id":"http:\/\/www.sporthiva.com\/#website","url":"http:\/\/www.sporthiva.com\/","name":"Sporthiva Online","description":"Sporthiva Online","potentialAction":[{"@type":"SearchAction","target":{"@type":"EntryPoint","urlTemplate":"http:\/\/www.sporthiva.com\/?s={search_term_string}"},"query-input":"required name=search_term_string"}],"inLanguage":"es"},{"@type":"WebPage","@id":"http:\/\/www.sporthiva.com\/index.php\/2020\/08\/01\/florentino-perez-visito-al-equipo-que-se-prepara-para-el-manchester-city\/#webpage","url":"http:\/\/www.sporthiva.com\/index.php\/2020\/08\/01\/florentino-perez-visito-al-equipo-que-se-prepara-para-el-manchester-city\/","name":"Florentino P\u00e9rez visit\u00f3 al equipo que se prepara para el Manchester City - Sporthiva Online","isPartOf":{"@id":"http:\/\/www.sporthiva.com\/#website"},"datePublished":"2020-08-01T17:21:52+00:00","dateModified":"2020-08-01T17:21:52+00:00","author":{"@id":"http:\/\/www.sporthiva.com\/#\/schema\/person\/551718db343e60bf7d707f9085b1e611"},"breadcrumb":{"@id":"http:\/\/www.sporthiva.com\/index.php\/2020\/08\/01\/florentino-perez-visito-al-equipo-que-se-prepara-para-el-manchester-city\/#breadcrumb"},"inLanguage":"es","potentialAction":[{"@type":"ReadAction","target":["http:\/\/www.sporthiva.com\/index.php\/2020\/08\/01\/florentino-perez-visito-al-equipo-que-se-prepara-para-el-manchester-city\/"]}]},{"@type":"BreadcrumbList","@id":"http:\/\/www.sporthiva.com\/index.php\/2020\/08\/01\/florentino-perez-visito-al-equipo-que-se-prepara-para-el-manchester-city\/#breadcrumb","itemListElement":[{"@type":"ListItem","position":1,"name":"Portada","item":"http:\/\/www.sporthiva.com\/"},{"@type":"ListItem","position":2,"name":"Florentino P\u00e9rez visit\u00f3 al equipo que se prepara para el Manchester City"}]},{"@type":"Person","@id":"http:\/\/www.sporthiva.com\/#\/schema\/person\/551718db343e60bf7d707f9085b1e611","name":"Evelyn Pineda","image":{"@type":"ImageObject","@id":"http:\/\/www.sporthiva.com\/#personlogo","inLanguage":"es","url":"http:\/\/1.gravatar.com\/avatar\/73932ff8109aee94864b4504adf4d91e?s=96&d=mm&r=g","contentUrl":"http:\/\/1.gravatar.com\/avatar\/73932ff8109aee94864b4504adf4d91e?s=96&d=mm&r=g","caption":"Evelyn Pineda"},"sameAs":["http:\/\/www.sporthiva.com\/"],"url":"http:\/\/www.sporthiva.com\/index.php\/author\/epineda\/"}]}},"_links":{"self":[{"href":"http:\/\/www.sporthiva.com\/index.php\/wp-json\/wp\/v2\/posts\/84281"}],"collection":[{"href":"http:\/\/www.sporthiva.com\/index.php\/wp-json\/wp\/v2\/posts"}],"about":[{"href":"http:\/\/www.sporthiva.com\/index.php\/wp-json\/wp\/v2\/types\/post"}],"author":[{"embeddable":true,"href":"http:\/\/www.sporthiva.com\/index.php\/wp-json\/wp\/v2\/users\/7"}],"replies":[{"embeddable":true,"href":"http:\/\/www.sporthiva.com\/index.php\/wp-json\/wp\/v2\/comments?post=84281"}],"version-history":[{"count":1,"href":"http:\/\/www.sporthiva.com\/index.php\/wp-json\/wp\/v2\/posts\/84281\/revisions"}],"predecessor-version":[{"id":84283,"href":"http:\/\/www.sporthiva.com\/index.php\/wp-json\/wp\/v2\/posts\/84281\/revisions\/84283"}],"wp:attachment":[{"href":"http:\/\/www.sporthiva.com\/index.php\/wp-json\/wp\/v2\/media?parent=84281"}],"wp:term":[{"taxonomy":"category","embeddable":true,"href":"http:\/\/www.sporthiva.com\/index.php\/wp-json\/wp\/v2\/categories?post=84281"},{"taxonomy":"post_tag","embeddable":true,"href":"http:\/\/www.sporthiva.com\/index.php\/wp-json\/wp\/v2\/tags?post=84281"}],"curies":[{"name":"wp","href":"https:\/\/api.w.org\/{rel}","templated":true}]}}