{"id":84747,"date":"2020-08-10T10:31:32","date_gmt":"2020-08-10T16:31:32","guid":{"rendered":"http:\/\/www.sporthiva.com\/?p=84747"},"modified":"2020-08-10T10:31:32","modified_gmt":"2020-08-10T16:31:32","slug":"el-villarreal-anuncia-la-llegada-del-japones-kubo-cedido-por-el-real-madrid","status":"publish","type":"post","link":"http:\/\/www.sporthiva.com\/index.php\/2020\/08\/10\/el-villarreal-anuncia-la-llegada-del-japones-kubo-cedido-por-el-real-madrid\/","title":{"rendered":"El Villarreal anuncia la llegada del japon\u00e9s Kubo cedido por el Real Madrid"},"content":{"rendered":"<h4><strong>El futbolista nip\u00f3n llega a la disciplina amarilla para reforzar el centro del campo para la pr\u00f3xima temporada<\/strong><\/h4>\n<p><strong>Villarreal, Castell\u00f3n, Espa\u00f1a<\/strong><\/p>\n<p>El Villarreal CF ha hecho oficial la llegada al club del futbolista japon\u00e9s, Takefusa Kubo, con el que contar\u00e1 esta temporada como cedido por parte del Real Madrid.<\/p>\n<p>Kubo llega al Villarreal como cedido y sin opci\u00f3n de compra, haci\u00e9ndose cargo el equipo de La Plana de su sueldo y, de una prima de dos millones y medio por su cesi\u00f3n. Con ello, el equipo castellonense cierra uno de los refuerzos que m\u00e1s necesitaba, ya que buscaban un jugador que cubriera la ausencia de Santi Cazorla en la l\u00ednea de creaci\u00f3n.<\/p>\n<p><strong>Vea adem\u00e1s: <\/strong><a href=\"http:\/\/www.sporthiva.com\/index.php\/2020\/08\/10\/atletico-de-madrid-anuncia-que-los-positivos-son-correa-y-vrsaljko-y-que-no-hay-mas-contagiados\/\"><strong>Atl\u00e9tico de Madrid anuncia que los positivos son Correa y Vrsaljko<\/strong><\/a><\/p>\n<p>La del jugador japon\u00e9s es una apuesta arriesgada por un joven jugador de proyecci\u00f3n para ese cometido, aunque cuenta con la confianza expresa del t\u00e9cnico Unai Emery que pidi\u00f3 su llegada desde el primer momento.<\/p>\n<p>El futbolista japon\u00e9s contaba con muchas ofertas tanto del f\u00fatbol espa\u00f1ol como del extranjero, pero la opci\u00f3n del Villarreal se ha valorado como la mejor tanto para el Real Madrid, como para el entorno del jugador.<\/p>\n<p><strong>Le interesa tambi\u00e9n: <\/strong><a href=\"http:\/\/www.sporthiva.com\/index.php\/2020\/08\/10\/los-jugadores-que-no-seguiran-en-la-juventus-de-andrea-pirlo\/\"><strong>Los jugadores que no seguir\u00e1n en la Juventus de Andrea Pirlo<\/strong><\/a><\/p>\n<p>Kubo, de 19 a\u00f1os, complet\u00f3 una muy buena temporada en su cesi\u00f3n en el RCD Mallorca, siendo uno de sus jugadores m\u00e1s destacados, marcando cuatro goles y dando cuatro asistencias de gol.<\/p>\n<p>Tras crecer en la cantera del Barcelona, regres\u00f3 a su pa\u00eds en 2016, para jugar en el F.C Tokio y Yokohama Marinos, en las campa\u00f1as 17-18 y 18-19. Tras fichar por el Real Madrid en 2019, fue cedido al Mallorca la temporada pasada y al Villarreal en la campa\u00f1a actual.<\/p>\n<blockquote class=\"twitter-tweet\">\n<p dir=\"ltr\" lang=\"ja\">El <a href=\"https:\/\/twitter.com\/hashtag\/Villarreal?src=hash&amp;ref_src=twsrc%5Etfw\">#Villarreal<\/a> y el <a href=\"https:\/\/twitter.com\/realmadrid?ref_src=twsrc%5Etfw\">@realmadrid<\/a> acuerdan \ud83e\udd1d la cesi\u00f3n de Takefusa Kubo.<\/p>\n<p>\u00a1S\u00ed, s\u00ed, s\u00ed, Take ya est\u00e1 aqu\u00ed!<\/p>\n<p>\u00a1Bienvenido \ud83d\udc9b\ud83d\udc4f!<\/p>\n<p>\u4e45\u4fdd\u5efa\u82f1\u9078\u624b\u3088\u3046\u3053\u305d\u30d3\u30b8\u30e3\u30ec\u30a2\u30eb\u3078\uff01<a href=\"https:\/\/twitter.com\/hashtag\/BenvingutKubo?src=hash&amp;ref_src=twsrc%5Etfw\">#BenvingutKubo<\/a><\/p>\n<p>\ud83d\udc49 <a href=\"https:\/\/t.co\/9vxF5L34gl\">https:\/\/t.co\/9vxF5L34gl<\/a> <a href=\"https:\/\/t.co\/RsMMtwBEwa\">pic.twitter.com\/RsMMtwBEwa<\/a><\/p>\n<p>\u2014 Villarreal CF (@VillarrealCF) <a href=\"https:\/\/twitter.com\/VillarrealCF\/status\/1292838128328351750?ref_src=twsrc%5Etfw\">August 10, 2020<\/a><\/p><\/blockquote>\n<p><script async src=\"https:\/\/platform.twitter.com\/widgets.js\" charset=\"utf-8\"><\/script><\/p>\n","protected":false},"excerpt":{"rendered":"<p>El futbolista nip\u00f3n llega a la disciplina amarilla para reforzar el centro del campo para la pr\u00f3xima temporada Villarreal, Castell\u00f3n, Espa\u00f1a El Villarreal CF ha hecho oficial la llegada al club del futbolista japon\u00e9s, Takefusa Kubo, con el que contar\u00e1 esta temporada como cedido por parte del Real Madrid. Kubo llega al Villarreal como cedido&nbsp;<\/p>\n<p><a class=\"btn btn-style\" href=\"http:\/\/www.sporthiva.com\/index.php\/2020\/08\/10\/el-villarreal-anuncia-la-llegada-del-japones-kubo-cedido-por-el-real-madrid\/\">Continuar leyendo<\/a><\/p>\n","protected":false},"author":7,"featured_media":0,"comment_status":"open","ping_status":"open","sticky":false,"template":"","format":"standard","meta":{"qubely_global_settings":"","qubely_interactions":""},"categories":[563],"tags":[],"qubely_featured_image_url":null,"qubely_author":{"display_name":"Evelyn Pineda","author_link":"http:\/\/www.sporthiva.com\/index.php\/author\/epineda\/"},"qubely_comment":0,"qubely_category":"<a href=\"http:\/\/www.sporthiva.com\/index.php\/category\/internacionales\/\" rel=\"category tag\">Internacionales<\/a>","qubely_excerpt":"El futbolista nip\u00f3n llega a la disciplina amarilla para reforzar el centro del campo para la pr\u00f3xima temporada Villarreal, Castell\u00f3n, Espa\u00f1a El Villarreal CF ha hecho oficial la llegada al club del futbolista japon\u00e9s, Takefusa Kubo, con el que contar\u00e1 esta temporada como cedido por parte del Real Madrid. Kubo llega al Villarreal como cedido&nbsp;Continuar&hellip;","yoast_head":"<!-- This site is optimized with the Yoast SEO plugin v17.8 - https:\/\/yoast.com\/wordpress\/plugins\/seo\/ -->\n<title>El Villarreal anuncia la llegada del japon\u00e9s Kubo cedido por el Real Madrid - Sporthiva Online<\/title>\n<meta name=\"robots\" content=\"index, follow, max-snippet:-1, max-image-preview:large, max-video-preview:-1\" \/>\n<link rel=\"canonical\" href=\"http:\/\/www.sporthiva.com\/index.php\/2020\/08\/10\/el-villarreal-anuncia-la-llegada-del-japones-kubo-cedido-por-el-real-madrid\/\" \/>\n<meta property=\"og:locale\" content=\"es_ES\" \/>\n<meta property=\"og:type\" content=\"article\" \/>\n<meta property=\"og:title\" content=\"El Villarreal anuncia la llegada del japon\u00e9s Kubo cedido por el Real Madrid - Sporthiva Online\" \/>\n<meta property=\"og:description\" content=\"El futbolista nip\u00f3n llega a la disciplina amarilla para reforzar el centro del campo para la pr\u00f3xima temporada Villarreal, Castell\u00f3n, Espa\u00f1a El Villarreal CF ha hecho oficial la llegada al club del futbolista japon\u00e9s, Takefusa Kubo, con el que contar\u00e1 esta temporada como cedido por parte del Real Madrid. Kubo llega al Villarreal como cedido&nbsp;Continuar leyendo\" \/>\n<meta property=\"og:url\" content=\"http:\/\/www.sporthiva.com\/index.php\/2020\/08\/10\/el-villarreal-anuncia-la-llegada-del-japones-kubo-cedido-por-el-real-madrid\/\" \/>\n<meta property=\"og:site_name\" content=\"Sporthiva Online\" \/>\n<meta property=\"article:published_time\" content=\"2020-08-10T16:31:32+00:00\" \/>\n<meta name=\"twitter:card\" content=\"summary\" \/>\n<meta name=\"twitter:label1\" content=\"Escrito por\" \/>\n\t<meta name=\"twitter:data1\" content=\"Evelyn Pineda\" \/>\n\t<meta name=\"twitter:label2\" content=\"Tiempo de lectura\" \/>\n\t<meta name=\"twitter:data2\" content=\"2 minutos\" \/>\n<script type=\"application\/ld+json\" class=\"yoast-schema-graph\">{\"@context\":\"https:\/\/schema.org\",\"@graph\":[{\"@type\":\"WebSite\",\"@id\":\"http:\/\/www.sporthiva.com\/#website\",\"url\":\"http:\/\/www.sporthiva.com\/\",\"name\":\"Sporthiva Online\",\"description\":\"Sporthiva Online\",\"potentialAction\":[{\"@type\":\"SearchAction\",\"target\":{\"@type\":\"EntryPoint\",\"urlTemplate\":\"http:\/\/www.sporthiva.com\/?s={search_term_string}\"},\"query-input\":\"required name=search_term_string\"}],\"inLanguage\":\"es\"},{\"@type\":\"WebPage\",\"@id\":\"http:\/\/www.sporthiva.com\/index.php\/2020\/08\/10\/el-villarreal-anuncia-la-llegada-del-japones-kubo-cedido-por-el-real-madrid\/#webpage\",\"url\":\"http:\/\/www.sporthiva.com\/index.php\/2020\/08\/10\/el-villarreal-anuncia-la-llegada-del-japones-kubo-cedido-por-el-real-madrid\/\",\"name\":\"El Villarreal anuncia la llegada del japon\\u00e9s Kubo cedido por el Real Madrid - Sporthiva Online\",\"isPartOf\":{\"@id\":\"http:\/\/www.sporthiva.com\/#website\"},\"datePublished\":\"2020-08-10T16:31:32+00:00\",\"dateModified\":\"2020-08-10T16:31:32+00:00\",\"author\":{\"@id\":\"http:\/\/www.sporthiva.com\/#\/schema\/person\/551718db343e60bf7d707f9085b1e611\"},\"breadcrumb\":{\"@id\":\"http:\/\/www.sporthiva.com\/index.php\/2020\/08\/10\/el-villarreal-anuncia-la-llegada-del-japones-kubo-cedido-por-el-real-madrid\/#breadcrumb\"},\"inLanguage\":\"es\",\"potentialAction\":[{\"@type\":\"ReadAction\",\"target\":[\"http:\/\/www.sporthiva.com\/index.php\/2020\/08\/10\/el-villarreal-anuncia-la-llegada-del-japones-kubo-cedido-por-el-real-madrid\/\"]}]},{\"@type\":\"BreadcrumbList\",\"@id\":\"http:\/\/www.sporthiva.com\/index.php\/2020\/08\/10\/el-villarreal-anuncia-la-llegada-del-japones-kubo-cedido-por-el-real-madrid\/#breadcrumb\",\"itemListElement\":[{\"@type\":\"ListItem\",\"position\":1,\"name\":\"Portada\",\"item\":\"http:\/\/www.sporthiva.com\/\"},{\"@type\":\"ListItem\",\"position\":2,\"name\":\"El Villarreal anuncia la llegada del japon\\u00e9s Kubo cedido por el Real Madrid\"}]},{\"@type\":\"Person\",\"@id\":\"http:\/\/www.sporthiva.com\/#\/schema\/person\/551718db343e60bf7d707f9085b1e611\",\"name\":\"Evelyn Pineda\",\"image\":{\"@type\":\"ImageObject\",\"@id\":\"http:\/\/www.sporthiva.com\/#personlogo\",\"inLanguage\":\"es\",\"url\":\"http:\/\/1.gravatar.com\/avatar\/73932ff8109aee94864b4504adf4d91e?s=96&d=mm&r=g\",\"contentUrl\":\"http:\/\/1.gravatar.com\/avatar\/73932ff8109aee94864b4504adf4d91e?s=96&d=mm&r=g\",\"caption\":\"Evelyn Pineda\"},\"sameAs\":[\"http:\/\/www.sporthiva.com\/\"],\"url\":\"http:\/\/www.sporthiva.com\/index.php\/author\/epineda\/\"}]}<\/script>\n<!-- \/ Yoast SEO plugin. -->","yoast_head_json":{"title":"El Villarreal anuncia la llegada del japon\u00e9s Kubo cedido por el Real Madrid - Sporthiva Online","robots":{"index":"index","follow":"follow","max-snippet":"max-snippet:-1","max-image-preview":"max-image-preview:large","max-video-preview":"max-video-preview:-1"},"canonical":"http:\/\/www.sporthiva.com\/index.php\/2020\/08\/10\/el-villarreal-anuncia-la-llegada-del-japones-kubo-cedido-por-el-real-madrid\/","og_locale":"es_ES","og_type":"article","og_title":"El Villarreal anuncia la llegada del japon\u00e9s Kubo cedido por el Real Madrid - Sporthiva Online","og_description":"El futbolista nip\u00f3n llega a la disciplina amarilla para reforzar el centro del campo para la pr\u00f3xima temporada Villarreal, Castell\u00f3n, Espa\u00f1a El Villarreal CF ha hecho oficial la llegada al club del futbolista japon\u00e9s, Takefusa Kubo, con el que contar\u00e1 esta temporada como cedido por parte del Real Madrid. Kubo llega al Villarreal como cedido&nbsp;Continuar leyendo","og_url":"http:\/\/www.sporthiva.com\/index.php\/2020\/08\/10\/el-villarreal-anuncia-la-llegada-del-japones-kubo-cedido-por-el-real-madrid\/","og_site_name":"Sporthiva Online","article_published_time":"2020-08-10T16:31:32+00:00","twitter_card":"summary","twitter_misc":{"Escrito por":"Evelyn Pineda","Tiempo de lectura":"2 minutos"},"schema":{"@context":"https:\/\/schema.org","@graph":[{"@type":"WebSite","@id":"http:\/\/www.sporthiva.com\/#website","url":"http:\/\/www.sporthiva.com\/","name":"Sporthiva Online","description":"Sporthiva Online","potentialAction":[{"@type":"SearchAction","target":{"@type":"EntryPoint","urlTemplate":"http:\/\/www.sporthiva.com\/?s={search_term_string}"},"query-input":"required name=search_term_string"}],"inLanguage":"es"},{"@type":"WebPage","@id":"http:\/\/www.sporthiva.com\/index.php\/2020\/08\/10\/el-villarreal-anuncia-la-llegada-del-japones-kubo-cedido-por-el-real-madrid\/#webpage","url":"http:\/\/www.sporthiva.com\/index.php\/2020\/08\/10\/el-villarreal-anuncia-la-llegada-del-japones-kubo-cedido-por-el-real-madrid\/","name":"El Villarreal anuncia la llegada del japon\u00e9s Kubo cedido por el Real Madrid - Sporthiva Online","isPartOf":{"@id":"http:\/\/www.sporthiva.com\/#website"},"datePublished":"2020-08-10T16:31:32+00:00","dateModified":"2020-08-10T16:31:32+00:00","author":{"@id":"http:\/\/www.sporthiva.com\/#\/schema\/person\/551718db343e60bf7d707f9085b1e611"},"breadcrumb":{"@id":"http:\/\/www.sporthiva.com\/index.php\/2020\/08\/10\/el-villarreal-anuncia-la-llegada-del-japones-kubo-cedido-por-el-real-madrid\/#breadcrumb"},"inLanguage":"es","potentialAction":[{"@type":"ReadAction","target":["http:\/\/www.sporthiva.com\/index.php\/2020\/08\/10\/el-villarreal-anuncia-la-llegada-del-japones-kubo-cedido-por-el-real-madrid\/"]}]},{"@type":"BreadcrumbList","@id":"http:\/\/www.sporthiva.com\/index.php\/2020\/08\/10\/el-villarreal-anuncia-la-llegada-del-japones-kubo-cedido-por-el-real-madrid\/#breadcrumb","itemListElement":[{"@type":"ListItem","position":1,"name":"Portada","item":"http:\/\/www.sporthiva.com\/"},{"@type":"ListItem","position":2,"name":"El Villarreal anuncia la llegada del japon\u00e9s Kubo cedido por el Real Madrid"}]},{"@type":"Person","@id":"http:\/\/www.sporthiva.com\/#\/schema\/person\/551718db343e60bf7d707f9085b1e611","name":"Evelyn Pineda","image":{"@type":"ImageObject","@id":"http:\/\/www.sporthiva.com\/#personlogo","inLanguage":"es","url":"http:\/\/1.gravatar.com\/avatar\/73932ff8109aee94864b4504adf4d91e?s=96&d=mm&r=g","contentUrl":"http:\/\/1.gravatar.com\/avatar\/73932ff8109aee94864b4504adf4d91e?s=96&d=mm&r=g","caption":"Evelyn Pineda"},"sameAs":["http:\/\/www.sporthiva.com\/"],"url":"http:\/\/www.sporthiva.com\/index.php\/author\/epineda\/"}]}},"_links":{"self":[{"href":"http:\/\/www.sporthiva.com\/index.php\/wp-json\/wp\/v2\/posts\/84747"}],"collection":[{"href":"http:\/\/www.sporthiva.com\/index.php\/wp-json\/wp\/v2\/posts"}],"about":[{"href":"http:\/\/www.sporthiva.com\/index.php\/wp-json\/wp\/v2\/types\/post"}],"author":[{"embeddable":true,"href":"http:\/\/www.sporthiva.com\/index.php\/wp-json\/wp\/v2\/users\/7"}],"replies":[{"embeddable":true,"href":"http:\/\/www.sporthiva.com\/index.php\/wp-json\/wp\/v2\/comments?post=84747"}],"version-history":[{"count":1,"href":"http:\/\/www.sporthiva.com\/index.php\/wp-json\/wp\/v2\/posts\/84747\/revisions"}],"predecessor-version":[{"id":84749,"href":"http:\/\/www.sporthiva.com\/index.php\/wp-json\/wp\/v2\/posts\/84747\/revisions\/84749"}],"wp:attachment":[{"href":"http:\/\/www.sporthiva.com\/index.php\/wp-json\/wp\/v2\/media?parent=84747"}],"wp:term":[{"taxonomy":"category","embeddable":true,"href":"http:\/\/www.sporthiva.com\/index.php\/wp-json\/wp\/v2\/categories?post=84747"},{"taxonomy":"post_tag","embeddable":true,"href":"http:\/\/www.sporthiva.com\/index.php\/wp-json\/wp\/v2\/tags?post=84747"}],"curies":[{"name":"wp","href":"https:\/\/api.w.org\/{rel}","templated":true}]}}