{"id":84758,"date":"2020-08-10T13:19:04","date_gmt":"2020-08-10T19:19:04","guid":{"rendered":"http:\/\/www.sporthiva.com\/?p=84758"},"modified":"2020-08-10T13:19:04","modified_gmt":"2020-08-10T19:19:04","slug":"arthur-fuera-de-la-dinamica-del-equipo-hasta-que-se-resuelva-expediente","status":"publish","type":"post","link":"http:\/\/www.sporthiva.com\/index.php\/2020\/08\/10\/arthur-fuera-de-la-dinamica-del-equipo-hasta-que-se-resuelva-expediente\/","title":{"rendered":"Arthur, fuera de la din\u00e1mica del equipo hasta que se resuelva expediente"},"content":{"rendered":"<div class=\"subtitle\">\n<h4 class=\"item\"><strong>El centrocampista brasile\u00f1o se ha reunido esta tarde con Quique Seti\u00e9n y su expediente disciplinario se resolver\u00e1 a finales de semana entre sus abogados y los del FC Barcelona<\/strong><\/h4>\n<\/div>\n<p><strong>Barcelona, Espa\u00f1a<\/strong><\/p>\n<p>El centrocampista brasile\u00f1o Arthur Melo no incorporar\u00e1 a la din\u00e1mica del primer equipo hasta que se resuelva el expediente disciplinario que le ha abierto el FC Barcelona, a ra\u00edz de su ausencia de los entrenamientos al t\u00e9rmino de la Liga de Espa\u00f1a-<\/p>\n<p>Seg\u00fan inform\u00f3 a EFE un portavoz barcelonista, est\u00e1 prevista para los pr\u00f3ximos d\u00edas una reuni\u00f3n entre los abogados del jugador y los del club, \u00abmientras tanto no podr\u00e1 entrar en ninguna din\u00e1mica de grupo ni de entrenamientos ni tampoco se desplazar\u00e1 a Lisboa\u00bb donde el Bar\u00e7a juega el pr\u00f3ximo viernes los cuartos de final de la Champions.<\/p>\n<p><strong>Vea adem\u00e1s: <\/strong><a href=\"http:\/\/www.sporthiva.com\/index.php\/2020\/08\/10\/anthony-lozano-modela-la-nueva-camiseta-del-cadiz-para-la-temporada-2020-2021-video\/\"><strong>Anthony Lozano modela la nueva camiseta del C\u00e1diz para la temporada 2020-2021 (V\u00cdDEO)<\/strong><\/a><\/p>\n<p>El Barcelona abri\u00f3 un expediente disciplinario al jugador despu\u00e9s de que \u00e9ste se quedara en Brasil y no se presentara a algunos entrenamientos e intentara forzar su salida de la entidad azulgrana antes de hora, puesto que est\u00e1 traspasado al Juventus, pero tiene contrato con los azulgrana hasta el 1 de septiembre.<\/p>\n<p>El jugador se reuni\u00f3 la ma\u00f1ana de este lunes con el director deportivo del Barcelona, Eric Abidal. Arthur explic\u00f3 durante una hora las razones por las que no se incorpor\u00f3 al equipo cuando se lo orden\u00f3 el club, entre ellas que entend\u00eda que no iba a jugar m\u00e1s en lo que restaba de temporada.<\/p>\n<p><strong>Le interesa tambi\u00e9n: <\/strong><a href=\"http:\/\/www.sporthiva.com\/index.php\/2020\/08\/10\/el-villarreal-anuncia-la-llegada-del-japones-kubo-cedido-por-el-real-madrid\/\"><strong>El Villarreal anuncia la llegada del japon\u00e9s Kubo cedido por el Real Madrid<\/strong><\/a><\/p>\n<p>El encuentro era para acercar posturas, pero el Bar\u00e7a no se ha desdicho de su idea de cerrar el expediente disciplinario abierto y que le podr\u00eda acarrear una sanci\u00f3n. Tras la reuni\u00f3n de Abidal y Arthur, el secretario t\u00e9cnico barcelonista tambi\u00e9n mantuvo posteriormente por la tarde una reuni\u00f3n con Quique Seti\u00e9n.<\/p>\n<p>El brasile\u00f1o fue traspasado al Juventus por 72 millones (10 m\u00e1s variables) y hasta que no se resuelva su situaci\u00f3n con el Bar\u00e7a no podr\u00e1 incorporarse a la disciplina del cuadro piamont\u00e9s.<\/p>\n","protected":false},"excerpt":{"rendered":"<p>El centrocampista brasile\u00f1o se ha reunido esta tarde con Quique Seti\u00e9n y su expediente disciplinario se resolver\u00e1 a finales de semana entre sus abogados y los del FC Barcelona Barcelona, Espa\u00f1a El centrocampista brasile\u00f1o Arthur Melo no incorporar\u00e1 a la din\u00e1mica del primer equipo hasta que se resuelva el expediente disciplinario que le ha abierto&nbsp;<\/p>\n<p><a class=\"btn btn-style\" href=\"http:\/\/www.sporthiva.com\/index.php\/2020\/08\/10\/arthur-fuera-de-la-dinamica-del-equipo-hasta-que-se-resuelva-expediente\/\">Continuar leyendo<\/a><\/p>\n","protected":false},"author":7,"featured_media":0,"comment_status":"open","ping_status":"open","sticky":false,"template":"","format":"standard","meta":{"qubely_global_settings":"","qubely_interactions":""},"categories":[563],"tags":[],"qubely_featured_image_url":null,"qubely_author":{"display_name":"Evelyn Pineda","author_link":"http:\/\/www.sporthiva.com\/index.php\/author\/epineda\/"},"qubely_comment":0,"qubely_category":"<a href=\"http:\/\/www.sporthiva.com\/index.php\/category\/internacionales\/\" rel=\"category tag\">Internacionales<\/a>","qubely_excerpt":"El centrocampista brasile\u00f1o se ha reunido esta tarde con Quique Seti\u00e9n y su expediente disciplinario se resolver\u00e1 a finales de semana entre sus abogados y los del FC Barcelona Barcelona, Espa\u00f1a El centrocampista brasile\u00f1o Arthur Melo no incorporar\u00e1 a la din\u00e1mica del primer equipo hasta que se resuelva el expediente disciplinario que le ha abierto&nbsp;Continuar&hellip;","yoast_head":"<!-- This site is optimized with the Yoast SEO plugin v17.8 - https:\/\/yoast.com\/wordpress\/plugins\/seo\/ -->\n<title>Arthur, fuera de la din\u00e1mica del equipo hasta que se resuelva expediente - Sporthiva Online<\/title>\n<meta name=\"robots\" content=\"index, follow, max-snippet:-1, max-image-preview:large, max-video-preview:-1\" \/>\n<link rel=\"canonical\" href=\"http:\/\/www.sporthiva.com\/index.php\/2020\/08\/10\/arthur-fuera-de-la-dinamica-del-equipo-hasta-que-se-resuelva-expediente\/\" \/>\n<meta property=\"og:locale\" content=\"es_ES\" \/>\n<meta property=\"og:type\" content=\"article\" \/>\n<meta property=\"og:title\" content=\"Arthur, fuera de la din\u00e1mica del equipo hasta que se resuelva expediente - Sporthiva Online\" \/>\n<meta property=\"og:description\" content=\"El centrocampista brasile\u00f1o se ha reunido esta tarde con Quique Seti\u00e9n y su expediente disciplinario se resolver\u00e1 a finales de semana entre sus abogados y los del FC Barcelona Barcelona, Espa\u00f1a El centrocampista brasile\u00f1o Arthur Melo no incorporar\u00e1 a la din\u00e1mica del primer equipo hasta que se resuelva el expediente disciplinario que le ha abierto&nbsp;Continuar leyendo\" \/>\n<meta property=\"og:url\" content=\"http:\/\/www.sporthiva.com\/index.php\/2020\/08\/10\/arthur-fuera-de-la-dinamica-del-equipo-hasta-que-se-resuelva-expediente\/\" \/>\n<meta property=\"og:site_name\" content=\"Sporthiva Online\" \/>\n<meta property=\"article:published_time\" content=\"2020-08-10T19:19:04+00:00\" \/>\n<meta name=\"twitter:card\" content=\"summary\" \/>\n<meta name=\"twitter:label1\" content=\"Escrito por\" \/>\n\t<meta name=\"twitter:data1\" content=\"Evelyn Pineda\" \/>\n\t<meta name=\"twitter:label2\" content=\"Tiempo de lectura\" \/>\n\t<meta name=\"twitter:data2\" content=\"2 minutos\" \/>\n<script type=\"application\/ld+json\" class=\"yoast-schema-graph\">{\"@context\":\"https:\/\/schema.org\",\"@graph\":[{\"@type\":\"WebSite\",\"@id\":\"http:\/\/www.sporthiva.com\/#website\",\"url\":\"http:\/\/www.sporthiva.com\/\",\"name\":\"Sporthiva Online\",\"description\":\"Sporthiva Online\",\"potentialAction\":[{\"@type\":\"SearchAction\",\"target\":{\"@type\":\"EntryPoint\",\"urlTemplate\":\"http:\/\/www.sporthiva.com\/?s={search_term_string}\"},\"query-input\":\"required name=search_term_string\"}],\"inLanguage\":\"es\"},{\"@type\":\"WebPage\",\"@id\":\"http:\/\/www.sporthiva.com\/index.php\/2020\/08\/10\/arthur-fuera-de-la-dinamica-del-equipo-hasta-que-se-resuelva-expediente\/#webpage\",\"url\":\"http:\/\/www.sporthiva.com\/index.php\/2020\/08\/10\/arthur-fuera-de-la-dinamica-del-equipo-hasta-que-se-resuelva-expediente\/\",\"name\":\"Arthur, fuera de la din\\u00e1mica del equipo hasta que se resuelva expediente - Sporthiva Online\",\"isPartOf\":{\"@id\":\"http:\/\/www.sporthiva.com\/#website\"},\"datePublished\":\"2020-08-10T19:19:04+00:00\",\"dateModified\":\"2020-08-10T19:19:04+00:00\",\"author\":{\"@id\":\"http:\/\/www.sporthiva.com\/#\/schema\/person\/551718db343e60bf7d707f9085b1e611\"},\"breadcrumb\":{\"@id\":\"http:\/\/www.sporthiva.com\/index.php\/2020\/08\/10\/arthur-fuera-de-la-dinamica-del-equipo-hasta-que-se-resuelva-expediente\/#breadcrumb\"},\"inLanguage\":\"es\",\"potentialAction\":[{\"@type\":\"ReadAction\",\"target\":[\"http:\/\/www.sporthiva.com\/index.php\/2020\/08\/10\/arthur-fuera-de-la-dinamica-del-equipo-hasta-que-se-resuelva-expediente\/\"]}]},{\"@type\":\"BreadcrumbList\",\"@id\":\"http:\/\/www.sporthiva.com\/index.php\/2020\/08\/10\/arthur-fuera-de-la-dinamica-del-equipo-hasta-que-se-resuelva-expediente\/#breadcrumb\",\"itemListElement\":[{\"@type\":\"ListItem\",\"position\":1,\"name\":\"Portada\",\"item\":\"http:\/\/www.sporthiva.com\/\"},{\"@type\":\"ListItem\",\"position\":2,\"name\":\"Arthur, fuera de la din\\u00e1mica del equipo hasta que se resuelva expediente\"}]},{\"@type\":\"Person\",\"@id\":\"http:\/\/www.sporthiva.com\/#\/schema\/person\/551718db343e60bf7d707f9085b1e611\",\"name\":\"Evelyn Pineda\",\"image\":{\"@type\":\"ImageObject\",\"@id\":\"http:\/\/www.sporthiva.com\/#personlogo\",\"inLanguage\":\"es\",\"url\":\"http:\/\/1.gravatar.com\/avatar\/73932ff8109aee94864b4504adf4d91e?s=96&d=mm&r=g\",\"contentUrl\":\"http:\/\/1.gravatar.com\/avatar\/73932ff8109aee94864b4504adf4d91e?s=96&d=mm&r=g\",\"caption\":\"Evelyn Pineda\"},\"sameAs\":[\"http:\/\/www.sporthiva.com\/\"],\"url\":\"http:\/\/www.sporthiva.com\/index.php\/author\/epineda\/\"}]}<\/script>\n<!-- \/ Yoast SEO plugin. -->","yoast_head_json":{"title":"Arthur, fuera de la din\u00e1mica del equipo hasta que se resuelva expediente - Sporthiva Online","robots":{"index":"index","follow":"follow","max-snippet":"max-snippet:-1","max-image-preview":"max-image-preview:large","max-video-preview":"max-video-preview:-1"},"canonical":"http:\/\/www.sporthiva.com\/index.php\/2020\/08\/10\/arthur-fuera-de-la-dinamica-del-equipo-hasta-que-se-resuelva-expediente\/","og_locale":"es_ES","og_type":"article","og_title":"Arthur, fuera de la din\u00e1mica del equipo hasta que se resuelva expediente - Sporthiva Online","og_description":"El centrocampista brasile\u00f1o se ha reunido esta tarde con Quique Seti\u00e9n y su expediente disciplinario se resolver\u00e1 a finales de semana entre sus abogados y los del FC Barcelona Barcelona, Espa\u00f1a El centrocampista brasile\u00f1o Arthur Melo no incorporar\u00e1 a la din\u00e1mica del primer equipo hasta que se resuelva el expediente disciplinario que le ha abierto&nbsp;Continuar leyendo","og_url":"http:\/\/www.sporthiva.com\/index.php\/2020\/08\/10\/arthur-fuera-de-la-dinamica-del-equipo-hasta-que-se-resuelva-expediente\/","og_site_name":"Sporthiva Online","article_published_time":"2020-08-10T19:19:04+00:00","twitter_card":"summary","twitter_misc":{"Escrito por":"Evelyn Pineda","Tiempo de lectura":"2 minutos"},"schema":{"@context":"https:\/\/schema.org","@graph":[{"@type":"WebSite","@id":"http:\/\/www.sporthiva.com\/#website","url":"http:\/\/www.sporthiva.com\/","name":"Sporthiva Online","description":"Sporthiva Online","potentialAction":[{"@type":"SearchAction","target":{"@type":"EntryPoint","urlTemplate":"http:\/\/www.sporthiva.com\/?s={search_term_string}"},"query-input":"required name=search_term_string"}],"inLanguage":"es"},{"@type":"WebPage","@id":"http:\/\/www.sporthiva.com\/index.php\/2020\/08\/10\/arthur-fuera-de-la-dinamica-del-equipo-hasta-que-se-resuelva-expediente\/#webpage","url":"http:\/\/www.sporthiva.com\/index.php\/2020\/08\/10\/arthur-fuera-de-la-dinamica-del-equipo-hasta-que-se-resuelva-expediente\/","name":"Arthur, fuera de la din\u00e1mica del equipo hasta que se resuelva expediente - Sporthiva Online","isPartOf":{"@id":"http:\/\/www.sporthiva.com\/#website"},"datePublished":"2020-08-10T19:19:04+00:00","dateModified":"2020-08-10T19:19:04+00:00","author":{"@id":"http:\/\/www.sporthiva.com\/#\/schema\/person\/551718db343e60bf7d707f9085b1e611"},"breadcrumb":{"@id":"http:\/\/www.sporthiva.com\/index.php\/2020\/08\/10\/arthur-fuera-de-la-dinamica-del-equipo-hasta-que-se-resuelva-expediente\/#breadcrumb"},"inLanguage":"es","potentialAction":[{"@type":"ReadAction","target":["http:\/\/www.sporthiva.com\/index.php\/2020\/08\/10\/arthur-fuera-de-la-dinamica-del-equipo-hasta-que-se-resuelva-expediente\/"]}]},{"@type":"BreadcrumbList","@id":"http:\/\/www.sporthiva.com\/index.php\/2020\/08\/10\/arthur-fuera-de-la-dinamica-del-equipo-hasta-que-se-resuelva-expediente\/#breadcrumb","itemListElement":[{"@type":"ListItem","position":1,"name":"Portada","item":"http:\/\/www.sporthiva.com\/"},{"@type":"ListItem","position":2,"name":"Arthur, fuera de la din\u00e1mica del equipo hasta que se resuelva expediente"}]},{"@type":"Person","@id":"http:\/\/www.sporthiva.com\/#\/schema\/person\/551718db343e60bf7d707f9085b1e611","name":"Evelyn Pineda","image":{"@type":"ImageObject","@id":"http:\/\/www.sporthiva.com\/#personlogo","inLanguage":"es","url":"http:\/\/1.gravatar.com\/avatar\/73932ff8109aee94864b4504adf4d91e?s=96&d=mm&r=g","contentUrl":"http:\/\/1.gravatar.com\/avatar\/73932ff8109aee94864b4504adf4d91e?s=96&d=mm&r=g","caption":"Evelyn Pineda"},"sameAs":["http:\/\/www.sporthiva.com\/"],"url":"http:\/\/www.sporthiva.com\/index.php\/author\/epineda\/"}]}},"_links":{"self":[{"href":"http:\/\/www.sporthiva.com\/index.php\/wp-json\/wp\/v2\/posts\/84758"}],"collection":[{"href":"http:\/\/www.sporthiva.com\/index.php\/wp-json\/wp\/v2\/posts"}],"about":[{"href":"http:\/\/www.sporthiva.com\/index.php\/wp-json\/wp\/v2\/types\/post"}],"author":[{"embeddable":true,"href":"http:\/\/www.sporthiva.com\/index.php\/wp-json\/wp\/v2\/users\/7"}],"replies":[{"embeddable":true,"href":"http:\/\/www.sporthiva.com\/index.php\/wp-json\/wp\/v2\/comments?post=84758"}],"version-history":[{"count":1,"href":"http:\/\/www.sporthiva.com\/index.php\/wp-json\/wp\/v2\/posts\/84758\/revisions"}],"predecessor-version":[{"id":84760,"href":"http:\/\/www.sporthiva.com\/index.php\/wp-json\/wp\/v2\/posts\/84758\/revisions\/84760"}],"wp:attachment":[{"href":"http:\/\/www.sporthiva.com\/index.php\/wp-json\/wp\/v2\/media?parent=84758"}],"wp:term":[{"taxonomy":"category","embeddable":true,"href":"http:\/\/www.sporthiva.com\/index.php\/wp-json\/wp\/v2\/categories?post=84758"},{"taxonomy":"post_tag","embeddable":true,"href":"http:\/\/www.sporthiva.com\/index.php\/wp-json\/wp\/v2\/tags?post=84758"}],"curies":[{"name":"wp","href":"https:\/\/api.w.org\/{rel}","templated":true}]}}