{"id":86501,"date":"2020-09-09T15:59:07","date_gmt":"2020-09-09T21:59:07","guid":{"rendered":"http:\/\/www.sporthiva.com\/?p=86501"},"modified":"2020-09-09T15:59:07","modified_gmt":"2020-09-09T21:59:07","slug":"mesut-ozil-cita-a-cristiano-ramos-casillas-y-cazorla-en-su-once-ideal","status":"publish","type":"post","link":"http:\/\/www.sporthiva.com\/index.php\/2020\/09\/09\/mesut-ozil-cita-a-cristiano-ramos-casillas-y-cazorla-en-su-once-ideal\/","title":{"rendered":"Mesut \u00d6zil cita a Cristiano, Ramos, Casillas y Cazorla en su once ideal"},"content":{"rendered":"<h4 class=\"subtitulo\"><strong>El futbolista del Arsenal ha participado en una ronda de preguntas y respuestas en Twitter bajo el hashtag #AskMesut<\/strong><\/h4>\n<p><strong>Londres, Inglaterra<\/strong><\/p>\n<p>Mesut \u00d6zil, futbolista del Arsenal de Inglaterra, mencion\u00f3 a Cristiano Ronaldo, Sergio Ramos, Iker Casillas y Santi Cazorla, entre otros, en su once ideal.<\/p>\n<p>El jugador alem\u00e1n, que no parece entrar en los planes de Mikel Arteta en el Arsenal, respondi\u00f3 a una serie de cuestiones en Twitter en las que cit\u00f3 a qu\u00e9 jugadores reunir\u00eda si pudiera hacer un once de ensue\u00f1o.<\/p>\n<p><strong>Vea adem\u00e1s: <\/strong><a href=\"http:\/\/www.sporthiva.com\/index.php\/2020\/09\/09\/holanda-suspendera-ascensos-y-descensos-si-se-juega-menos-del-85\/\"><strong>Holanda suspender\u00e1 ascensos y descensos si se juega menos del 85%<\/strong><\/a><\/p>\n<p>El campe\u00f3n del mundo en 2014 nombr\u00f3 a Iker Casillas, Philipp Lahm, Sergio Ramos, Jerome Boateng, Marcelo, Xabi Alonso, Santi Cazorla, \u00c1ngel Di Mar\u00eda, Kak\u00e1, Cristiano Ronaldo y Karim Benzema.<\/p>\n<p>Adem\u00e1s, \u00d6zil tambi\u00e9n asegur\u00f3 en otras preguntas que se encuentra disponible para jugar y que f\u00edsicamente est\u00e1 bien, pero que las decisiones de elegir el once cada fin de semana \u00abrecaen en otras manos\u00bb.<\/p>\n<p><strong>Le interesa tambi\u00e9n: <\/strong><a href=\"http:\/\/www.sporthiva.com\/index.php\/2020\/09\/09\/el-hondureno-denil-maldonado-es-presentado-por-el-everton-de-chile\/\"><strong>El hondure\u00f1o Denil Maldonado es presentado por el Everton de Chile<\/strong><\/a><\/p>\n<p>El alem\u00e1n, al que resta un a\u00f1o de contrato en Londres, no parece tener una salida clara del equipo Gunner por su alta ficha. La temporada pasada solo disput\u00f3 22 encuentros en total y no juega un solo minuto desde el pasado mes de marzo, adem\u00e1s de no haber entrado en la convocatoria de los \u00faltimos ocho partidos de los de Arteta.<\/p>\n<p>En definitiva, de todos los clubes en los que ha jugado el alem\u00e1n (Schalke, Werder Bremen, Real Madrid y Arsenal, adem\u00e1s de la selecci\u00f3n germana) \u00d6zil considera que el club blanco fue en el que coincidi\u00f3 con los mejores futbolistas, ya que ha incluido al menos ocho en su once ideal. <strong><br \/>\n<\/strong><\/p>\n<blockquote class=\"twitter-tweet\">\n<p dir=\"ltr\" lang=\"es\">Casillas<\/p>\n<p>Lahm &#8211; Ramos &#8211; Boateng &#8211; Marcelo<\/p>\n<p>Xabi Alonso &#8211; Cazorla<\/p>\n<p>Di Maria &#8211; Kaka &#8211; C. Ronaldo<\/p>\n<p>Benzema<a href=\"https:\/\/twitter.com\/hashtag\/AskMesut?src=hash&amp;ref_src=twsrc%5Etfw\">#AskMesut<\/a> <a href=\"https:\/\/twitter.com\/hashtag\/BestXI?src=hash&amp;ref_src=twsrc%5Etfw\">#BestXI<\/a> <a href=\"https:\/\/t.co\/Mzyxf9rJWN\">https:\/\/t.co\/Mzyxf9rJWN<\/a><\/p>\n<p>\u2014 Mesut \u00d6zil (@MesutOzil1088) <a href=\"https:\/\/twitter.com\/MesutOzil1088\/status\/1303696437025353732?ref_src=twsrc%5Etfw\">September 9, 2020<\/a><\/p><\/blockquote>\n<p><script async src=\"https:\/\/platform.twitter.com\/widgets.js\" charset=\"utf-8\"><\/script><\/p>\n","protected":false},"excerpt":{"rendered":"<p>El futbolista del Arsenal ha participado en una ronda de preguntas y respuestas en Twitter bajo el hashtag #AskMesut Londres, Inglaterra Mesut \u00d6zil, futbolista del Arsenal de Inglaterra, mencion\u00f3 a Cristiano Ronaldo, Sergio Ramos, Iker Casillas y Santi Cazorla, entre otros, en su once ideal. El jugador alem\u00e1n, que no parece entrar en los planes&nbsp;<\/p>\n<p><a class=\"btn btn-style\" href=\"http:\/\/www.sporthiva.com\/index.php\/2020\/09\/09\/mesut-ozil-cita-a-cristiano-ramos-casillas-y-cazorla-en-su-once-ideal\/\">Continuar leyendo<\/a><\/p>\n","protected":false},"author":7,"featured_media":86503,"comment_status":"open","ping_status":"open","sticky":false,"template":"","format":"standard","meta":{"qubely_global_settings":"","qubely_interactions":""},"categories":[563],"tags":[],"qubely_featured_image_url":{"full":["http:\/\/www.sporthiva.com\/wp-content\/uploads\/2020\/09\/ozil-once.jpg",770,470,false],"landscape":["http:\/\/www.sporthiva.com\/wp-content\/uploads\/2020\/09\/ozil-once.jpg",770,470,false],"portraits":["http:\/\/www.sporthiva.com\/wp-content\/uploads\/2020\/09\/ozil-once-540x320.jpg",540,320,true],"thumbnail":["http:\/\/www.sporthiva.com\/wp-content\/uploads\/2020\/09\/ozil-once-150x150.jpg",150,150,true],"medium":["http:\/\/www.sporthiva.com\/wp-content\/uploads\/2020\/09\/ozil-once-621x379.jpg",621,379,true],"medium_large":["http:\/\/www.sporthiva.com\/wp-content\/uploads\/2020\/09\/ozil-once-768x469.jpg",768,469,true],"large":["http:\/\/www.sporthiva.com\/wp-content\/uploads\/2020\/09\/ozil-once.jpg",770,470,false],"1536x1536":["http:\/\/www.sporthiva.com\/wp-content\/uploads\/2020\/09\/ozil-once.jpg",770,470,false],"2048x2048":["http:\/\/www.sporthiva.com\/wp-content\/uploads\/2020\/09\/ozil-once.jpg",770,470,false],"alm-thumbnail":["http:\/\/www.sporthiva.com\/wp-content\/uploads\/2020\/09\/ozil-once-150x150.jpg",150,150,true],"qubely_landscape":["http:\/\/www.sporthiva.com\/wp-content\/uploads\/2020\/09\/ozil-once.jpg",770,470,false],"qubely_portrait":["http:\/\/www.sporthiva.com\/wp-content\/uploads\/2020\/09\/ozil-once-540x320.jpg",540,320,true],"qubely_thumbnail":["http:\/\/www.sporthiva.com\/wp-content\/uploads\/2020\/09\/ozil-once-140x100.jpg",140,100,true],"sportspress-crop-medium":["http:\/\/www.sporthiva.com\/wp-content\/uploads\/2020\/09\/ozil-once-300x300.jpg",300,300,true],"sportspress-fit-medium":["http:\/\/www.sporthiva.com\/wp-content\/uploads\/2020\/09\/ozil-once-300x183.jpg",300,183,true],"sportspress-fit-icon":["http:\/\/www.sporthiva.com\/wp-content\/uploads\/2020\/09\/ozil-once-128x78.jpg",128,78,true],"sportspress-fit-mini":["http:\/\/www.sporthiva.com\/wp-content\/uploads\/2020\/09\/ozil-once-32x20.jpg",32,20,true],"heighlights":["http:\/\/www.sporthiva.com\/wp-content\/uploads\/2020\/09\/ozil-once-460x470.jpg",460,470,true],"video-thumb":["http:\/\/www.sporthiva.com\/wp-content\/uploads\/2020\/09\/ozil-once-360x235.jpg",360,235,true],"video-thumb2":["http:\/\/www.sporthiva.com\/wp-content\/uploads\/2020\/09\/ozil-once-360x422.jpg",360,422,true],"blog-thumb":["http:\/\/www.sporthiva.com\/wp-content\/uploads\/2020\/09\/ozil-once-175x150.jpg",175,150,true],"blog-medium":["http:\/\/www.sporthiva.com\/wp-content\/uploads\/2020\/09\/ozil-once-750x350.jpg",750,350,true],"blog-full":["http:\/\/www.sporthiva.com\/wp-content\/uploads\/2020\/09\/ozil-once.jpg",770,470,false],"popular-post":["http:\/\/www.sporthiva.com\/wp-content\/uploads\/2020\/09\/ozil-once-560x470.jpg",560,470,true],"heighlights-post":["http:\/\/www.sporthiva.com\/wp-content\/uploads\/2020\/09\/ozil-once-262x236.jpg",262,236,true],"player-thumb":["http:\/\/www.sporthiva.com\/wp-content\/uploads\/2020\/09\/ozil-once-270x150.jpg",270,150,true],"wp_rp_thumbnail":["http:\/\/www.sporthiva.com\/wp-content\/uploads\/2020\/09\/ozil-once-150x150.jpg",150,150,true]},"qubely_author":{"display_name":"Evelyn Pineda","author_link":"http:\/\/www.sporthiva.com\/index.php\/author\/epineda\/"},"qubely_comment":0,"qubely_category":"<a href=\"http:\/\/www.sporthiva.com\/index.php\/category\/internacionales\/\" rel=\"category tag\">Internacionales<\/a>","qubely_excerpt":"El futbolista del Arsenal ha participado en una ronda de preguntas y respuestas en Twitter bajo el hashtag #AskMesut Londres, Inglaterra Mesut \u00d6zil, futbolista del Arsenal de Inglaterra, mencion\u00f3 a Cristiano Ronaldo, Sergio Ramos, Iker Casillas y Santi Cazorla, entre otros, en su once ideal. El jugador alem\u00e1n, que no parece entrar en los planes&nbsp;Continuar&hellip;","yoast_head":"<!-- This site is optimized with the Yoast SEO plugin v17.8 - https:\/\/yoast.com\/wordpress\/plugins\/seo\/ -->\n<title>Mesut \u00d6zil cita a Cristiano, Ramos, Casillas y Cazorla en su once ideal - Sporthiva Online<\/title>\n<meta name=\"robots\" content=\"index, follow, max-snippet:-1, max-image-preview:large, max-video-preview:-1\" \/>\n<link rel=\"canonical\" href=\"http:\/\/www.sporthiva.com\/index.php\/2020\/09\/09\/mesut-ozil-cita-a-cristiano-ramos-casillas-y-cazorla-en-su-once-ideal\/\" \/>\n<meta property=\"og:locale\" content=\"es_ES\" \/>\n<meta property=\"og:type\" content=\"article\" \/>\n<meta property=\"og:title\" content=\"Mesut \u00d6zil cita a Cristiano, Ramos, Casillas y Cazorla en su once ideal - Sporthiva Online\" \/>\n<meta property=\"og:description\" content=\"El futbolista del Arsenal ha participado en una ronda de preguntas y respuestas en Twitter bajo el hashtag #AskMesut Londres, Inglaterra Mesut \u00d6zil, futbolista del Arsenal de Inglaterra, mencion\u00f3 a Cristiano Ronaldo, Sergio Ramos, Iker Casillas y Santi Cazorla, entre otros, en su once ideal. El jugador alem\u00e1n, que no parece entrar en los planes&nbsp;Continuar leyendo\" \/>\n<meta property=\"og:url\" content=\"http:\/\/www.sporthiva.com\/index.php\/2020\/09\/09\/mesut-ozil-cita-a-cristiano-ramos-casillas-y-cazorla-en-su-once-ideal\/\" \/>\n<meta property=\"og:site_name\" content=\"Sporthiva Online\" \/>\n<meta property=\"article:published_time\" content=\"2020-09-09T21:59:07+00:00\" \/>\n<meta property=\"og:image\" content=\"http:\/\/www.sporthiva.com\/wp-content\/uploads\/2020\/09\/ozil-once.jpg\" \/>\n\t<meta property=\"og:image:width\" content=\"770\" \/>\n\t<meta property=\"og:image:height\" content=\"470\" \/>\n<meta name=\"twitter:card\" content=\"summary\" \/>\n<meta name=\"twitter:label1\" content=\"Escrito por\" \/>\n\t<meta name=\"twitter:data1\" content=\"Evelyn Pineda\" \/>\n\t<meta name=\"twitter:label2\" content=\"Tiempo de lectura\" \/>\n\t<meta name=\"twitter:data2\" content=\"2 minutos\" \/>\n<script type=\"application\/ld+json\" class=\"yoast-schema-graph\">{\"@context\":\"https:\/\/schema.org\",\"@graph\":[{\"@type\":\"WebSite\",\"@id\":\"http:\/\/www.sporthiva.com\/#website\",\"url\":\"http:\/\/www.sporthiva.com\/\",\"name\":\"Sporthiva Online\",\"description\":\"Sporthiva Online\",\"potentialAction\":[{\"@type\":\"SearchAction\",\"target\":{\"@type\":\"EntryPoint\",\"urlTemplate\":\"http:\/\/www.sporthiva.com\/?s={search_term_string}\"},\"query-input\":\"required name=search_term_string\"}],\"inLanguage\":\"es\"},{\"@type\":\"ImageObject\",\"@id\":\"http:\/\/www.sporthiva.com\/index.php\/2020\/09\/09\/mesut-ozil-cita-a-cristiano-ramos-casillas-y-cazorla-en-su-once-ideal\/#primaryimage\",\"inLanguage\":\"es\",\"url\":\"http:\/\/www.sporthiva.com\/wp-content\/uploads\/2020\/09\/ozil-once.jpg\",\"contentUrl\":\"http:\/\/www.sporthiva.com\/wp-content\/uploads\/2020\/09\/ozil-once.jpg\",\"width\":770,\"height\":470},{\"@type\":\"WebPage\",\"@id\":\"http:\/\/www.sporthiva.com\/index.php\/2020\/09\/09\/mesut-ozil-cita-a-cristiano-ramos-casillas-y-cazorla-en-su-once-ideal\/#webpage\",\"url\":\"http:\/\/www.sporthiva.com\/index.php\/2020\/09\/09\/mesut-ozil-cita-a-cristiano-ramos-casillas-y-cazorla-en-su-once-ideal\/\",\"name\":\"Mesut \\u00d6zil cita a Cristiano, Ramos, Casillas y Cazorla en su once ideal - Sporthiva Online\",\"isPartOf\":{\"@id\":\"http:\/\/www.sporthiva.com\/#website\"},\"primaryImageOfPage\":{\"@id\":\"http:\/\/www.sporthiva.com\/index.php\/2020\/09\/09\/mesut-ozil-cita-a-cristiano-ramos-casillas-y-cazorla-en-su-once-ideal\/#primaryimage\"},\"datePublished\":\"2020-09-09T21:59:07+00:00\",\"dateModified\":\"2020-09-09T21:59:07+00:00\",\"author\":{\"@id\":\"http:\/\/www.sporthiva.com\/#\/schema\/person\/551718db343e60bf7d707f9085b1e611\"},\"breadcrumb\":{\"@id\":\"http:\/\/www.sporthiva.com\/index.php\/2020\/09\/09\/mesut-ozil-cita-a-cristiano-ramos-casillas-y-cazorla-en-su-once-ideal\/#breadcrumb\"},\"inLanguage\":\"es\",\"potentialAction\":[{\"@type\":\"ReadAction\",\"target\":[\"http:\/\/www.sporthiva.com\/index.php\/2020\/09\/09\/mesut-ozil-cita-a-cristiano-ramos-casillas-y-cazorla-en-su-once-ideal\/\"]}]},{\"@type\":\"BreadcrumbList\",\"@id\":\"http:\/\/www.sporthiva.com\/index.php\/2020\/09\/09\/mesut-ozil-cita-a-cristiano-ramos-casillas-y-cazorla-en-su-once-ideal\/#breadcrumb\",\"itemListElement\":[{\"@type\":\"ListItem\",\"position\":1,\"name\":\"Portada\",\"item\":\"http:\/\/www.sporthiva.com\/\"},{\"@type\":\"ListItem\",\"position\":2,\"name\":\"Mesut \\u00d6zil cita a Cristiano, Ramos, Casillas y Cazorla en su once ideal\"}]},{\"@type\":\"Person\",\"@id\":\"http:\/\/www.sporthiva.com\/#\/schema\/person\/551718db343e60bf7d707f9085b1e611\",\"name\":\"Evelyn Pineda\",\"image\":{\"@type\":\"ImageObject\",\"@id\":\"http:\/\/www.sporthiva.com\/#personlogo\",\"inLanguage\":\"es\",\"url\":\"http:\/\/1.gravatar.com\/avatar\/73932ff8109aee94864b4504adf4d91e?s=96&d=mm&r=g\",\"contentUrl\":\"http:\/\/1.gravatar.com\/avatar\/73932ff8109aee94864b4504adf4d91e?s=96&d=mm&r=g\",\"caption\":\"Evelyn Pineda\"},\"sameAs\":[\"http:\/\/www.sporthiva.com\/\"],\"url\":\"http:\/\/www.sporthiva.com\/index.php\/author\/epineda\/\"}]}<\/script>\n<!-- \/ Yoast SEO plugin. -->","yoast_head_json":{"title":"Mesut \u00d6zil cita a Cristiano, Ramos, Casillas y Cazorla en su once ideal - Sporthiva Online","robots":{"index":"index","follow":"follow","max-snippet":"max-snippet:-1","max-image-preview":"max-image-preview:large","max-video-preview":"max-video-preview:-1"},"canonical":"http:\/\/www.sporthiva.com\/index.php\/2020\/09\/09\/mesut-ozil-cita-a-cristiano-ramos-casillas-y-cazorla-en-su-once-ideal\/","og_locale":"es_ES","og_type":"article","og_title":"Mesut \u00d6zil cita a Cristiano, Ramos, Casillas y Cazorla en su once ideal - Sporthiva Online","og_description":"El futbolista del Arsenal ha participado en una ronda de preguntas y respuestas en Twitter bajo el hashtag #AskMesut Londres, Inglaterra Mesut \u00d6zil, futbolista del Arsenal de Inglaterra, mencion\u00f3 a Cristiano Ronaldo, Sergio Ramos, Iker Casillas y Santi Cazorla, entre otros, en su once ideal. El jugador alem\u00e1n, que no parece entrar en los planes&nbsp;Continuar leyendo","og_url":"http:\/\/www.sporthiva.com\/index.php\/2020\/09\/09\/mesut-ozil-cita-a-cristiano-ramos-casillas-y-cazorla-en-su-once-ideal\/","og_site_name":"Sporthiva Online","article_published_time":"2020-09-09T21:59:07+00:00","og_image":[{"width":770,"height":470,"url":"http:\/\/www.sporthiva.com\/wp-content\/uploads\/2020\/09\/ozil-once.jpg","type":"image\/jpeg"}],"twitter_card":"summary","twitter_misc":{"Escrito por":"Evelyn Pineda","Tiempo de lectura":"2 minutos"},"schema":{"@context":"https:\/\/schema.org","@graph":[{"@type":"WebSite","@id":"http:\/\/www.sporthiva.com\/#website","url":"http:\/\/www.sporthiva.com\/","name":"Sporthiva Online","description":"Sporthiva Online","potentialAction":[{"@type":"SearchAction","target":{"@type":"EntryPoint","urlTemplate":"http:\/\/www.sporthiva.com\/?s={search_term_string}"},"query-input":"required name=search_term_string"}],"inLanguage":"es"},{"@type":"ImageObject","@id":"http:\/\/www.sporthiva.com\/index.php\/2020\/09\/09\/mesut-ozil-cita-a-cristiano-ramos-casillas-y-cazorla-en-su-once-ideal\/#primaryimage","inLanguage":"es","url":"http:\/\/www.sporthiva.com\/wp-content\/uploads\/2020\/09\/ozil-once.jpg","contentUrl":"http:\/\/www.sporthiva.com\/wp-content\/uploads\/2020\/09\/ozil-once.jpg","width":770,"height":470},{"@type":"WebPage","@id":"http:\/\/www.sporthiva.com\/index.php\/2020\/09\/09\/mesut-ozil-cita-a-cristiano-ramos-casillas-y-cazorla-en-su-once-ideal\/#webpage","url":"http:\/\/www.sporthiva.com\/index.php\/2020\/09\/09\/mesut-ozil-cita-a-cristiano-ramos-casillas-y-cazorla-en-su-once-ideal\/","name":"Mesut \u00d6zil cita a Cristiano, Ramos, Casillas y Cazorla en su once ideal - Sporthiva Online","isPartOf":{"@id":"http:\/\/www.sporthiva.com\/#website"},"primaryImageOfPage":{"@id":"http:\/\/www.sporthiva.com\/index.php\/2020\/09\/09\/mesut-ozil-cita-a-cristiano-ramos-casillas-y-cazorla-en-su-once-ideal\/#primaryimage"},"datePublished":"2020-09-09T21:59:07+00:00","dateModified":"2020-09-09T21:59:07+00:00","author":{"@id":"http:\/\/www.sporthiva.com\/#\/schema\/person\/551718db343e60bf7d707f9085b1e611"},"breadcrumb":{"@id":"http:\/\/www.sporthiva.com\/index.php\/2020\/09\/09\/mesut-ozil-cita-a-cristiano-ramos-casillas-y-cazorla-en-su-once-ideal\/#breadcrumb"},"inLanguage":"es","potentialAction":[{"@type":"ReadAction","target":["http:\/\/www.sporthiva.com\/index.php\/2020\/09\/09\/mesut-ozil-cita-a-cristiano-ramos-casillas-y-cazorla-en-su-once-ideal\/"]}]},{"@type":"BreadcrumbList","@id":"http:\/\/www.sporthiva.com\/index.php\/2020\/09\/09\/mesut-ozil-cita-a-cristiano-ramos-casillas-y-cazorla-en-su-once-ideal\/#breadcrumb","itemListElement":[{"@type":"ListItem","position":1,"name":"Portada","item":"http:\/\/www.sporthiva.com\/"},{"@type":"ListItem","position":2,"name":"Mesut \u00d6zil cita a Cristiano, Ramos, Casillas y Cazorla en su once ideal"}]},{"@type":"Person","@id":"http:\/\/www.sporthiva.com\/#\/schema\/person\/551718db343e60bf7d707f9085b1e611","name":"Evelyn Pineda","image":{"@type":"ImageObject","@id":"http:\/\/www.sporthiva.com\/#personlogo","inLanguage":"es","url":"http:\/\/1.gravatar.com\/avatar\/73932ff8109aee94864b4504adf4d91e?s=96&d=mm&r=g","contentUrl":"http:\/\/1.gravatar.com\/avatar\/73932ff8109aee94864b4504adf4d91e?s=96&d=mm&r=g","caption":"Evelyn Pineda"},"sameAs":["http:\/\/www.sporthiva.com\/"],"url":"http:\/\/www.sporthiva.com\/index.php\/author\/epineda\/"}]}},"_links":{"self":[{"href":"http:\/\/www.sporthiva.com\/index.php\/wp-json\/wp\/v2\/posts\/86501"}],"collection":[{"href":"http:\/\/www.sporthiva.com\/index.php\/wp-json\/wp\/v2\/posts"}],"about":[{"href":"http:\/\/www.sporthiva.com\/index.php\/wp-json\/wp\/v2\/types\/post"}],"author":[{"embeddable":true,"href":"http:\/\/www.sporthiva.com\/index.php\/wp-json\/wp\/v2\/users\/7"}],"replies":[{"embeddable":true,"href":"http:\/\/www.sporthiva.com\/index.php\/wp-json\/wp\/v2\/comments?post=86501"}],"version-history":[{"count":2,"href":"http:\/\/www.sporthiva.com\/index.php\/wp-json\/wp\/v2\/posts\/86501\/revisions"}],"predecessor-version":[{"id":86504,"href":"http:\/\/www.sporthiva.com\/index.php\/wp-json\/wp\/v2\/posts\/86501\/revisions\/86504"}],"wp:featuredmedia":[{"embeddable":true,"href":"http:\/\/www.sporthiva.com\/index.php\/wp-json\/wp\/v2\/media\/86503"}],"wp:attachment":[{"href":"http:\/\/www.sporthiva.com\/index.php\/wp-json\/wp\/v2\/media?parent=86501"}],"wp:term":[{"taxonomy":"category","embeddable":true,"href":"http:\/\/www.sporthiva.com\/index.php\/wp-json\/wp\/v2\/categories?post=86501"},{"taxonomy":"post_tag","embeddable":true,"href":"http:\/\/www.sporthiva.com\/index.php\/wp-json\/wp\/v2\/tags?post=86501"}],"curies":[{"name":"wp","href":"https:\/\/api.w.org\/{rel}","templated":true}]}}