{"id":88354,"date":"2020-10-10T14:47:52","date_gmt":"2020-10-10T20:47:52","guid":{"rendered":"http:\/\/www.sporthiva.com\/?p=88354"},"modified":"2020-10-10T14:47:52","modified_gmt":"2020-10-10T20:47:52","slug":"el-olimpico-de-munich-vuelve-a-tener-futbol-tras-ocho-anos","status":"publish","type":"post","link":"http:\/\/www.sporthiva.com\/index.php\/2020\/10\/10\/el-olimpico-de-munich-vuelve-a-tener-futbol-tras-ocho-anos\/","title":{"rendered":"El Ol\u00edmpico de M\u00fanich vuelve a tener f\u00fatbol tras ocho a\u00f1os"},"content":{"rendered":"<h3>El inmueble anfitri\u00f3n de los Juegos Ol\u00edmpicos de 1972 volvi\u00f3 a ser testigo de un partido de futbol de Liga<\/h3>\n<p><strong>M\u00fanich, Alemania<\/strong><\/p>\n<p>El m\u00edtico estadio Ol\u00edmpico de M\u00fanich volvi\u00f3 a albergar un partido liguero quince a\u00f1os despu\u00e9s de que lo abandonara el Bayern M\u00fanich y de que se jugara en 2012 la final de la Liga de Campeones femenina entre el Olyon y el FFC Fr\u00e1ncfort.<\/p>\n<p>Este s\u00e1bado se jug\u00f3 en el gran coliseo de los Juegos Ol\u00edmpicos de M\u00fanich 1972 el encuentro de la Tercera categor\u00eda del f\u00fatbol alem\u00e1n entre el Turkgucu M\u00fanich y el Wehen Wiesbaden, que concluy\u00f3 con empate a cero.<\/p>\n<p><strong>Vea adem\u00e1s: <\/strong><a href=\"http:\/\/www.sporthiva.com\/index.php\/2020\/10\/10\/paulo-dybala-alexis-saanchez-y-arturo-vidal-los-latinos-mejor-pagados-de-la-serie-a\/\"><strong>Paulo Dybala, Alexis Sa\u00e1nchez y Arturo Vidal, los latinos mejor pagados de la Serie A<\/strong><\/a><\/p>\n<p>Tuvo que disputarse finalmente a puerta cerrada a causa de la pandemia de la COVID-19 despu\u00e9s de que inicialmente se permitiera la asistencia de unos 5.000 aficionados, pero el incremento de los positivos oblig\u00f3 a revocar esta opci\u00f3n.<\/p>\n<p>El Turkgucu tiene el permiso de los distintos organismos de la ciudad y del complejo ol\u00edmpico para jugar al menos ocho encuentros en el estadio Ol\u00edmpico, que alberg\u00f3 por primera vez en su historia un partido de Tercera.<\/p>\n<p><strong>Le interesa tambi\u00e9n: <\/strong><a href=\"http:\/\/www.sporthiva.com\/index.php\/2020\/10\/10\/neymar-registra-ante-bolivia-mayor-cantidad-de-regates-en-ultimas-tres-eliminatorias\/\"><strong>Neymar registra ante Bolivia mayor cantidad de regates<\/strong><\/a><\/p>\n<p>El \u00faltimo encuentro que disput\u00f3 el Bayern en el estadio del complejo ol\u00edmpico antes de trasladarse al Allianz Arena tuvo lugar el 14 de mayo de 2005 ante el N\u00faremberg, con triunfo por 6-3 con goles del peruano Claudio Pizarro, Michael Ballack, dos del neerland\u00e9s Roy Makaay y otro doblete de Sebastian Deisler.<\/p>\n","protected":false},"excerpt":{"rendered":"<p>El inmueble anfitri\u00f3n de los Juegos Ol\u00edmpicos de 1972 volvi\u00f3 a ser testigo de un partido de futbol de Liga M\u00fanich, Alemania El m\u00edtico estadio Ol\u00edmpico de M\u00fanich volvi\u00f3 a albergar un partido liguero quince a\u00f1os despu\u00e9s de que lo abandonara el Bayern M\u00fanich y de que se jugara en 2012 la final de la&nbsp;<\/p>\n<p><a class=\"btn btn-style\" href=\"http:\/\/www.sporthiva.com\/index.php\/2020\/10\/10\/el-olimpico-de-munich-vuelve-a-tener-futbol-tras-ocho-anos\/\">Continuar leyendo<\/a><\/p>\n","protected":false},"author":7,"featured_media":88355,"comment_status":"open","ping_status":"open","sticky":false,"template":"","format":"standard","meta":{"qubely_global_settings":"","qubely_interactions":""},"categories":[563],"tags":[],"qubely_featured_image_url":{"full":["http:\/\/www.sporthiva.com\/wp-content\/uploads\/2020\/10\/Parque-Oli\u0301mpico-Mu\u0301nich-Olympiapark-Olympiastadium.jpg",1600,960,false],"landscape":["http:\/\/www.sporthiva.com\/wp-content\/uploads\/2020\/10\/Parque-Oli\u0301mpico-Mu\u0301nich-Olympiapark-Olympiastadium-1200x750.jpg",1200,750,true],"portraits":["http:\/\/www.sporthiva.com\/wp-content\/uploads\/2020\/10\/Parque-Oli\u0301mpico-Mu\u0301nich-Olympiapark-Olympiastadium-540x320.jpg",540,320,true],"thumbnail":["http:\/\/www.sporthiva.com\/wp-content\/uploads\/2020\/10\/Parque-Oli\u0301mpico-Mu\u0301nich-Olympiapark-Olympiastadium-150x150.jpg",150,150,true],"medium":["http:\/\/www.sporthiva.com\/wp-content\/uploads\/2020\/10\/Parque-Oli\u0301mpico-Mu\u0301nich-Olympiapark-Olympiastadium-632x379.jpg",632,379,true],"medium_large":["http:\/\/www.sporthiva.com\/wp-content\/uploads\/2020\/10\/Parque-Oli\u0301mpico-Mu\u0301nich-Olympiapark-Olympiastadium-768x461.jpg",768,461,true],"large":["http:\/\/www.sporthiva.com\/wp-content\/uploads\/2020\/10\/Parque-Oli\u0301mpico-Mu\u0301nich-Olympiapark-Olympiastadium-1200x720.jpg",1200,720,true],"1536x1536":["http:\/\/www.sporthiva.com\/wp-content\/uploads\/2020\/10\/Parque-Oli\u0301mpico-Mu\u0301nich-Olympiapark-Olympiastadium-1536x922.jpg",1536,922,true],"2048x2048":["http:\/\/www.sporthiva.com\/wp-content\/uploads\/2020\/10\/Parque-Oli\u0301mpico-Mu\u0301nich-Olympiapark-Olympiastadium.jpg",1600,960,false],"alm-thumbnail":["http:\/\/www.sporthiva.com\/wp-content\/uploads\/2020\/10\/Parque-Oli\u0301mpico-Mu\u0301nich-Olympiapark-Olympiastadium-150x150.jpg",150,150,true],"qubely_landscape":["http:\/\/www.sporthiva.com\/wp-content\/uploads\/2020\/10\/Parque-Oli\u0301mpico-Mu\u0301nich-Olympiapark-Olympiastadium-1200x750.jpg",1200,750,true],"qubely_portrait":["http:\/\/www.sporthiva.com\/wp-content\/uploads\/2020\/10\/Parque-Oli\u0301mpico-Mu\u0301nich-Olympiapark-Olympiastadium-540x320.jpg",540,320,true],"qubely_thumbnail":["http:\/\/www.sporthiva.com\/wp-content\/uploads\/2020\/10\/Parque-Oli\u0301mpico-Mu\u0301nich-Olympiapark-Olympiastadium-140x100.jpg",140,100,true],"sportspress-crop-medium":["http:\/\/www.sporthiva.com\/wp-content\/uploads\/2020\/10\/Parque-Oli\u0301mpico-Mu\u0301nich-Olympiapark-Olympiastadium-300x300.jpg",300,300,true],"sportspress-fit-medium":["http:\/\/www.sporthiva.com\/wp-content\/uploads\/2020\/10\/Parque-Oli\u0301mpico-Mu\u0301nich-Olympiapark-Olympiastadium-300x180.jpg",300,180,true],"sportspress-fit-icon":["http:\/\/www.sporthiva.com\/wp-content\/uploads\/2020\/10\/Parque-Oli\u0301mpico-Mu\u0301nich-Olympiapark-Olympiastadium-128x77.jpg",128,77,true],"sportspress-fit-mini":["http:\/\/www.sporthiva.com\/wp-content\/uploads\/2020\/10\/Parque-Oli\u0301mpico-Mu\u0301nich-Olympiapark-Olympiastadium-32x19.jpg",32,19,true],"heighlights":["http:\/\/www.sporthiva.com\/wp-content\/uploads\/2020\/10\/Parque-Oli\u0301mpico-Mu\u0301nich-Olympiapark-Olympiastadium-460x500.jpg",460,500,true],"video-thumb":["http:\/\/www.sporthiva.com\/wp-content\/uploads\/2020\/10\/Parque-Oli\u0301mpico-Mu\u0301nich-Olympiapark-Olympiastadium-360x235.jpg",360,235,true],"video-thumb2":["http:\/\/www.sporthiva.com\/wp-content\/uploads\/2020\/10\/Parque-Oli\u0301mpico-Mu\u0301nich-Olympiapark-Olympiastadium-360x422.jpg",360,422,true],"blog-thumb":["http:\/\/www.sporthiva.com\/wp-content\/uploads\/2020\/10\/Parque-Oli\u0301mpico-Mu\u0301nich-Olympiapark-Olympiastadium-175x150.jpg",175,150,true],"blog-medium":["http:\/\/www.sporthiva.com\/wp-content\/uploads\/2020\/10\/Parque-Oli\u0301mpico-Mu\u0301nich-Olympiapark-Olympiastadium-750x350.jpg",750,350,true],"blog-full":["http:\/\/www.sporthiva.com\/wp-content\/uploads\/2020\/10\/Parque-Oli\u0301mpico-Mu\u0301nich-Olympiapark-Olympiastadium-1140x550.jpg",1140,550,true],"popular-post":["http:\/\/www.sporthiva.com\/wp-content\/uploads\/2020\/10\/Parque-Oli\u0301mpico-Mu\u0301nich-Olympiapark-Olympiastadium-560x510.jpg",560,510,true],"heighlights-post":["http:\/\/www.sporthiva.com\/wp-content\/uploads\/2020\/10\/Parque-Oli\u0301mpico-Mu\u0301nich-Olympiapark-Olympiastadium-262x236.jpg",262,236,true],"player-thumb":["http:\/\/www.sporthiva.com\/wp-content\/uploads\/2020\/10\/Parque-Oli\u0301mpico-Mu\u0301nich-Olympiapark-Olympiastadium-270x150.jpg",270,150,true],"wp_rp_thumbnail":["http:\/\/www.sporthiva.com\/wp-content\/uploads\/2020\/10\/Parque-Oli\u0301mpico-Mu\u0301nich-Olympiapark-Olympiastadium-150x150.jpg",150,150,true]},"qubely_author":{"display_name":"Evelyn Pineda","author_link":"http:\/\/www.sporthiva.com\/index.php\/author\/epineda\/"},"qubely_comment":0,"qubely_category":"<a href=\"http:\/\/www.sporthiva.com\/index.php\/category\/internacionales\/\" rel=\"category tag\">Internacionales<\/a>","qubely_excerpt":"El inmueble anfitri\u00f3n de los Juegos Ol\u00edmpicos de 1972 volvi\u00f3 a ser testigo de un partido de futbol de Liga M\u00fanich, Alemania El m\u00edtico estadio Ol\u00edmpico de M\u00fanich volvi\u00f3 a albergar un partido liguero quince a\u00f1os despu\u00e9s de que lo abandonara el Bayern M\u00fanich y de que se jugara en 2012 la final de la&nbsp;Continuar&hellip;","yoast_head":"<!-- This site is optimized with the Yoast SEO plugin v17.8 - https:\/\/yoast.com\/wordpress\/plugins\/seo\/ -->\n<title>El Ol\u00edmpico de M\u00fanich vuelve a tener f\u00fatbol tras ocho a\u00f1os - Sporthiva Online<\/title>\n<meta name=\"robots\" content=\"index, follow, max-snippet:-1, max-image-preview:large, max-video-preview:-1\" \/>\n<link rel=\"canonical\" href=\"http:\/\/www.sporthiva.com\/index.php\/2020\/10\/10\/el-olimpico-de-munich-vuelve-a-tener-futbol-tras-ocho-anos\/\" \/>\n<meta property=\"og:locale\" content=\"es_ES\" \/>\n<meta property=\"og:type\" content=\"article\" \/>\n<meta property=\"og:title\" content=\"El Ol\u00edmpico de M\u00fanich vuelve a tener f\u00fatbol tras ocho a\u00f1os - Sporthiva Online\" \/>\n<meta property=\"og:description\" content=\"El inmueble anfitri\u00f3n de los Juegos Ol\u00edmpicos de 1972 volvi\u00f3 a ser testigo de un partido de futbol de Liga M\u00fanich, Alemania El m\u00edtico estadio Ol\u00edmpico de M\u00fanich volvi\u00f3 a albergar un partido liguero quince a\u00f1os despu\u00e9s de que lo abandonara el Bayern M\u00fanich y de que se jugara en 2012 la final de la&nbsp;Continuar leyendo\" \/>\n<meta property=\"og:url\" content=\"http:\/\/www.sporthiva.com\/index.php\/2020\/10\/10\/el-olimpico-de-munich-vuelve-a-tener-futbol-tras-ocho-anos\/\" \/>\n<meta property=\"og:site_name\" content=\"Sporthiva Online\" \/>\n<meta property=\"article:published_time\" content=\"2020-10-10T20:47:52+00:00\" \/>\n<meta property=\"og:image\" content=\"http:\/\/www.sporthiva.com\/wp-content\/uploads\/2020\/10\/Parque-Oli\u0301mpico-Mu\u0301nich-Olympiapark-Olympiastadium.jpg\" \/>\n\t<meta property=\"og:image:width\" content=\"1600\" \/>\n\t<meta property=\"og:image:height\" content=\"960\" \/>\n<meta name=\"twitter:card\" content=\"summary\" \/>\n<meta name=\"twitter:label1\" content=\"Escrito por\" \/>\n\t<meta name=\"twitter:data1\" content=\"Evelyn Pineda\" \/>\n\t<meta name=\"twitter:label2\" content=\"Tiempo de lectura\" \/>\n\t<meta name=\"twitter:data2\" content=\"1 minuto\" \/>\n<script type=\"application\/ld+json\" class=\"yoast-schema-graph\">{\"@context\":\"https:\/\/schema.org\",\"@graph\":[{\"@type\":\"WebSite\",\"@id\":\"http:\/\/www.sporthiva.com\/#website\",\"url\":\"http:\/\/www.sporthiva.com\/\",\"name\":\"Sporthiva Online\",\"description\":\"Sporthiva Online\",\"potentialAction\":[{\"@type\":\"SearchAction\",\"target\":{\"@type\":\"EntryPoint\",\"urlTemplate\":\"http:\/\/www.sporthiva.com\/?s={search_term_string}\"},\"query-input\":\"required name=search_term_string\"}],\"inLanguage\":\"es\"},{\"@type\":\"ImageObject\",\"@id\":\"http:\/\/www.sporthiva.com\/index.php\/2020\/10\/10\/el-olimpico-de-munich-vuelve-a-tener-futbol-tras-ocho-anos\/#primaryimage\",\"inLanguage\":\"es\",\"url\":\"http:\/\/www.sporthiva.com\/wp-content\/uploads\/2020\/10\/Parque-Oli\\u0301mpico-Mu\\u0301nich-Olympiapark-Olympiastadium.jpg\",\"contentUrl\":\"http:\/\/www.sporthiva.com\/wp-content\/uploads\/2020\/10\/Parque-Oli\\u0301mpico-Mu\\u0301nich-Olympiapark-Olympiastadium.jpg\",\"width\":1600,\"height\":960},{\"@type\":\"WebPage\",\"@id\":\"http:\/\/www.sporthiva.com\/index.php\/2020\/10\/10\/el-olimpico-de-munich-vuelve-a-tener-futbol-tras-ocho-anos\/#webpage\",\"url\":\"http:\/\/www.sporthiva.com\/index.php\/2020\/10\/10\/el-olimpico-de-munich-vuelve-a-tener-futbol-tras-ocho-anos\/\",\"name\":\"El Ol\\u00edmpico de M\\u00fanich vuelve a tener f\\u00fatbol tras ocho a\\u00f1os - Sporthiva Online\",\"isPartOf\":{\"@id\":\"http:\/\/www.sporthiva.com\/#website\"},\"primaryImageOfPage\":{\"@id\":\"http:\/\/www.sporthiva.com\/index.php\/2020\/10\/10\/el-olimpico-de-munich-vuelve-a-tener-futbol-tras-ocho-anos\/#primaryimage\"},\"datePublished\":\"2020-10-10T20:47:52+00:00\",\"dateModified\":\"2020-10-10T20:47:52+00:00\",\"author\":{\"@id\":\"http:\/\/www.sporthiva.com\/#\/schema\/person\/551718db343e60bf7d707f9085b1e611\"},\"breadcrumb\":{\"@id\":\"http:\/\/www.sporthiva.com\/index.php\/2020\/10\/10\/el-olimpico-de-munich-vuelve-a-tener-futbol-tras-ocho-anos\/#breadcrumb\"},\"inLanguage\":\"es\",\"potentialAction\":[{\"@type\":\"ReadAction\",\"target\":[\"http:\/\/www.sporthiva.com\/index.php\/2020\/10\/10\/el-olimpico-de-munich-vuelve-a-tener-futbol-tras-ocho-anos\/\"]}]},{\"@type\":\"BreadcrumbList\",\"@id\":\"http:\/\/www.sporthiva.com\/index.php\/2020\/10\/10\/el-olimpico-de-munich-vuelve-a-tener-futbol-tras-ocho-anos\/#breadcrumb\",\"itemListElement\":[{\"@type\":\"ListItem\",\"position\":1,\"name\":\"Portada\",\"item\":\"http:\/\/www.sporthiva.com\/\"},{\"@type\":\"ListItem\",\"position\":2,\"name\":\"El Ol\\u00edmpico de M\\u00fanich vuelve a tener f\\u00fatbol tras ocho a\\u00f1os\"}]},{\"@type\":\"Person\",\"@id\":\"http:\/\/www.sporthiva.com\/#\/schema\/person\/551718db343e60bf7d707f9085b1e611\",\"name\":\"Evelyn Pineda\",\"image\":{\"@type\":\"ImageObject\",\"@id\":\"http:\/\/www.sporthiva.com\/#personlogo\",\"inLanguage\":\"es\",\"url\":\"http:\/\/1.gravatar.com\/avatar\/73932ff8109aee94864b4504adf4d91e?s=96&d=mm&r=g\",\"contentUrl\":\"http:\/\/1.gravatar.com\/avatar\/73932ff8109aee94864b4504adf4d91e?s=96&d=mm&r=g\",\"caption\":\"Evelyn Pineda\"},\"sameAs\":[\"http:\/\/www.sporthiva.com\/\"],\"url\":\"http:\/\/www.sporthiva.com\/index.php\/author\/epineda\/\"}]}<\/script>\n<!-- \/ Yoast SEO plugin. -->","yoast_head_json":{"title":"El Ol\u00edmpico de M\u00fanich vuelve a tener f\u00fatbol tras ocho a\u00f1os - Sporthiva Online","robots":{"index":"index","follow":"follow","max-snippet":"max-snippet:-1","max-image-preview":"max-image-preview:large","max-video-preview":"max-video-preview:-1"},"canonical":"http:\/\/www.sporthiva.com\/index.php\/2020\/10\/10\/el-olimpico-de-munich-vuelve-a-tener-futbol-tras-ocho-anos\/","og_locale":"es_ES","og_type":"article","og_title":"El Ol\u00edmpico de M\u00fanich vuelve a tener f\u00fatbol tras ocho a\u00f1os - Sporthiva Online","og_description":"El inmueble anfitri\u00f3n de los Juegos Ol\u00edmpicos de 1972 volvi\u00f3 a ser testigo de un partido de futbol de Liga M\u00fanich, Alemania El m\u00edtico estadio Ol\u00edmpico de M\u00fanich volvi\u00f3 a albergar un partido liguero quince a\u00f1os despu\u00e9s de que lo abandonara el Bayern M\u00fanich y de que se jugara en 2012 la final de la&nbsp;Continuar leyendo","og_url":"http:\/\/www.sporthiva.com\/index.php\/2020\/10\/10\/el-olimpico-de-munich-vuelve-a-tener-futbol-tras-ocho-anos\/","og_site_name":"Sporthiva Online","article_published_time":"2020-10-10T20:47:52+00:00","og_image":[{"width":1600,"height":960,"url":"http:\/\/www.sporthiva.com\/wp-content\/uploads\/2020\/10\/Parque-Oli\u0301mpico-Mu\u0301nich-Olympiapark-Olympiastadium.jpg","type":"image\/jpeg"}],"twitter_card":"summary","twitter_misc":{"Escrito por":"Evelyn Pineda","Tiempo de lectura":"1 minuto"},"schema":{"@context":"https:\/\/schema.org","@graph":[{"@type":"WebSite","@id":"http:\/\/www.sporthiva.com\/#website","url":"http:\/\/www.sporthiva.com\/","name":"Sporthiva Online","description":"Sporthiva Online","potentialAction":[{"@type":"SearchAction","target":{"@type":"EntryPoint","urlTemplate":"http:\/\/www.sporthiva.com\/?s={search_term_string}"},"query-input":"required name=search_term_string"}],"inLanguage":"es"},{"@type":"ImageObject","@id":"http:\/\/www.sporthiva.com\/index.php\/2020\/10\/10\/el-olimpico-de-munich-vuelve-a-tener-futbol-tras-ocho-anos\/#primaryimage","inLanguage":"es","url":"http:\/\/www.sporthiva.com\/wp-content\/uploads\/2020\/10\/Parque-Oli\u0301mpico-Mu\u0301nich-Olympiapark-Olympiastadium.jpg","contentUrl":"http:\/\/www.sporthiva.com\/wp-content\/uploads\/2020\/10\/Parque-Oli\u0301mpico-Mu\u0301nich-Olympiapark-Olympiastadium.jpg","width":1600,"height":960},{"@type":"WebPage","@id":"http:\/\/www.sporthiva.com\/index.php\/2020\/10\/10\/el-olimpico-de-munich-vuelve-a-tener-futbol-tras-ocho-anos\/#webpage","url":"http:\/\/www.sporthiva.com\/index.php\/2020\/10\/10\/el-olimpico-de-munich-vuelve-a-tener-futbol-tras-ocho-anos\/","name":"El Ol\u00edmpico de M\u00fanich vuelve a tener f\u00fatbol tras ocho a\u00f1os - Sporthiva Online","isPartOf":{"@id":"http:\/\/www.sporthiva.com\/#website"},"primaryImageOfPage":{"@id":"http:\/\/www.sporthiva.com\/index.php\/2020\/10\/10\/el-olimpico-de-munich-vuelve-a-tener-futbol-tras-ocho-anos\/#primaryimage"},"datePublished":"2020-10-10T20:47:52+00:00","dateModified":"2020-10-10T20:47:52+00:00","author":{"@id":"http:\/\/www.sporthiva.com\/#\/schema\/person\/551718db343e60bf7d707f9085b1e611"},"breadcrumb":{"@id":"http:\/\/www.sporthiva.com\/index.php\/2020\/10\/10\/el-olimpico-de-munich-vuelve-a-tener-futbol-tras-ocho-anos\/#breadcrumb"},"inLanguage":"es","potentialAction":[{"@type":"ReadAction","target":["http:\/\/www.sporthiva.com\/index.php\/2020\/10\/10\/el-olimpico-de-munich-vuelve-a-tener-futbol-tras-ocho-anos\/"]}]},{"@type":"BreadcrumbList","@id":"http:\/\/www.sporthiva.com\/index.php\/2020\/10\/10\/el-olimpico-de-munich-vuelve-a-tener-futbol-tras-ocho-anos\/#breadcrumb","itemListElement":[{"@type":"ListItem","position":1,"name":"Portada","item":"http:\/\/www.sporthiva.com\/"},{"@type":"ListItem","position":2,"name":"El Ol\u00edmpico de M\u00fanich vuelve a tener f\u00fatbol tras ocho a\u00f1os"}]},{"@type":"Person","@id":"http:\/\/www.sporthiva.com\/#\/schema\/person\/551718db343e60bf7d707f9085b1e611","name":"Evelyn Pineda","image":{"@type":"ImageObject","@id":"http:\/\/www.sporthiva.com\/#personlogo","inLanguage":"es","url":"http:\/\/1.gravatar.com\/avatar\/73932ff8109aee94864b4504adf4d91e?s=96&d=mm&r=g","contentUrl":"http:\/\/1.gravatar.com\/avatar\/73932ff8109aee94864b4504adf4d91e?s=96&d=mm&r=g","caption":"Evelyn Pineda"},"sameAs":["http:\/\/www.sporthiva.com\/"],"url":"http:\/\/www.sporthiva.com\/index.php\/author\/epineda\/"}]}},"_links":{"self":[{"href":"http:\/\/www.sporthiva.com\/index.php\/wp-json\/wp\/v2\/posts\/88354"}],"collection":[{"href":"http:\/\/www.sporthiva.com\/index.php\/wp-json\/wp\/v2\/posts"}],"about":[{"href":"http:\/\/www.sporthiva.com\/index.php\/wp-json\/wp\/v2\/types\/post"}],"author":[{"embeddable":true,"href":"http:\/\/www.sporthiva.com\/index.php\/wp-json\/wp\/v2\/users\/7"}],"replies":[{"embeddable":true,"href":"http:\/\/www.sporthiva.com\/index.php\/wp-json\/wp\/v2\/comments?post=88354"}],"version-history":[{"count":1,"href":"http:\/\/www.sporthiva.com\/index.php\/wp-json\/wp\/v2\/posts\/88354\/revisions"}],"predecessor-version":[{"id":88356,"href":"http:\/\/www.sporthiva.com\/index.php\/wp-json\/wp\/v2\/posts\/88354\/revisions\/88356"}],"wp:featuredmedia":[{"embeddable":true,"href":"http:\/\/www.sporthiva.com\/index.php\/wp-json\/wp\/v2\/media\/88355"}],"wp:attachment":[{"href":"http:\/\/www.sporthiva.com\/index.php\/wp-json\/wp\/v2\/media?parent=88354"}],"wp:term":[{"taxonomy":"category","embeddable":true,"href":"http:\/\/www.sporthiva.com\/index.php\/wp-json\/wp\/v2\/categories?post=88354"},{"taxonomy":"post_tag","embeddable":true,"href":"http:\/\/www.sporthiva.com\/index.php\/wp-json\/wp\/v2\/tags?post=88354"}],"curies":[{"name":"wp","href":"https:\/\/api.w.org\/{rel}","templated":true}]}}