{"id":88769,"date":"2020-10-16T12:35:14","date_gmt":"2020-10-16T18:35:14","guid":{"rendered":"http:\/\/www.sporthiva.com\/?p=88769"},"modified":"2020-10-16T12:35:14","modified_gmt":"2020-10-16T18:35:14","slug":"anthony-lozano-convocado-por-el-cadiz-para-enfrentar-al-lider-real-madrid","status":"publish","type":"post","link":"http:\/\/www.sporthiva.com\/index.php\/2020\/10\/16\/anthony-lozano-convocado-por-el-cadiz-para-enfrentar-al-lider-real-madrid\/","title":{"rendered":"Anthony Lozano convocado por el C\u00e1diz para enfrentar al l\u00edder Real Madrid"},"content":{"rendered":"<h4><strong>El \u00abChoco\u00bb Lozano fue tomado en cuenta, pero su titularidad no est\u00e1 garantzada con la vuelta del espa\u00f1ol \u00c1lvaro Negredo<\/strong><\/h4>\n<p><strong>Madrid, Espa\u00f1a<\/strong><\/p>\n<p>El entrenador del C\u00e1diz, \u00c1lvaro Cervera, ofreci\u00f3 la lista de convocados del C\u00e1diz para el encuentro ante el campe\u00f3n y l\u00edder Real Madrid, este s\u00e1bado en el estadio Alfredo Di St\u00e9fano para la sexta jornada de la Liga espa\u00f1ola.<\/p>\n<p>Una de las novedades en el equipo amarillo es el regreso de \u00c1lvaro Negredo, delantero que ya cumpli\u00f3 su sanci\u00f3n tras ser expulsado en San Mam\u00e9s ante el Athletic Club.<\/p>\n<p><strong>Vea adem\u00e1s: <\/strong><a href=\"http:\/\/www.sporthiva.com\/index.php\/2020\/10\/16\/lionel-messi-cumple-16-anos-de-su-debut-oficial-con-el-barcelona\/\"><strong>Lionel Messi cumple 16 a\u00f1os de su debut oficial con el Barcelona<\/strong><\/a><\/p>\n<p>Por su parte Anthony Lozano, quien con su actuaci\u00f3n hizo olvidar la ausencia de Negredo, adem\u00e1s fue el hombre gol del club para que este logrado el ascenso, y tambi\u00e9n sabe lo que es anotarle al Madrid en su casa, ya que lo hizo en juego de la Copa del rey cuando militaba en el Girona en la temporada 2018-2019.<\/p>\n<p>Para dicho encuentro el t\u00e9cnico del conjunto gaditano \u00c1lvaro Cervera, dio a conocer la lista de 32 futbolistas convocados para el encuentro y en la n\u00f3mina figura el catracho.<\/p>\n<p>En la actual campa\u00f1a, C\u00e1diz tiene n\u00famero positivos en sus partidos como visitantes, pues ha vencido a domicilio al Huesca y al Athletic de Bilbao, en este duelo el atacante nacional, tuvo una brillante actuaci\u00f3n.<\/p>\n<p><strong>Le interesa tambi\u00e9n: <\/strong><a href=\"http:\/\/www.sporthiva.com\/index.php\/2020\/10\/16\/thiago-alcantara-supera-la-covid-19-y-podra-estar-contra-el-everton\/\"><strong>Thiago Alc\u00e1ntara supera la covid-19 y podr\u00e1 estar contra el Everton<\/strong><\/a><\/p>\n<p>A este juego, los cadistas llegan con siete puntos, producto de dos triunfos de visita, y un empate y dos derrotas de local, ante un Real Madrid invicto en sus cuatro juegos, con tres triunfos y un empate.<\/p>\n<p>Lozano ha disputado hasta el momento cuatro partidos con el C\u00e1diz, donde registra una asistencia, pero sigue sin poder anotar.<\/p>\n<p><strong>Aqu\u00ed los convocados por el C\u00e1diz:<\/strong><\/p>\n<blockquote class=\"twitter-tweet\">\n<p dir=\"ltr\" lang=\"pt\">LIGA | Lista de convocados para el <a href=\"https:\/\/twitter.com\/hashtag\/RealMadridC%C3%A1diz?src=hash&amp;ref_src=twsrc%5Etfw\">#RealMadridC\u00e1diz<\/a> <a href=\"https:\/\/twitter.com\/hashtag\/LaLigaSantander?src=hash&amp;ref_src=twsrc%5Etfw\">#LaLigaSantander<\/a><a href=\"https:\/\/t.co\/MpOVct4l4D\">https:\/\/t.co\/MpOVct4l4D<\/a> <a href=\"https:\/\/t.co\/12OnZIEXW6\">pic.twitter.com\/12OnZIEXW6<\/a><\/p>\n<p>\u2014 C\u00e1diz Club de F\u00fatbol (@Cadiz_CF) <a href=\"https:\/\/twitter.com\/Cadiz_CF\/status\/1317067129527697409?ref_src=twsrc%5Etfw\">October 16, 2020<\/a><\/p><\/blockquote>\n<p><script async src=\"https:\/\/platform.twitter.com\/widgets.js\" charset=\"utf-8\"><\/script><\/p>\n","protected":false},"excerpt":{"rendered":"<p>El \u00abChoco\u00bb Lozano fue tomado en cuenta, pero su titularidad no est\u00e1 garantzada con la vuelta del espa\u00f1ol \u00c1lvaro Negredo Madrid, Espa\u00f1a El entrenador del C\u00e1diz, \u00c1lvaro Cervera, ofreci\u00f3 la lista de convocados del C\u00e1diz para el encuentro ante el campe\u00f3n y l\u00edder Real Madrid, este s\u00e1bado en el estadio Alfredo Di St\u00e9fano para la&nbsp;<\/p>\n<p><a class=\"btn btn-style\" href=\"http:\/\/www.sporthiva.com\/index.php\/2020\/10\/16\/anthony-lozano-convocado-por-el-cadiz-para-enfrentar-al-lider-real-madrid\/\">Continuar leyendo<\/a><\/p>\n","protected":false},"author":7,"featured_media":88770,"comment_status":"open","ping_status":"open","sticky":false,"template":"","format":"standard","meta":{"qubely_global_settings":"","qubely_interactions":""},"categories":[563],"tags":[],"qubely_featured_image_url":{"full":["http:\/\/www.sporthiva.com\/wp-content\/uploads\/2020\/10\/lozano.jpg",787,525,false],"landscape":["http:\/\/www.sporthiva.com\/wp-content\/uploads\/2020\/10\/lozano.jpg",787,525,false],"portraits":["http:\/\/www.sporthiva.com\/wp-content\/uploads\/2020\/10\/lozano-540x320.jpg",540,320,true],"thumbnail":["http:\/\/www.sporthiva.com\/wp-content\/uploads\/2020\/10\/lozano-150x150.jpg",150,150,true],"medium":["http:\/\/www.sporthiva.com\/wp-content\/uploads\/2020\/10\/lozano-568x379.jpg",568,379,true],"medium_large":["http:\/\/www.sporthiva.com\/wp-content\/uploads\/2020\/10\/lozano-768x512.jpg",768,512,true],"large":["http:\/\/www.sporthiva.com\/wp-content\/uploads\/2020\/10\/lozano.jpg",787,525,false],"1536x1536":["http:\/\/www.sporthiva.com\/wp-content\/uploads\/2020\/10\/lozano.jpg",787,525,false],"2048x2048":["http:\/\/www.sporthiva.com\/wp-content\/uploads\/2020\/10\/lozano.jpg",787,525,false],"alm-thumbnail":["http:\/\/www.sporthiva.com\/wp-content\/uploads\/2020\/10\/lozano-150x150.jpg",150,150,true],"qubely_landscape":["http:\/\/www.sporthiva.com\/wp-content\/uploads\/2020\/10\/lozano.jpg",787,525,false],"qubely_portrait":["http:\/\/www.sporthiva.com\/wp-content\/uploads\/2020\/10\/lozano-540x320.jpg",540,320,true],"qubely_thumbnail":["http:\/\/www.sporthiva.com\/wp-content\/uploads\/2020\/10\/lozano-140x100.jpg",140,100,true],"sportspress-crop-medium":["http:\/\/www.sporthiva.com\/wp-content\/uploads\/2020\/10\/lozano-300x300.jpg",300,300,true],"sportspress-fit-medium":["http:\/\/www.sporthiva.com\/wp-content\/uploads\/2020\/10\/lozano-300x200.jpg",300,200,true],"sportspress-fit-icon":["http:\/\/www.sporthiva.com\/wp-content\/uploads\/2020\/10\/lozano-128x85.jpg",128,85,true],"sportspress-fit-mini":["http:\/\/www.sporthiva.com\/wp-content\/uploads\/2020\/10\/lozano-32x21.jpg",32,21,true],"heighlights":["http:\/\/www.sporthiva.com\/wp-content\/uploads\/2020\/10\/lozano-460x500.jpg",460,500,true],"video-thumb":["http:\/\/www.sporthiva.com\/wp-content\/uploads\/2020\/10\/lozano-360x235.jpg",360,235,true],"video-thumb2":["http:\/\/www.sporthiva.com\/wp-content\/uploads\/2020\/10\/lozano-360x422.jpg",360,422,true],"blog-thumb":["http:\/\/www.sporthiva.com\/wp-content\/uploads\/2020\/10\/lozano-175x150.jpg",175,150,true],"blog-medium":["http:\/\/www.sporthiva.com\/wp-content\/uploads\/2020\/10\/lozano-750x350.jpg",750,350,true],"blog-full":["http:\/\/www.sporthiva.com\/wp-content\/uploads\/2020\/10\/lozano.jpg",787,525,false],"popular-post":["http:\/\/www.sporthiva.com\/wp-content\/uploads\/2020\/10\/lozano-560x510.jpg",560,510,true],"heighlights-post":["http:\/\/www.sporthiva.com\/wp-content\/uploads\/2020\/10\/lozano-262x236.jpg",262,236,true],"player-thumb":["http:\/\/www.sporthiva.com\/wp-content\/uploads\/2020\/10\/lozano-270x150.jpg",270,150,true],"wp_rp_thumbnail":["http:\/\/www.sporthiva.com\/wp-content\/uploads\/2020\/10\/lozano-150x150.jpg",150,150,true]},"qubely_author":{"display_name":"Evelyn Pineda","author_link":"http:\/\/www.sporthiva.com\/index.php\/author\/epineda\/"},"qubely_comment":0,"qubely_category":"<a href=\"http:\/\/www.sporthiva.com\/index.php\/category\/internacionales\/\" rel=\"category tag\">Internacionales<\/a>","qubely_excerpt":"El \u00abChoco\u00bb Lozano fue tomado en cuenta, pero su titularidad no est\u00e1 garantzada con la vuelta del espa\u00f1ol \u00c1lvaro Negredo Madrid, Espa\u00f1a El entrenador del C\u00e1diz, \u00c1lvaro Cervera, ofreci\u00f3 la lista de convocados del C\u00e1diz para el encuentro ante el campe\u00f3n y l\u00edder Real Madrid, este s\u00e1bado en el estadio Alfredo Di St\u00e9fano para la&nbsp;Continuar&hellip;","yoast_head":"<!-- This site is optimized with the Yoast SEO plugin v17.8 - https:\/\/yoast.com\/wordpress\/plugins\/seo\/ -->\n<title>Anthony Lozano convocado por el C\u00e1diz para enfrentar al l\u00edder Real Madrid - Sporthiva Online<\/title>\n<meta name=\"robots\" content=\"index, follow, max-snippet:-1, max-image-preview:large, max-video-preview:-1\" \/>\n<link rel=\"canonical\" href=\"http:\/\/www.sporthiva.com\/index.php\/2020\/10\/16\/anthony-lozano-convocado-por-el-cadiz-para-enfrentar-al-lider-real-madrid\/\" \/>\n<meta property=\"og:locale\" content=\"es_ES\" \/>\n<meta property=\"og:type\" content=\"article\" \/>\n<meta property=\"og:title\" content=\"Anthony Lozano convocado por el C\u00e1diz para enfrentar al l\u00edder Real Madrid - Sporthiva Online\" \/>\n<meta property=\"og:description\" content=\"El \u00abChoco\u00bb Lozano fue tomado en cuenta, pero su titularidad no est\u00e1 garantzada con la vuelta del espa\u00f1ol \u00c1lvaro Negredo Madrid, Espa\u00f1a El entrenador del C\u00e1diz, \u00c1lvaro Cervera, ofreci\u00f3 la lista de convocados del C\u00e1diz para el encuentro ante el campe\u00f3n y l\u00edder Real Madrid, este s\u00e1bado en el estadio Alfredo Di St\u00e9fano para la&nbsp;Continuar leyendo\" \/>\n<meta property=\"og:url\" content=\"http:\/\/www.sporthiva.com\/index.php\/2020\/10\/16\/anthony-lozano-convocado-por-el-cadiz-para-enfrentar-al-lider-real-madrid\/\" \/>\n<meta property=\"og:site_name\" content=\"Sporthiva Online\" \/>\n<meta property=\"article:published_time\" content=\"2020-10-16T18:35:14+00:00\" \/>\n<meta property=\"og:image\" content=\"http:\/\/www.sporthiva.com\/wp-content\/uploads\/2020\/10\/lozano.jpg\" \/>\n\t<meta property=\"og:image:width\" content=\"787\" \/>\n\t<meta property=\"og:image:height\" content=\"525\" \/>\n<meta name=\"twitter:card\" content=\"summary\" \/>\n<meta name=\"twitter:label1\" content=\"Escrito por\" \/>\n\t<meta name=\"twitter:data1\" content=\"Evelyn Pineda\" \/>\n\t<meta name=\"twitter:label2\" content=\"Tiempo de lectura\" \/>\n\t<meta name=\"twitter:data2\" content=\"2 minutos\" \/>\n<script type=\"application\/ld+json\" class=\"yoast-schema-graph\">{\"@context\":\"https:\/\/schema.org\",\"@graph\":[{\"@type\":\"WebSite\",\"@id\":\"http:\/\/www.sporthiva.com\/#website\",\"url\":\"http:\/\/www.sporthiva.com\/\",\"name\":\"Sporthiva Online\",\"description\":\"Sporthiva Online\",\"potentialAction\":[{\"@type\":\"SearchAction\",\"target\":{\"@type\":\"EntryPoint\",\"urlTemplate\":\"http:\/\/www.sporthiva.com\/?s={search_term_string}\"},\"query-input\":\"required name=search_term_string\"}],\"inLanguage\":\"es\"},{\"@type\":\"ImageObject\",\"@id\":\"http:\/\/www.sporthiva.com\/index.php\/2020\/10\/16\/anthony-lozano-convocado-por-el-cadiz-para-enfrentar-al-lider-real-madrid\/#primaryimage\",\"inLanguage\":\"es\",\"url\":\"http:\/\/www.sporthiva.com\/wp-content\/uploads\/2020\/10\/lozano.jpg\",\"contentUrl\":\"http:\/\/www.sporthiva.com\/wp-content\/uploads\/2020\/10\/lozano.jpg\",\"width\":787,\"height\":525},{\"@type\":\"WebPage\",\"@id\":\"http:\/\/www.sporthiva.com\/index.php\/2020\/10\/16\/anthony-lozano-convocado-por-el-cadiz-para-enfrentar-al-lider-real-madrid\/#webpage\",\"url\":\"http:\/\/www.sporthiva.com\/index.php\/2020\/10\/16\/anthony-lozano-convocado-por-el-cadiz-para-enfrentar-al-lider-real-madrid\/\",\"name\":\"Anthony Lozano convocado por el C\\u00e1diz para enfrentar al l\\u00edder Real Madrid - Sporthiva Online\",\"isPartOf\":{\"@id\":\"http:\/\/www.sporthiva.com\/#website\"},\"primaryImageOfPage\":{\"@id\":\"http:\/\/www.sporthiva.com\/index.php\/2020\/10\/16\/anthony-lozano-convocado-por-el-cadiz-para-enfrentar-al-lider-real-madrid\/#primaryimage\"},\"datePublished\":\"2020-10-16T18:35:14+00:00\",\"dateModified\":\"2020-10-16T18:35:14+00:00\",\"author\":{\"@id\":\"http:\/\/www.sporthiva.com\/#\/schema\/person\/551718db343e60bf7d707f9085b1e611\"},\"breadcrumb\":{\"@id\":\"http:\/\/www.sporthiva.com\/index.php\/2020\/10\/16\/anthony-lozano-convocado-por-el-cadiz-para-enfrentar-al-lider-real-madrid\/#breadcrumb\"},\"inLanguage\":\"es\",\"potentialAction\":[{\"@type\":\"ReadAction\",\"target\":[\"http:\/\/www.sporthiva.com\/index.php\/2020\/10\/16\/anthony-lozano-convocado-por-el-cadiz-para-enfrentar-al-lider-real-madrid\/\"]}]},{\"@type\":\"BreadcrumbList\",\"@id\":\"http:\/\/www.sporthiva.com\/index.php\/2020\/10\/16\/anthony-lozano-convocado-por-el-cadiz-para-enfrentar-al-lider-real-madrid\/#breadcrumb\",\"itemListElement\":[{\"@type\":\"ListItem\",\"position\":1,\"name\":\"Portada\",\"item\":\"http:\/\/www.sporthiva.com\/\"},{\"@type\":\"ListItem\",\"position\":2,\"name\":\"Anthony Lozano convocado por el C\\u00e1diz para enfrentar al l\\u00edder Real Madrid\"}]},{\"@type\":\"Person\",\"@id\":\"http:\/\/www.sporthiva.com\/#\/schema\/person\/551718db343e60bf7d707f9085b1e611\",\"name\":\"Evelyn Pineda\",\"image\":{\"@type\":\"ImageObject\",\"@id\":\"http:\/\/www.sporthiva.com\/#personlogo\",\"inLanguage\":\"es\",\"url\":\"http:\/\/1.gravatar.com\/avatar\/73932ff8109aee94864b4504adf4d91e?s=96&d=mm&r=g\",\"contentUrl\":\"http:\/\/1.gravatar.com\/avatar\/73932ff8109aee94864b4504adf4d91e?s=96&d=mm&r=g\",\"caption\":\"Evelyn Pineda\"},\"sameAs\":[\"http:\/\/www.sporthiva.com\/\"],\"url\":\"http:\/\/www.sporthiva.com\/index.php\/author\/epineda\/\"}]}<\/script>\n<!-- \/ Yoast SEO plugin. -->","yoast_head_json":{"title":"Anthony Lozano convocado por el C\u00e1diz para enfrentar al l\u00edder Real Madrid - Sporthiva Online","robots":{"index":"index","follow":"follow","max-snippet":"max-snippet:-1","max-image-preview":"max-image-preview:large","max-video-preview":"max-video-preview:-1"},"canonical":"http:\/\/www.sporthiva.com\/index.php\/2020\/10\/16\/anthony-lozano-convocado-por-el-cadiz-para-enfrentar-al-lider-real-madrid\/","og_locale":"es_ES","og_type":"article","og_title":"Anthony Lozano convocado por el C\u00e1diz para enfrentar al l\u00edder Real Madrid - Sporthiva Online","og_description":"El \u00abChoco\u00bb Lozano fue tomado en cuenta, pero su titularidad no est\u00e1 garantzada con la vuelta del espa\u00f1ol \u00c1lvaro Negredo Madrid, Espa\u00f1a El entrenador del C\u00e1diz, \u00c1lvaro Cervera, ofreci\u00f3 la lista de convocados del C\u00e1diz para el encuentro ante el campe\u00f3n y l\u00edder Real Madrid, este s\u00e1bado en el estadio Alfredo Di St\u00e9fano para la&nbsp;Continuar leyendo","og_url":"http:\/\/www.sporthiva.com\/index.php\/2020\/10\/16\/anthony-lozano-convocado-por-el-cadiz-para-enfrentar-al-lider-real-madrid\/","og_site_name":"Sporthiva Online","article_published_time":"2020-10-16T18:35:14+00:00","og_image":[{"width":787,"height":525,"url":"http:\/\/www.sporthiva.com\/wp-content\/uploads\/2020\/10\/lozano.jpg","type":"image\/jpeg"}],"twitter_card":"summary","twitter_misc":{"Escrito por":"Evelyn Pineda","Tiempo de lectura":"2 minutos"},"schema":{"@context":"https:\/\/schema.org","@graph":[{"@type":"WebSite","@id":"http:\/\/www.sporthiva.com\/#website","url":"http:\/\/www.sporthiva.com\/","name":"Sporthiva Online","description":"Sporthiva Online","potentialAction":[{"@type":"SearchAction","target":{"@type":"EntryPoint","urlTemplate":"http:\/\/www.sporthiva.com\/?s={search_term_string}"},"query-input":"required name=search_term_string"}],"inLanguage":"es"},{"@type":"ImageObject","@id":"http:\/\/www.sporthiva.com\/index.php\/2020\/10\/16\/anthony-lozano-convocado-por-el-cadiz-para-enfrentar-al-lider-real-madrid\/#primaryimage","inLanguage":"es","url":"http:\/\/www.sporthiva.com\/wp-content\/uploads\/2020\/10\/lozano.jpg","contentUrl":"http:\/\/www.sporthiva.com\/wp-content\/uploads\/2020\/10\/lozano.jpg","width":787,"height":525},{"@type":"WebPage","@id":"http:\/\/www.sporthiva.com\/index.php\/2020\/10\/16\/anthony-lozano-convocado-por-el-cadiz-para-enfrentar-al-lider-real-madrid\/#webpage","url":"http:\/\/www.sporthiva.com\/index.php\/2020\/10\/16\/anthony-lozano-convocado-por-el-cadiz-para-enfrentar-al-lider-real-madrid\/","name":"Anthony Lozano convocado por el C\u00e1diz para enfrentar al l\u00edder Real Madrid - Sporthiva Online","isPartOf":{"@id":"http:\/\/www.sporthiva.com\/#website"},"primaryImageOfPage":{"@id":"http:\/\/www.sporthiva.com\/index.php\/2020\/10\/16\/anthony-lozano-convocado-por-el-cadiz-para-enfrentar-al-lider-real-madrid\/#primaryimage"},"datePublished":"2020-10-16T18:35:14+00:00","dateModified":"2020-10-16T18:35:14+00:00","author":{"@id":"http:\/\/www.sporthiva.com\/#\/schema\/person\/551718db343e60bf7d707f9085b1e611"},"breadcrumb":{"@id":"http:\/\/www.sporthiva.com\/index.php\/2020\/10\/16\/anthony-lozano-convocado-por-el-cadiz-para-enfrentar-al-lider-real-madrid\/#breadcrumb"},"inLanguage":"es","potentialAction":[{"@type":"ReadAction","target":["http:\/\/www.sporthiva.com\/index.php\/2020\/10\/16\/anthony-lozano-convocado-por-el-cadiz-para-enfrentar-al-lider-real-madrid\/"]}]},{"@type":"BreadcrumbList","@id":"http:\/\/www.sporthiva.com\/index.php\/2020\/10\/16\/anthony-lozano-convocado-por-el-cadiz-para-enfrentar-al-lider-real-madrid\/#breadcrumb","itemListElement":[{"@type":"ListItem","position":1,"name":"Portada","item":"http:\/\/www.sporthiva.com\/"},{"@type":"ListItem","position":2,"name":"Anthony Lozano convocado por el C\u00e1diz para enfrentar al l\u00edder Real Madrid"}]},{"@type":"Person","@id":"http:\/\/www.sporthiva.com\/#\/schema\/person\/551718db343e60bf7d707f9085b1e611","name":"Evelyn Pineda","image":{"@type":"ImageObject","@id":"http:\/\/www.sporthiva.com\/#personlogo","inLanguage":"es","url":"http:\/\/1.gravatar.com\/avatar\/73932ff8109aee94864b4504adf4d91e?s=96&d=mm&r=g","contentUrl":"http:\/\/1.gravatar.com\/avatar\/73932ff8109aee94864b4504adf4d91e?s=96&d=mm&r=g","caption":"Evelyn Pineda"},"sameAs":["http:\/\/www.sporthiva.com\/"],"url":"http:\/\/www.sporthiva.com\/index.php\/author\/epineda\/"}]}},"_links":{"self":[{"href":"http:\/\/www.sporthiva.com\/index.php\/wp-json\/wp\/v2\/posts\/88769"}],"collection":[{"href":"http:\/\/www.sporthiva.com\/index.php\/wp-json\/wp\/v2\/posts"}],"about":[{"href":"http:\/\/www.sporthiva.com\/index.php\/wp-json\/wp\/v2\/types\/post"}],"author":[{"embeddable":true,"href":"http:\/\/www.sporthiva.com\/index.php\/wp-json\/wp\/v2\/users\/7"}],"replies":[{"embeddable":true,"href":"http:\/\/www.sporthiva.com\/index.php\/wp-json\/wp\/v2\/comments?post=88769"}],"version-history":[{"count":1,"href":"http:\/\/www.sporthiva.com\/index.php\/wp-json\/wp\/v2\/posts\/88769\/revisions"}],"predecessor-version":[{"id":88771,"href":"http:\/\/www.sporthiva.com\/index.php\/wp-json\/wp\/v2\/posts\/88769\/revisions\/88771"}],"wp:featuredmedia":[{"embeddable":true,"href":"http:\/\/www.sporthiva.com\/index.php\/wp-json\/wp\/v2\/media\/88770"}],"wp:attachment":[{"href":"http:\/\/www.sporthiva.com\/index.php\/wp-json\/wp\/v2\/media?parent=88769"}],"wp:term":[{"taxonomy":"category","embeddable":true,"href":"http:\/\/www.sporthiva.com\/index.php\/wp-json\/wp\/v2\/categories?post=88769"},{"taxonomy":"post_tag","embeddable":true,"href":"http:\/\/www.sporthiva.com\/index.php\/wp-json\/wp\/v2\/tags?post=88769"}],"curies":[{"name":"wp","href":"https:\/\/api.w.org\/{rel}","templated":true}]}}