{"id":90275,"date":"2020-11-11T09:59:12","date_gmt":"2020-11-11T15:59:12","guid":{"rendered":"http:\/\/www.sporthiva.com\/?p=90275"},"modified":"2020-11-11T09:59:12","modified_gmt":"2020-11-11T15:59:12","slug":"el-barcelona-reclama-102-millones-de-euros-a-neymar","status":"publish","type":"post","link":"http:\/\/www.sporthiva.com\/index.php\/2020\/11\/11\/el-barcelona-reclama-102-millones-de-euros-a-neymar\/","title":{"rendered":"El Barcelona reclama 10,2 millones de euros a Neymar"},"content":{"rendered":"<h4><strong>El club catal\u00e1n\u00a0demanda al jugador por retenerle menos impuestos de lo correspondiente<\/strong><\/h4>\n<p><strong>Barcelona, Espa\u00f1a<\/strong><\/p>\n<p>El FC Barcelona ha demandado al brasile\u00f1o Neymar Jr, jugador del Paris Saint Germain de Francia, con una reclamaci\u00f3n de 10,2 millones de euros, seg\u00fan una informaci\u00f3n publicada este mi\u00e9rcoles por diario El Mundo.<\/p>\n<p>La demanda, seg\u00fan informaron a EFE fuentes de la entidad azulgrana, se basa en que el club catal\u00e1n le retuvo menos impuestos de los que le correspond\u00eda durante su trayectoria en la entidad azulgrana, que ahora le reclama la diferencia.<\/p>\n<p><strong>Vea adem\u00e1s:\u00a0<a href=\"http:\/\/www.sporthiva.com\/index.php\/2020\/11\/11\/toni-kroos-somos-titeres-de-la-fifa-y-la-uefa\/\">Toni Kroos: \u00abSomos t\u00edteres de la FIFA y la UEFA\u00bb<\/a><\/strong><\/p>\n<p>Desde que comenzara la instrucci\u00f3n en la Audiencia Nacional por el caso Neymar, los pagos del contrato al jugador se realizaron siguiendo los criterios de la Fiscal\u00eda y la Abogac\u00eda del Estado, seg\u00fan explicaron desde el club azulgrana.<\/p>\n<p>Es decir, las retenciones que se realizaron fueron del 48%, como corresponde a un contrato laboral, y no a un 24% como se hubiera tratado de un contrato comercial. Desde el club se consideraba que en el caso contrario, exist\u00eda riesgo de comisi\u00f3n de un nuevo delito fiscal.<\/p>\n<p><strong>Le interesa tambi\u00e9n:\u00a0<a href=\"http:\/\/www.sporthiva.com\/index.php\/2020\/11\/10\/liverpool-se-despide-de-melwood-su-historico-centro-de-entrenamiento\/\">Liverpool se despide de Melwood, su hist\u00f3rico centro de entrenamiento<\/a><\/strong><\/p>\n<p data-inc=\"1\">Seg\u00fan la misma fuente, la Agencia Tributaria una vez finalizada la \u00faltima inspecci\u00f3n y se produjeron las regularizaciones en el verano de 2019, confirm\u00f3 la diferencia de tratamiento fiscal y por eso la reclamaci\u00f3n de la citada cantidad.<\/p>\n<p>Seg\u00fan la informaci\u00f3n de El Mundo, \u201cla Agencia Tributaria ha notificado al Bar\u00e7a que, en caso de no regularizarse la situaci\u00f3n, dar\u00eda a esos 10,2 millones el tratamiento de una donaci\u00f3n del club azulgrana al futbolista, con las contingencias fiscales que pudieran derivarse de ello para el propio Neymar y el ajuste que debiera hacer la entidad catalana ante Hacienda\u201d.<\/p>\n","protected":false},"excerpt":{"rendered":"<p>El club catal\u00e1n\u00a0demanda al jugador por retenerle menos impuestos de lo correspondiente Barcelona, Espa\u00f1a El FC Barcelona ha demandado al brasile\u00f1o Neymar Jr, jugador del Paris Saint Germain de Francia, con una reclamaci\u00f3n de 10,2 millones de euros, seg\u00fan una informaci\u00f3n publicada este mi\u00e9rcoles por diario El Mundo. La demanda, seg\u00fan informaron a EFE fuentes&nbsp;<\/p>\n<p><a class=\"btn btn-style\" href=\"http:\/\/www.sporthiva.com\/index.php\/2020\/11\/11\/el-barcelona-reclama-102-millones-de-euros-a-neymar\/\">Continuar leyendo<\/a><\/p>\n","protected":false},"author":7,"featured_media":90276,"comment_status":"open","ping_status":"open","sticky":false,"template":"","format":"standard","meta":{"qubely_global_settings":"","qubely_interactions":""},"categories":[563],"tags":[],"qubely_featured_image_url":{"full":["http:\/\/www.sporthiva.com\/wp-content\/uploads\/2020\/11\/Neymar.jpg",978,554,false],"landscape":["http:\/\/www.sporthiva.com\/wp-content\/uploads\/2020\/11\/Neymar.jpg",978,554,false],"portraits":["http:\/\/www.sporthiva.com\/wp-content\/uploads\/2020\/11\/Neymar-540x320.jpg",540,320,true],"thumbnail":["http:\/\/www.sporthiva.com\/wp-content\/uploads\/2020\/11\/Neymar-150x150.jpg",150,150,true],"medium":["http:\/\/www.sporthiva.com\/wp-content\/uploads\/2020\/11\/Neymar-669x379.jpg",669,379,true],"medium_large":["http:\/\/www.sporthiva.com\/wp-content\/uploads\/2020\/11\/Neymar-768x435.jpg",768,435,true],"large":["http:\/\/www.sporthiva.com\/wp-content\/uploads\/2020\/11\/Neymar.jpg",978,554,false],"1536x1536":["http:\/\/www.sporthiva.com\/wp-content\/uploads\/2020\/11\/Neymar.jpg",978,554,false],"2048x2048":["http:\/\/www.sporthiva.com\/wp-content\/uploads\/2020\/11\/Neymar.jpg",978,554,false],"alm-thumbnail":["http:\/\/www.sporthiva.com\/wp-content\/uploads\/2020\/11\/Neymar-150x150.jpg",150,150,true],"qubely_landscape":["http:\/\/www.sporthiva.com\/wp-content\/uploads\/2020\/11\/Neymar.jpg",978,554,false],"qubely_portrait":["http:\/\/www.sporthiva.com\/wp-content\/uploads\/2020\/11\/Neymar-540x320.jpg",540,320,true],"qubely_thumbnail":["http:\/\/www.sporthiva.com\/wp-content\/uploads\/2020\/11\/Neymar-140x100.jpg",140,100,true],"sportspress-crop-medium":["http:\/\/www.sporthiva.com\/wp-content\/uploads\/2020\/11\/Neymar-300x300.jpg",300,300,true],"sportspress-fit-medium":["http:\/\/www.sporthiva.com\/wp-content\/uploads\/2020\/11\/Neymar-300x170.jpg",300,170,true],"sportspress-fit-icon":["http:\/\/www.sporthiva.com\/wp-content\/uploads\/2020\/11\/Neymar-128x73.jpg",128,73,true],"sportspress-fit-mini":["http:\/\/www.sporthiva.com\/wp-content\/uploads\/2020\/11\/Neymar-32x18.jpg",32,18,true],"heighlights":["http:\/\/www.sporthiva.com\/wp-content\/uploads\/2020\/11\/Neymar-460x500.jpg",460,500,true],"video-thumb":["http:\/\/www.sporthiva.com\/wp-content\/uploads\/2020\/11\/Neymar-360x235.jpg",360,235,true],"video-thumb2":["http:\/\/www.sporthiva.com\/wp-content\/uploads\/2020\/11\/Neymar-360x422.jpg",360,422,true],"blog-thumb":["http:\/\/www.sporthiva.com\/wp-content\/uploads\/2020\/11\/Neymar-175x150.jpg",175,150,true],"blog-medium":["http:\/\/www.sporthiva.com\/wp-content\/uploads\/2020\/11\/Neymar-750x350.jpg",750,350,true],"blog-full":["http:\/\/www.sporthiva.com\/wp-content\/uploads\/2020\/11\/Neymar-978x550.jpg",978,550,true],"popular-post":["http:\/\/www.sporthiva.com\/wp-content\/uploads\/2020\/11\/Neymar-560x510.jpg",560,510,true],"heighlights-post":["http:\/\/www.sporthiva.com\/wp-content\/uploads\/2020\/11\/Neymar-262x236.jpg",262,236,true],"player-thumb":["http:\/\/www.sporthiva.com\/wp-content\/uploads\/2020\/11\/Neymar-270x150.jpg",270,150,true],"wp_rp_thumbnail":["http:\/\/www.sporthiva.com\/wp-content\/uploads\/2020\/11\/Neymar-150x150.jpg",150,150,true]},"qubely_author":{"display_name":"Evelyn Pineda","author_link":"http:\/\/www.sporthiva.com\/index.php\/author\/epineda\/"},"qubely_comment":0,"qubely_category":"<a href=\"http:\/\/www.sporthiva.com\/index.php\/category\/internacionales\/\" rel=\"category tag\">Internacionales<\/a>","qubely_excerpt":"El club catal\u00e1n\u00a0demanda al jugador por retenerle menos impuestos de lo correspondiente Barcelona, Espa\u00f1a El FC Barcelona ha demandado al brasile\u00f1o Neymar Jr, jugador del Paris Saint Germain de Francia, con una reclamaci\u00f3n de 10,2 millones de euros, seg\u00fan una informaci\u00f3n publicada este mi\u00e9rcoles por diario El Mundo. La demanda, seg\u00fan informaron a EFE fuentes&nbsp;Continuar&hellip;","yoast_head":"<!-- This site is optimized with the Yoast SEO plugin v17.8 - https:\/\/yoast.com\/wordpress\/plugins\/seo\/ -->\n<title>El Barcelona reclama 10,2 millones de euros a Neymar - Sporthiva Online<\/title>\n<meta name=\"robots\" content=\"index, follow, max-snippet:-1, max-image-preview:large, max-video-preview:-1\" \/>\n<link rel=\"canonical\" href=\"http:\/\/www.sporthiva.com\/index.php\/2020\/11\/11\/el-barcelona-reclama-102-millones-de-euros-a-neymar\/\" \/>\n<meta property=\"og:locale\" content=\"es_ES\" \/>\n<meta property=\"og:type\" content=\"article\" \/>\n<meta property=\"og:title\" content=\"El Barcelona reclama 10,2 millones de euros a Neymar - Sporthiva Online\" \/>\n<meta property=\"og:description\" content=\"El club catal\u00e1n\u00a0demanda al jugador por retenerle menos impuestos de lo correspondiente Barcelona, Espa\u00f1a El FC Barcelona ha demandado al brasile\u00f1o Neymar Jr, jugador del Paris Saint Germain de Francia, con una reclamaci\u00f3n de 10,2 millones de euros, seg\u00fan una informaci\u00f3n publicada este mi\u00e9rcoles por diario El Mundo. La demanda, seg\u00fan informaron a EFE fuentes&nbsp;Continuar leyendo\" \/>\n<meta property=\"og:url\" content=\"http:\/\/www.sporthiva.com\/index.php\/2020\/11\/11\/el-barcelona-reclama-102-millones-de-euros-a-neymar\/\" \/>\n<meta property=\"og:site_name\" content=\"Sporthiva Online\" \/>\n<meta property=\"article:published_time\" content=\"2020-11-11T15:59:12+00:00\" \/>\n<meta property=\"og:image\" content=\"http:\/\/www.sporthiva.com\/wp-content\/uploads\/2020\/11\/Neymar.jpg\" \/>\n\t<meta property=\"og:image:width\" content=\"978\" \/>\n\t<meta property=\"og:image:height\" content=\"554\" \/>\n<meta name=\"twitter:card\" content=\"summary\" \/>\n<meta name=\"twitter:label1\" content=\"Escrito por\" \/>\n\t<meta name=\"twitter:data1\" content=\"Evelyn Pineda\" \/>\n\t<meta name=\"twitter:label2\" content=\"Tiempo de lectura\" \/>\n\t<meta name=\"twitter:data2\" content=\"2 minutos\" \/>\n<script type=\"application\/ld+json\" class=\"yoast-schema-graph\">{\"@context\":\"https:\/\/schema.org\",\"@graph\":[{\"@type\":\"WebSite\",\"@id\":\"http:\/\/www.sporthiva.com\/#website\",\"url\":\"http:\/\/www.sporthiva.com\/\",\"name\":\"Sporthiva Online\",\"description\":\"Sporthiva Online\",\"potentialAction\":[{\"@type\":\"SearchAction\",\"target\":{\"@type\":\"EntryPoint\",\"urlTemplate\":\"http:\/\/www.sporthiva.com\/?s={search_term_string}\"},\"query-input\":\"required name=search_term_string\"}],\"inLanguage\":\"es\"},{\"@type\":\"ImageObject\",\"@id\":\"http:\/\/www.sporthiva.com\/index.php\/2020\/11\/11\/el-barcelona-reclama-102-millones-de-euros-a-neymar\/#primaryimage\",\"inLanguage\":\"es\",\"url\":\"http:\/\/www.sporthiva.com\/wp-content\/uploads\/2020\/11\/Neymar.jpg\",\"contentUrl\":\"http:\/\/www.sporthiva.com\/wp-content\/uploads\/2020\/11\/Neymar.jpg\",\"width\":978,\"height\":554},{\"@type\":\"WebPage\",\"@id\":\"http:\/\/www.sporthiva.com\/index.php\/2020\/11\/11\/el-barcelona-reclama-102-millones-de-euros-a-neymar\/#webpage\",\"url\":\"http:\/\/www.sporthiva.com\/index.php\/2020\/11\/11\/el-barcelona-reclama-102-millones-de-euros-a-neymar\/\",\"name\":\"El Barcelona reclama 10,2 millones de euros a Neymar - Sporthiva Online\",\"isPartOf\":{\"@id\":\"http:\/\/www.sporthiva.com\/#website\"},\"primaryImageOfPage\":{\"@id\":\"http:\/\/www.sporthiva.com\/index.php\/2020\/11\/11\/el-barcelona-reclama-102-millones-de-euros-a-neymar\/#primaryimage\"},\"datePublished\":\"2020-11-11T15:59:12+00:00\",\"dateModified\":\"2020-11-11T15:59:12+00:00\",\"author\":{\"@id\":\"http:\/\/www.sporthiva.com\/#\/schema\/person\/551718db343e60bf7d707f9085b1e611\"},\"breadcrumb\":{\"@id\":\"http:\/\/www.sporthiva.com\/index.php\/2020\/11\/11\/el-barcelona-reclama-102-millones-de-euros-a-neymar\/#breadcrumb\"},\"inLanguage\":\"es\",\"potentialAction\":[{\"@type\":\"ReadAction\",\"target\":[\"http:\/\/www.sporthiva.com\/index.php\/2020\/11\/11\/el-barcelona-reclama-102-millones-de-euros-a-neymar\/\"]}]},{\"@type\":\"BreadcrumbList\",\"@id\":\"http:\/\/www.sporthiva.com\/index.php\/2020\/11\/11\/el-barcelona-reclama-102-millones-de-euros-a-neymar\/#breadcrumb\",\"itemListElement\":[{\"@type\":\"ListItem\",\"position\":1,\"name\":\"Portada\",\"item\":\"http:\/\/www.sporthiva.com\/\"},{\"@type\":\"ListItem\",\"position\":2,\"name\":\"El Barcelona reclama 10,2 millones de euros a Neymar\"}]},{\"@type\":\"Person\",\"@id\":\"http:\/\/www.sporthiva.com\/#\/schema\/person\/551718db343e60bf7d707f9085b1e611\",\"name\":\"Evelyn Pineda\",\"image\":{\"@type\":\"ImageObject\",\"@id\":\"http:\/\/www.sporthiva.com\/#personlogo\",\"inLanguage\":\"es\",\"url\":\"http:\/\/1.gravatar.com\/avatar\/73932ff8109aee94864b4504adf4d91e?s=96&d=mm&r=g\",\"contentUrl\":\"http:\/\/1.gravatar.com\/avatar\/73932ff8109aee94864b4504adf4d91e?s=96&d=mm&r=g\",\"caption\":\"Evelyn Pineda\"},\"sameAs\":[\"http:\/\/www.sporthiva.com\/\"],\"url\":\"http:\/\/www.sporthiva.com\/index.php\/author\/epineda\/\"}]}<\/script>\n<!-- \/ Yoast SEO plugin. -->","yoast_head_json":{"title":"El Barcelona reclama 10,2 millones de euros a Neymar - Sporthiva Online","robots":{"index":"index","follow":"follow","max-snippet":"max-snippet:-1","max-image-preview":"max-image-preview:large","max-video-preview":"max-video-preview:-1"},"canonical":"http:\/\/www.sporthiva.com\/index.php\/2020\/11\/11\/el-barcelona-reclama-102-millones-de-euros-a-neymar\/","og_locale":"es_ES","og_type":"article","og_title":"El Barcelona reclama 10,2 millones de euros a Neymar - Sporthiva Online","og_description":"El club catal\u00e1n\u00a0demanda al jugador por retenerle menos impuestos de lo correspondiente Barcelona, Espa\u00f1a El FC Barcelona ha demandado al brasile\u00f1o Neymar Jr, jugador del Paris Saint Germain de Francia, con una reclamaci\u00f3n de 10,2 millones de euros, seg\u00fan una informaci\u00f3n publicada este mi\u00e9rcoles por diario El Mundo. La demanda, seg\u00fan informaron a EFE fuentes&nbsp;Continuar leyendo","og_url":"http:\/\/www.sporthiva.com\/index.php\/2020\/11\/11\/el-barcelona-reclama-102-millones-de-euros-a-neymar\/","og_site_name":"Sporthiva Online","article_published_time":"2020-11-11T15:59:12+00:00","og_image":[{"width":978,"height":554,"url":"http:\/\/www.sporthiva.com\/wp-content\/uploads\/2020\/11\/Neymar.jpg","type":"image\/jpeg"}],"twitter_card":"summary","twitter_misc":{"Escrito por":"Evelyn Pineda","Tiempo de lectura":"2 minutos"},"schema":{"@context":"https:\/\/schema.org","@graph":[{"@type":"WebSite","@id":"http:\/\/www.sporthiva.com\/#website","url":"http:\/\/www.sporthiva.com\/","name":"Sporthiva Online","description":"Sporthiva Online","potentialAction":[{"@type":"SearchAction","target":{"@type":"EntryPoint","urlTemplate":"http:\/\/www.sporthiva.com\/?s={search_term_string}"},"query-input":"required name=search_term_string"}],"inLanguage":"es"},{"@type":"ImageObject","@id":"http:\/\/www.sporthiva.com\/index.php\/2020\/11\/11\/el-barcelona-reclama-102-millones-de-euros-a-neymar\/#primaryimage","inLanguage":"es","url":"http:\/\/www.sporthiva.com\/wp-content\/uploads\/2020\/11\/Neymar.jpg","contentUrl":"http:\/\/www.sporthiva.com\/wp-content\/uploads\/2020\/11\/Neymar.jpg","width":978,"height":554},{"@type":"WebPage","@id":"http:\/\/www.sporthiva.com\/index.php\/2020\/11\/11\/el-barcelona-reclama-102-millones-de-euros-a-neymar\/#webpage","url":"http:\/\/www.sporthiva.com\/index.php\/2020\/11\/11\/el-barcelona-reclama-102-millones-de-euros-a-neymar\/","name":"El Barcelona reclama 10,2 millones de euros a Neymar - Sporthiva Online","isPartOf":{"@id":"http:\/\/www.sporthiva.com\/#website"},"primaryImageOfPage":{"@id":"http:\/\/www.sporthiva.com\/index.php\/2020\/11\/11\/el-barcelona-reclama-102-millones-de-euros-a-neymar\/#primaryimage"},"datePublished":"2020-11-11T15:59:12+00:00","dateModified":"2020-11-11T15:59:12+00:00","author":{"@id":"http:\/\/www.sporthiva.com\/#\/schema\/person\/551718db343e60bf7d707f9085b1e611"},"breadcrumb":{"@id":"http:\/\/www.sporthiva.com\/index.php\/2020\/11\/11\/el-barcelona-reclama-102-millones-de-euros-a-neymar\/#breadcrumb"},"inLanguage":"es","potentialAction":[{"@type":"ReadAction","target":["http:\/\/www.sporthiva.com\/index.php\/2020\/11\/11\/el-barcelona-reclama-102-millones-de-euros-a-neymar\/"]}]},{"@type":"BreadcrumbList","@id":"http:\/\/www.sporthiva.com\/index.php\/2020\/11\/11\/el-barcelona-reclama-102-millones-de-euros-a-neymar\/#breadcrumb","itemListElement":[{"@type":"ListItem","position":1,"name":"Portada","item":"http:\/\/www.sporthiva.com\/"},{"@type":"ListItem","position":2,"name":"El Barcelona reclama 10,2 millones de euros a Neymar"}]},{"@type":"Person","@id":"http:\/\/www.sporthiva.com\/#\/schema\/person\/551718db343e60bf7d707f9085b1e611","name":"Evelyn Pineda","image":{"@type":"ImageObject","@id":"http:\/\/www.sporthiva.com\/#personlogo","inLanguage":"es","url":"http:\/\/1.gravatar.com\/avatar\/73932ff8109aee94864b4504adf4d91e?s=96&d=mm&r=g","contentUrl":"http:\/\/1.gravatar.com\/avatar\/73932ff8109aee94864b4504adf4d91e?s=96&d=mm&r=g","caption":"Evelyn Pineda"},"sameAs":["http:\/\/www.sporthiva.com\/"],"url":"http:\/\/www.sporthiva.com\/index.php\/author\/epineda\/"}]}},"_links":{"self":[{"href":"http:\/\/www.sporthiva.com\/index.php\/wp-json\/wp\/v2\/posts\/90275"}],"collection":[{"href":"http:\/\/www.sporthiva.com\/index.php\/wp-json\/wp\/v2\/posts"}],"about":[{"href":"http:\/\/www.sporthiva.com\/index.php\/wp-json\/wp\/v2\/types\/post"}],"author":[{"embeddable":true,"href":"http:\/\/www.sporthiva.com\/index.php\/wp-json\/wp\/v2\/users\/7"}],"replies":[{"embeddable":true,"href":"http:\/\/www.sporthiva.com\/index.php\/wp-json\/wp\/v2\/comments?post=90275"}],"version-history":[{"count":1,"href":"http:\/\/www.sporthiva.com\/index.php\/wp-json\/wp\/v2\/posts\/90275\/revisions"}],"predecessor-version":[{"id":90277,"href":"http:\/\/www.sporthiva.com\/index.php\/wp-json\/wp\/v2\/posts\/90275\/revisions\/90277"}],"wp:featuredmedia":[{"embeddable":true,"href":"http:\/\/www.sporthiva.com\/index.php\/wp-json\/wp\/v2\/media\/90276"}],"wp:attachment":[{"href":"http:\/\/www.sporthiva.com\/index.php\/wp-json\/wp\/v2\/media?parent=90275"}],"wp:term":[{"taxonomy":"category","embeddable":true,"href":"http:\/\/www.sporthiva.com\/index.php\/wp-json\/wp\/v2\/categories?post=90275"},{"taxonomy":"post_tag","embeddable":true,"href":"http:\/\/www.sporthiva.com\/index.php\/wp-json\/wp\/v2\/tags?post=90275"}],"curies":[{"name":"wp","href":"https:\/\/api.w.org\/{rel}","templated":true}]}}