{"id":90278,"date":"2020-11-11T10:08:03","date_gmt":"2020-11-11T16:08:03","guid":{"rendered":"http:\/\/www.sporthiva.com\/?p=90278"},"modified":"2020-11-11T10:08:03","modified_gmt":"2020-11-11T16:08:03","slug":"marco-rossi-seleccionador-de-hungria-da-positivo-por-covid-19","status":"publish","type":"post","link":"http:\/\/www.sporthiva.com\/index.php\/2020\/11\/11\/marco-rossi-seleccionador-de-hungria-da-positivo-por-covid-19\/","title":{"rendered":"Marco Rossi, seleccionador de Hungr\u00eda, da positivo por COVID-19"},"content":{"rendered":"<h4><strong>El pa\u00eds centroeuropeo, que se juega la clasificaci\u00f3n a la Eurocopa en una de las finales de la Liga de Naciones, lo tendr\u00e1 que hacer sin su t\u00e9cnico<\/strong><\/h4>\n<p><strong>Budapest, Hungr\u00eda<\/strong><\/p>\n<p>El italiano Marco Rossi, seleccionador de Hungr\u00eda, ha dado positivo en una prueba de coronavirus un d\u00eda antes de un encuentro clasificatorio para la Eurocopa contra Islandia, inform\u00f3 la Federaci\u00f3n H\u00fangara (MLSZ).<\/p>\n<p>\u201cDespu\u00e9s de negativos anteriores, el resultado del test de Marco Rossi dio resultado positivo. Su aislamiento de los jugadores y del personal t\u00e9cnico se ha realizado enseguida (tras conocer los resultados)\u201d, comunic\u00f3 la MLSZ en un breve mensaje de Twitter.<\/p>\n<p><strong>Vea adem\u00e1s:\u00a0<a href=\"http:\/\/www.sporthiva.com\/index.php\/2020\/11\/11\/el-barcelona-reclama-102-millones-de-euros-a-neymar\/\">El Barcelona reclama 10,2 millones de euros a Neymar<\/a><\/strong><\/p>\n<p>Si, como parece, el t\u00e9cnico no puede estar presente en el partido de ma\u00f1ana que Hungr\u00eda juega contra Islandia ser\u00e1 sustituido por su segundo, Cosimo Inguscio, adelant\u00f3 la agencia MTI.<\/p>\n<p>Los h\u00fangaros recibir\u00e1n ma\u00f1ana en el estadio Pusk\u00e1s Ar\u00e9na a Islandia en partido clasificatorio para la Eurocopa, quien gane jugar\u00e1 el torneo.<\/p>\n","protected":false},"excerpt":{"rendered":"<p>El pa\u00eds centroeuropeo, que se juega la clasificaci\u00f3n a la Eurocopa en una de las finales de la Liga de Naciones, lo tendr\u00e1 que hacer sin su t\u00e9cnico Budapest, Hungr\u00eda El italiano Marco Rossi, seleccionador de Hungr\u00eda, ha dado positivo en una prueba de coronavirus un d\u00eda antes de un encuentro clasificatorio para la Eurocopa&nbsp;<\/p>\n<p><a class=\"btn btn-style\" href=\"http:\/\/www.sporthiva.com\/index.php\/2020\/11\/11\/marco-rossi-seleccionador-de-hungria-da-positivo-por-covid-19\/\">Continuar leyendo<\/a><\/p>\n","protected":false},"author":7,"featured_media":90279,"comment_status":"open","ping_status":"open","sticky":false,"template":"","format":"standard","meta":{"qubely_global_settings":"","qubely_interactions":""},"categories":[563],"tags":[],"qubely_featured_image_url":{"full":["http:\/\/www.sporthiva.com\/wp-content\/uploads\/2020\/11\/marco-rossi.jpeg",969,559,false],"landscape":["http:\/\/www.sporthiva.com\/wp-content\/uploads\/2020\/11\/marco-rossi.jpeg",969,559,false],"portraits":["http:\/\/www.sporthiva.com\/wp-content\/uploads\/2020\/11\/marco-rossi-540x320.jpeg",540,320,true],"thumbnail":["http:\/\/www.sporthiva.com\/wp-content\/uploads\/2020\/11\/marco-rossi-150x150.jpeg",150,150,true],"medium":["http:\/\/www.sporthiva.com\/wp-content\/uploads\/2020\/11\/marco-rossi-657x379.jpeg",657,379,true],"medium_large":["http:\/\/www.sporthiva.com\/wp-content\/uploads\/2020\/11\/marco-rossi-768x443.jpeg",768,443,true],"large":["http:\/\/www.sporthiva.com\/wp-content\/uploads\/2020\/11\/marco-rossi.jpeg",969,559,false],"1536x1536":["http:\/\/www.sporthiva.com\/wp-content\/uploads\/2020\/11\/marco-rossi.jpeg",969,559,false],"2048x2048":["http:\/\/www.sporthiva.com\/wp-content\/uploads\/2020\/11\/marco-rossi.jpeg",969,559,false],"alm-thumbnail":["http:\/\/www.sporthiva.com\/wp-content\/uploads\/2020\/11\/marco-rossi-150x150.jpeg",150,150,true],"qubely_landscape":["http:\/\/www.sporthiva.com\/wp-content\/uploads\/2020\/11\/marco-rossi.jpeg",969,559,false],"qubely_portrait":["http:\/\/www.sporthiva.com\/wp-content\/uploads\/2020\/11\/marco-rossi-540x320.jpeg",540,320,true],"qubely_thumbnail":["http:\/\/www.sporthiva.com\/wp-content\/uploads\/2020\/11\/marco-rossi-140x100.jpeg",140,100,true],"sportspress-crop-medium":["http:\/\/www.sporthiva.com\/wp-content\/uploads\/2020\/11\/marco-rossi-300x300.jpeg",300,300,true],"sportspress-fit-medium":["http:\/\/www.sporthiva.com\/wp-content\/uploads\/2020\/11\/marco-rossi-300x173.jpeg",300,173,true],"sportspress-fit-icon":["http:\/\/www.sporthiva.com\/wp-content\/uploads\/2020\/11\/marco-rossi-128x74.jpeg",128,74,true],"sportspress-fit-mini":["http:\/\/www.sporthiva.com\/wp-content\/uploads\/2020\/11\/marco-rossi-32x18.jpeg",32,18,true],"heighlights":["http:\/\/www.sporthiva.com\/wp-content\/uploads\/2020\/11\/marco-rossi-460x500.jpeg",460,500,true],"video-thumb":["http:\/\/www.sporthiva.com\/wp-content\/uploads\/2020\/11\/marco-rossi-360x235.jpeg",360,235,true],"video-thumb2":["http:\/\/www.sporthiva.com\/wp-content\/uploads\/2020\/11\/marco-rossi-360x422.jpeg",360,422,true],"blog-thumb":["http:\/\/www.sporthiva.com\/wp-content\/uploads\/2020\/11\/marco-rossi-175x150.jpeg",175,150,true],"blog-medium":["http:\/\/www.sporthiva.com\/wp-content\/uploads\/2020\/11\/marco-rossi-750x350.jpeg",750,350,true],"blog-full":["http:\/\/www.sporthiva.com\/wp-content\/uploads\/2020\/11\/marco-rossi-969x550.jpeg",969,550,true],"popular-post":["http:\/\/www.sporthiva.com\/wp-content\/uploads\/2020\/11\/marco-rossi-560x510.jpeg",560,510,true],"heighlights-post":["http:\/\/www.sporthiva.com\/wp-content\/uploads\/2020\/11\/marco-rossi-262x236.jpeg",262,236,true],"player-thumb":["http:\/\/www.sporthiva.com\/wp-content\/uploads\/2020\/11\/marco-rossi-270x150.jpeg",270,150,true],"wp_rp_thumbnail":["http:\/\/www.sporthiva.com\/wp-content\/uploads\/2020\/11\/marco-rossi-150x150.jpeg",150,150,true]},"qubely_author":{"display_name":"Evelyn Pineda","author_link":"http:\/\/www.sporthiva.com\/index.php\/author\/epineda\/"},"qubely_comment":0,"qubely_category":"<a href=\"http:\/\/www.sporthiva.com\/index.php\/category\/internacionales\/\" rel=\"category tag\">Internacionales<\/a>","qubely_excerpt":"El pa\u00eds centroeuropeo, que se juega la clasificaci\u00f3n a la Eurocopa en una de las finales de la Liga de Naciones, lo tendr\u00e1 que hacer sin su t\u00e9cnico Budapest, Hungr\u00eda El italiano Marco Rossi, seleccionador de Hungr\u00eda, ha dado positivo en una prueba de coronavirus un d\u00eda antes de un encuentro clasificatorio para la Eurocopa&nbsp;Continuar&hellip;","yoast_head":"<!-- This site is optimized with the Yoast SEO plugin v17.8 - https:\/\/yoast.com\/wordpress\/plugins\/seo\/ -->\n<title>Marco Rossi, seleccionador de Hungr\u00eda, da positivo por COVID-19 - Sporthiva Online<\/title>\n<meta name=\"robots\" content=\"index, follow, max-snippet:-1, max-image-preview:large, max-video-preview:-1\" \/>\n<link rel=\"canonical\" href=\"http:\/\/www.sporthiva.com\/index.php\/2020\/11\/11\/marco-rossi-seleccionador-de-hungria-da-positivo-por-covid-19\/\" \/>\n<meta property=\"og:locale\" content=\"es_ES\" \/>\n<meta property=\"og:type\" content=\"article\" \/>\n<meta property=\"og:title\" content=\"Marco Rossi, seleccionador de Hungr\u00eda, da positivo por COVID-19 - Sporthiva Online\" \/>\n<meta property=\"og:description\" content=\"El pa\u00eds centroeuropeo, que se juega la clasificaci\u00f3n a la Eurocopa en una de las finales de la Liga de Naciones, lo tendr\u00e1 que hacer sin su t\u00e9cnico Budapest, Hungr\u00eda El italiano Marco Rossi, seleccionador de Hungr\u00eda, ha dado positivo en una prueba de coronavirus un d\u00eda antes de un encuentro clasificatorio para la Eurocopa&nbsp;Continuar leyendo\" \/>\n<meta property=\"og:url\" content=\"http:\/\/www.sporthiva.com\/index.php\/2020\/11\/11\/marco-rossi-seleccionador-de-hungria-da-positivo-por-covid-19\/\" \/>\n<meta property=\"og:site_name\" content=\"Sporthiva Online\" \/>\n<meta property=\"article:published_time\" content=\"2020-11-11T16:08:03+00:00\" \/>\n<meta property=\"og:image\" content=\"http:\/\/www.sporthiva.com\/wp-content\/uploads\/2020\/11\/marco-rossi.jpeg\" \/>\n\t<meta property=\"og:image:width\" content=\"969\" \/>\n\t<meta property=\"og:image:height\" content=\"559\" \/>\n<meta name=\"twitter:card\" content=\"summary\" \/>\n<meta name=\"twitter:label1\" content=\"Escrito por\" \/>\n\t<meta name=\"twitter:data1\" content=\"Evelyn Pineda\" \/>\n\t<meta name=\"twitter:label2\" content=\"Tiempo de lectura\" \/>\n\t<meta name=\"twitter:data2\" content=\"1 minuto\" \/>\n<script type=\"application\/ld+json\" class=\"yoast-schema-graph\">{\"@context\":\"https:\/\/schema.org\",\"@graph\":[{\"@type\":\"WebSite\",\"@id\":\"http:\/\/www.sporthiva.com\/#website\",\"url\":\"http:\/\/www.sporthiva.com\/\",\"name\":\"Sporthiva Online\",\"description\":\"Sporthiva Online\",\"potentialAction\":[{\"@type\":\"SearchAction\",\"target\":{\"@type\":\"EntryPoint\",\"urlTemplate\":\"http:\/\/www.sporthiva.com\/?s={search_term_string}\"},\"query-input\":\"required name=search_term_string\"}],\"inLanguage\":\"es\"},{\"@type\":\"ImageObject\",\"@id\":\"http:\/\/www.sporthiva.com\/index.php\/2020\/11\/11\/marco-rossi-seleccionador-de-hungria-da-positivo-por-covid-19\/#primaryimage\",\"inLanguage\":\"es\",\"url\":\"http:\/\/www.sporthiva.com\/wp-content\/uploads\/2020\/11\/marco-rossi.jpeg\",\"contentUrl\":\"http:\/\/www.sporthiva.com\/wp-content\/uploads\/2020\/11\/marco-rossi.jpeg\",\"width\":969,\"height\":559},{\"@type\":\"WebPage\",\"@id\":\"http:\/\/www.sporthiva.com\/index.php\/2020\/11\/11\/marco-rossi-seleccionador-de-hungria-da-positivo-por-covid-19\/#webpage\",\"url\":\"http:\/\/www.sporthiva.com\/index.php\/2020\/11\/11\/marco-rossi-seleccionador-de-hungria-da-positivo-por-covid-19\/\",\"name\":\"Marco Rossi, seleccionador de Hungr\\u00eda, da positivo por COVID-19 - Sporthiva Online\",\"isPartOf\":{\"@id\":\"http:\/\/www.sporthiva.com\/#website\"},\"primaryImageOfPage\":{\"@id\":\"http:\/\/www.sporthiva.com\/index.php\/2020\/11\/11\/marco-rossi-seleccionador-de-hungria-da-positivo-por-covid-19\/#primaryimage\"},\"datePublished\":\"2020-11-11T16:08:03+00:00\",\"dateModified\":\"2020-11-11T16:08:03+00:00\",\"author\":{\"@id\":\"http:\/\/www.sporthiva.com\/#\/schema\/person\/551718db343e60bf7d707f9085b1e611\"},\"breadcrumb\":{\"@id\":\"http:\/\/www.sporthiva.com\/index.php\/2020\/11\/11\/marco-rossi-seleccionador-de-hungria-da-positivo-por-covid-19\/#breadcrumb\"},\"inLanguage\":\"es\",\"potentialAction\":[{\"@type\":\"ReadAction\",\"target\":[\"http:\/\/www.sporthiva.com\/index.php\/2020\/11\/11\/marco-rossi-seleccionador-de-hungria-da-positivo-por-covid-19\/\"]}]},{\"@type\":\"BreadcrumbList\",\"@id\":\"http:\/\/www.sporthiva.com\/index.php\/2020\/11\/11\/marco-rossi-seleccionador-de-hungria-da-positivo-por-covid-19\/#breadcrumb\",\"itemListElement\":[{\"@type\":\"ListItem\",\"position\":1,\"name\":\"Portada\",\"item\":\"http:\/\/www.sporthiva.com\/\"},{\"@type\":\"ListItem\",\"position\":2,\"name\":\"Marco Rossi, seleccionador de Hungr\\u00eda, da positivo por COVID-19\"}]},{\"@type\":\"Person\",\"@id\":\"http:\/\/www.sporthiva.com\/#\/schema\/person\/551718db343e60bf7d707f9085b1e611\",\"name\":\"Evelyn Pineda\",\"image\":{\"@type\":\"ImageObject\",\"@id\":\"http:\/\/www.sporthiva.com\/#personlogo\",\"inLanguage\":\"es\",\"url\":\"http:\/\/1.gravatar.com\/avatar\/73932ff8109aee94864b4504adf4d91e?s=96&d=mm&r=g\",\"contentUrl\":\"http:\/\/1.gravatar.com\/avatar\/73932ff8109aee94864b4504adf4d91e?s=96&d=mm&r=g\",\"caption\":\"Evelyn Pineda\"},\"sameAs\":[\"http:\/\/www.sporthiva.com\/\"],\"url\":\"http:\/\/www.sporthiva.com\/index.php\/author\/epineda\/\"}]}<\/script>\n<!-- \/ Yoast SEO plugin. -->","yoast_head_json":{"title":"Marco Rossi, seleccionador de Hungr\u00eda, da positivo por COVID-19 - Sporthiva Online","robots":{"index":"index","follow":"follow","max-snippet":"max-snippet:-1","max-image-preview":"max-image-preview:large","max-video-preview":"max-video-preview:-1"},"canonical":"http:\/\/www.sporthiva.com\/index.php\/2020\/11\/11\/marco-rossi-seleccionador-de-hungria-da-positivo-por-covid-19\/","og_locale":"es_ES","og_type":"article","og_title":"Marco Rossi, seleccionador de Hungr\u00eda, da positivo por COVID-19 - Sporthiva Online","og_description":"El pa\u00eds centroeuropeo, que se juega la clasificaci\u00f3n a la Eurocopa en una de las finales de la Liga de Naciones, lo tendr\u00e1 que hacer sin su t\u00e9cnico Budapest, Hungr\u00eda El italiano Marco Rossi, seleccionador de Hungr\u00eda, ha dado positivo en una prueba de coronavirus un d\u00eda antes de un encuentro clasificatorio para la Eurocopa&nbsp;Continuar leyendo","og_url":"http:\/\/www.sporthiva.com\/index.php\/2020\/11\/11\/marco-rossi-seleccionador-de-hungria-da-positivo-por-covid-19\/","og_site_name":"Sporthiva Online","article_published_time":"2020-11-11T16:08:03+00:00","og_image":[{"width":969,"height":559,"url":"http:\/\/www.sporthiva.com\/wp-content\/uploads\/2020\/11\/marco-rossi.jpeg","type":"image\/jpeg"}],"twitter_card":"summary","twitter_misc":{"Escrito por":"Evelyn Pineda","Tiempo de lectura":"1 minuto"},"schema":{"@context":"https:\/\/schema.org","@graph":[{"@type":"WebSite","@id":"http:\/\/www.sporthiva.com\/#website","url":"http:\/\/www.sporthiva.com\/","name":"Sporthiva Online","description":"Sporthiva Online","potentialAction":[{"@type":"SearchAction","target":{"@type":"EntryPoint","urlTemplate":"http:\/\/www.sporthiva.com\/?s={search_term_string}"},"query-input":"required name=search_term_string"}],"inLanguage":"es"},{"@type":"ImageObject","@id":"http:\/\/www.sporthiva.com\/index.php\/2020\/11\/11\/marco-rossi-seleccionador-de-hungria-da-positivo-por-covid-19\/#primaryimage","inLanguage":"es","url":"http:\/\/www.sporthiva.com\/wp-content\/uploads\/2020\/11\/marco-rossi.jpeg","contentUrl":"http:\/\/www.sporthiva.com\/wp-content\/uploads\/2020\/11\/marco-rossi.jpeg","width":969,"height":559},{"@type":"WebPage","@id":"http:\/\/www.sporthiva.com\/index.php\/2020\/11\/11\/marco-rossi-seleccionador-de-hungria-da-positivo-por-covid-19\/#webpage","url":"http:\/\/www.sporthiva.com\/index.php\/2020\/11\/11\/marco-rossi-seleccionador-de-hungria-da-positivo-por-covid-19\/","name":"Marco Rossi, seleccionador de Hungr\u00eda, da positivo por COVID-19 - Sporthiva Online","isPartOf":{"@id":"http:\/\/www.sporthiva.com\/#website"},"primaryImageOfPage":{"@id":"http:\/\/www.sporthiva.com\/index.php\/2020\/11\/11\/marco-rossi-seleccionador-de-hungria-da-positivo-por-covid-19\/#primaryimage"},"datePublished":"2020-11-11T16:08:03+00:00","dateModified":"2020-11-11T16:08:03+00:00","author":{"@id":"http:\/\/www.sporthiva.com\/#\/schema\/person\/551718db343e60bf7d707f9085b1e611"},"breadcrumb":{"@id":"http:\/\/www.sporthiva.com\/index.php\/2020\/11\/11\/marco-rossi-seleccionador-de-hungria-da-positivo-por-covid-19\/#breadcrumb"},"inLanguage":"es","potentialAction":[{"@type":"ReadAction","target":["http:\/\/www.sporthiva.com\/index.php\/2020\/11\/11\/marco-rossi-seleccionador-de-hungria-da-positivo-por-covid-19\/"]}]},{"@type":"BreadcrumbList","@id":"http:\/\/www.sporthiva.com\/index.php\/2020\/11\/11\/marco-rossi-seleccionador-de-hungria-da-positivo-por-covid-19\/#breadcrumb","itemListElement":[{"@type":"ListItem","position":1,"name":"Portada","item":"http:\/\/www.sporthiva.com\/"},{"@type":"ListItem","position":2,"name":"Marco Rossi, seleccionador de Hungr\u00eda, da positivo por COVID-19"}]},{"@type":"Person","@id":"http:\/\/www.sporthiva.com\/#\/schema\/person\/551718db343e60bf7d707f9085b1e611","name":"Evelyn Pineda","image":{"@type":"ImageObject","@id":"http:\/\/www.sporthiva.com\/#personlogo","inLanguage":"es","url":"http:\/\/1.gravatar.com\/avatar\/73932ff8109aee94864b4504adf4d91e?s=96&d=mm&r=g","contentUrl":"http:\/\/1.gravatar.com\/avatar\/73932ff8109aee94864b4504adf4d91e?s=96&d=mm&r=g","caption":"Evelyn Pineda"},"sameAs":["http:\/\/www.sporthiva.com\/"],"url":"http:\/\/www.sporthiva.com\/index.php\/author\/epineda\/"}]}},"_links":{"self":[{"href":"http:\/\/www.sporthiva.com\/index.php\/wp-json\/wp\/v2\/posts\/90278"}],"collection":[{"href":"http:\/\/www.sporthiva.com\/index.php\/wp-json\/wp\/v2\/posts"}],"about":[{"href":"http:\/\/www.sporthiva.com\/index.php\/wp-json\/wp\/v2\/types\/post"}],"author":[{"embeddable":true,"href":"http:\/\/www.sporthiva.com\/index.php\/wp-json\/wp\/v2\/users\/7"}],"replies":[{"embeddable":true,"href":"http:\/\/www.sporthiva.com\/index.php\/wp-json\/wp\/v2\/comments?post=90278"}],"version-history":[{"count":1,"href":"http:\/\/www.sporthiva.com\/index.php\/wp-json\/wp\/v2\/posts\/90278\/revisions"}],"predecessor-version":[{"id":90280,"href":"http:\/\/www.sporthiva.com\/index.php\/wp-json\/wp\/v2\/posts\/90278\/revisions\/90280"}],"wp:featuredmedia":[{"embeddable":true,"href":"http:\/\/www.sporthiva.com\/index.php\/wp-json\/wp\/v2\/media\/90279"}],"wp:attachment":[{"href":"http:\/\/www.sporthiva.com\/index.php\/wp-json\/wp\/v2\/media?parent=90278"}],"wp:term":[{"taxonomy":"category","embeddable":true,"href":"http:\/\/www.sporthiva.com\/index.php\/wp-json\/wp\/v2\/categories?post=90278"},{"taxonomy":"post_tag","embeddable":true,"href":"http:\/\/www.sporthiva.com\/index.php\/wp-json\/wp\/v2\/tags?post=90278"}],"curies":[{"name":"wp","href":"https:\/\/api.w.org\/{rel}","templated":true}]}}