{"id":90286,"date":"2020-11-11T10:44:46","date_gmt":"2020-11-11T16:44:46","guid":{"rendered":"http:\/\/www.sporthiva.com\/?p=90286"},"modified":"2020-11-11T10:48:51","modified_gmt":"2020-11-11T16:48:51","slug":"keylor-navas-es-el-portero-con-mas-vallas-invictas-en-europa","status":"publish","type":"post","link":"http:\/\/www.sporthiva.com\/index.php\/2020\/11\/11\/keylor-navas-es-el-portero-con-mas-vallas-invictas-en-europa\/","title":{"rendered":"Keylor Navas es el portero con m\u00e1s vallas invictas en Europa"},"content":{"rendered":"<h4><strong>El guardameta costarricense ha tenido un enorme comienzo de temporada con el equipo parisino<\/strong><\/h4>\n<p><strong>Par\u00eds, Francia<\/strong><\/p>\n<p>Keylor Navas a sus 33 a\u00f1os sigue demostrando que vive uno de sus mejores momentos deportivos y sus n\u00fameros as\u00ed lo demuestran en el Par\u00eds Saint-Germain. Presume de ser el portero con m\u00e1s porter\u00edas invictas en lo que va de la temporada 2020-2021.<\/p>\n<p>Actualmente su equipo lidera la Liga 1 de Francia y\u00a0su marco es el que m\u00e1s veces ha quedado en cero si contamos las cinco grandes ligas de Europa: Premier League, Bundesliga, La Liga, Serie A y la Ligue 1.<\/p>\n<p><strong>Vea adem\u00e1s:\u00a0<a href=\"http:\/\/www.sporthiva.com\/index.php\/2020\/11\/11\/amado-guevara-luce-camiseta-que-le-regalo-el-saprissa\/\">Amado Guevara luce camiseta que le regal\u00f3 el Saprissa<\/a><\/strong><\/p>\n<p>A lo largo del actual campeonato, Navas ha jugado siete encuentros y en seis ocasiones dej\u00f3 su marco en cero. su efectividad es del 85.7 % y permite un gol cada 630 minutos. As\u00ed lo destac\u00f3 el PSG en sus redes sociales.<\/p>\n<blockquote class=\"twitter-tweet\">\n<p dir=\"ltr\" lang=\"es\">El Paris Saint-Germain es el equipo con m\u00e1s vallas invictas en las 5 grandes ligas en esta temporada. \ud83d\udc4a\u2764\ufe0f\ud83d\udc99<\/p>\n<p>\ud835\uddd8\ud835\udde1\ud835\udde2\ud835\udde5\ud835\udde0\ud835\uddd8 \ud83e\udde4\ud83c\udde8\ud83c\uddf7\ud83c\uddea\ud83c\uddf8 <a href=\"https:\/\/t.co\/YMA9JY68E8\">pic.twitter.com\/YMA9JY68E8<\/a><\/p>\n<p>\u2014 Paris Saint-Germain (@PSG_espanol) <a href=\"https:\/\/twitter.com\/PSG_espanol\/status\/1325889898109394944?ref_src=twsrc%5Etfw\">November 9, 2020<\/a><\/p><\/blockquote>\n<p><script async src=\"https:\/\/platform.twitter.com\/widgets.js\" charset=\"utf-8\"><\/script><\/p>\n<p>Los porteros con m\u00e1s vallas invictas, despu\u00e9s de Navas son: Emiliano Mart\u00ednez del Aston Villa de la Premier League, Jan Oblak del Atl\u00e9tico de Madrid de la Liga Espa\u00f1ola, Gianluigi Donnarumma del AC Milan del Calcio Serie A y Rom\u00e1n Burki del Borussia Dortmund en la Bundesliga.<\/p>\n<p>Keylor Navas Navas se unir\u00e1 a la Selecci\u00f3n de Costa Rica para disputar los amistoso ante Catar y el Pa\u00eds Vasco aprovechando la fecha FIFA de noviembre.<\/p>\n<p><strong>Los porteros con m\u00e1s metas en cero en cada liga<\/strong><\/p>\n<p><strong>Ligue 1<\/strong>: Keylor Navas (PSG) &#8211; 6 metas en cero &#8211; Recibe gol cada 630 minutos<\/p>\n<p><strong>Liga Espa\u00f1a<\/strong>: Jan Oblak (Atl\u00e9tico de Madrid) 5 porter\u00edas en cero &#8211; Recibe gol cada 315 minutos<\/p>\n<p><strong>Premier League<\/strong>: Emiliano Mart\u00ednez (Aston Villa) &#8211; Recibe gol cada 70 minutos<\/p>\n<p><strong>Serie A<\/strong>: Gianluigi Donnarumma (AC Mil\u00e1n) &#8211;\u00a0Recibe gol cada 135 minutos<\/p>\n<p><strong>Bundesliga<\/strong>: Roman Burki (Borussia Dortmund) &#8211;\u00a0Recibe gol cada 90 minutos<\/p>\n","protected":false},"excerpt":{"rendered":"<p>El guardameta costarricense ha tenido un enorme comienzo de temporada con el equipo parisino Par\u00eds, Francia Keylor Navas a sus 33 a\u00f1os sigue demostrando que vive uno de sus mejores momentos deportivos y sus n\u00fameros as\u00ed lo demuestran en el Par\u00eds Saint-Germain. Presume de ser el portero con m\u00e1s porter\u00edas invictas en lo que va&nbsp;<\/p>\n<p><a class=\"btn btn-style\" href=\"http:\/\/www.sporthiva.com\/index.php\/2020\/11\/11\/keylor-navas-es-el-portero-con-mas-vallas-invictas-en-europa\/\">Continuar leyendo<\/a><\/p>\n","protected":false},"author":7,"featured_media":90287,"comment_status":"open","ping_status":"open","sticky":false,"template":"","format":"standard","meta":{"qubely_global_settings":"","qubely_interactions":""},"categories":[563],"tags":[],"qubely_featured_image_url":{"full":["http:\/\/www.sporthiva.com\/wp-content\/uploads\/2020\/11\/keylor-navas-1.jpg",1280,720,false],"landscape":["http:\/\/www.sporthiva.com\/wp-content\/uploads\/2020\/11\/keylor-navas-1-1200x720.jpg",1200,720,true],"portraits":["http:\/\/www.sporthiva.com\/wp-content\/uploads\/2020\/11\/keylor-navas-1-540x320.jpg",540,320,true],"thumbnail":["http:\/\/www.sporthiva.com\/wp-content\/uploads\/2020\/11\/keylor-navas-1-150x150.jpg",150,150,true],"medium":["http:\/\/www.sporthiva.com\/wp-content\/uploads\/2020\/11\/keylor-navas-1-675x379.jpg",675,379,true],"medium_large":["http:\/\/www.sporthiva.com\/wp-content\/uploads\/2020\/11\/keylor-navas-1-768x432.jpg",768,432,true],"large":["http:\/\/www.sporthiva.com\/wp-content\/uploads\/2020\/11\/keylor-navas-1.jpg",1280,720,false],"1536x1536":["http:\/\/www.sporthiva.com\/wp-content\/uploads\/2020\/11\/keylor-navas-1.jpg",1280,720,false],"2048x2048":["http:\/\/www.sporthiva.com\/wp-content\/uploads\/2020\/11\/keylor-navas-1.jpg",1280,720,false],"alm-thumbnail":["http:\/\/www.sporthiva.com\/wp-content\/uploads\/2020\/11\/keylor-navas-1-150x150.jpg",150,150,true],"qubely_landscape":["http:\/\/www.sporthiva.com\/wp-content\/uploads\/2020\/11\/keylor-navas-1-1200x720.jpg",1200,720,true],"qubely_portrait":["http:\/\/www.sporthiva.com\/wp-content\/uploads\/2020\/11\/keylor-navas-1-540x320.jpg",540,320,true],"qubely_thumbnail":["http:\/\/www.sporthiva.com\/wp-content\/uploads\/2020\/11\/keylor-navas-1-140x100.jpg",140,100,true],"sportspress-crop-medium":["http:\/\/www.sporthiva.com\/wp-content\/uploads\/2020\/11\/keylor-navas-1-300x300.jpg",300,300,true],"sportspress-fit-medium":["http:\/\/www.sporthiva.com\/wp-content\/uploads\/2020\/11\/keylor-navas-1-300x169.jpg",300,169,true],"sportspress-fit-icon":["http:\/\/www.sporthiva.com\/wp-content\/uploads\/2020\/11\/keylor-navas-1-128x72.jpg",128,72,true],"sportspress-fit-mini":["http:\/\/www.sporthiva.com\/wp-content\/uploads\/2020\/11\/keylor-navas-1-32x18.jpg",32,18,true],"heighlights":["http:\/\/www.sporthiva.com\/wp-content\/uploads\/2020\/11\/keylor-navas-1-460x500.jpg",460,500,true],"video-thumb":["http:\/\/www.sporthiva.com\/wp-content\/uploads\/2020\/11\/keylor-navas-1-360x235.jpg",360,235,true],"video-thumb2":["http:\/\/www.sporthiva.com\/wp-content\/uploads\/2020\/11\/keylor-navas-1-360x422.jpg",360,422,true],"blog-thumb":["http:\/\/www.sporthiva.com\/wp-content\/uploads\/2020\/11\/keylor-navas-1-175x150.jpg",175,150,true],"blog-medium":["http:\/\/www.sporthiva.com\/wp-content\/uploads\/2020\/11\/keylor-navas-1-750x350.jpg",750,350,true],"blog-full":["http:\/\/www.sporthiva.com\/wp-content\/uploads\/2020\/11\/keylor-navas-1-1140x550.jpg",1140,550,true],"popular-post":["http:\/\/www.sporthiva.com\/wp-content\/uploads\/2020\/11\/keylor-navas-1-560x510.jpg",560,510,true],"heighlights-post":["http:\/\/www.sporthiva.com\/wp-content\/uploads\/2020\/11\/keylor-navas-1-262x236.jpg",262,236,true],"player-thumb":["http:\/\/www.sporthiva.com\/wp-content\/uploads\/2020\/11\/keylor-navas-1-270x150.jpg",270,150,true],"wp_rp_thumbnail":["http:\/\/www.sporthiva.com\/wp-content\/uploads\/2020\/11\/keylor-navas-1-150x150.jpg",150,150,true]},"qubely_author":{"display_name":"Evelyn Pineda","author_link":"http:\/\/www.sporthiva.com\/index.php\/author\/epineda\/"},"qubely_comment":0,"qubely_category":"<a href=\"http:\/\/www.sporthiva.com\/index.php\/category\/internacionales\/\" rel=\"category tag\">Internacionales<\/a>","qubely_excerpt":"El guardameta costarricense ha tenido un enorme comienzo de temporada con el equipo parisino Par\u00eds, Francia Keylor Navas a sus 33 a\u00f1os sigue demostrando que vive uno de sus mejores momentos deportivos y sus n\u00fameros as\u00ed lo demuestran en el Par\u00eds Saint-Germain. Presume de ser el portero con m\u00e1s porter\u00edas invictas en lo que va&nbsp;Continuar&hellip;","yoast_head":"<!-- This site is optimized with the Yoast SEO plugin v17.8 - https:\/\/yoast.com\/wordpress\/plugins\/seo\/ -->\n<title>Keylor Navas es el portero con m\u00e1s vallas invictas en Europa - Sporthiva Online<\/title>\n<meta name=\"robots\" content=\"index, follow, max-snippet:-1, max-image-preview:large, max-video-preview:-1\" \/>\n<link rel=\"canonical\" href=\"http:\/\/www.sporthiva.com\/index.php\/2020\/11\/11\/keylor-navas-es-el-portero-con-mas-vallas-invictas-en-europa\/\" \/>\n<meta property=\"og:locale\" content=\"es_ES\" \/>\n<meta property=\"og:type\" content=\"article\" \/>\n<meta property=\"og:title\" content=\"Keylor Navas es el portero con m\u00e1s vallas invictas en Europa - Sporthiva Online\" \/>\n<meta property=\"og:description\" content=\"El guardameta costarricense ha tenido un enorme comienzo de temporada con el equipo parisino Par\u00eds, Francia Keylor Navas a sus 33 a\u00f1os sigue demostrando que vive uno de sus mejores momentos deportivos y sus n\u00fameros as\u00ed lo demuestran en el Par\u00eds Saint-Germain. Presume de ser el portero con m\u00e1s porter\u00edas invictas en lo que va&nbsp;Continuar leyendo\" \/>\n<meta property=\"og:url\" content=\"http:\/\/www.sporthiva.com\/index.php\/2020\/11\/11\/keylor-navas-es-el-portero-con-mas-vallas-invictas-en-europa\/\" \/>\n<meta property=\"og:site_name\" content=\"Sporthiva Online\" \/>\n<meta property=\"article:published_time\" content=\"2020-11-11T16:44:46+00:00\" \/>\n<meta property=\"article:modified_time\" content=\"2020-11-11T16:48:51+00:00\" \/>\n<meta property=\"og:image\" content=\"http:\/\/www.sporthiva.com\/wp-content\/uploads\/2020\/11\/keylor-navas-1.jpg\" \/>\n\t<meta property=\"og:image:width\" content=\"1280\" \/>\n\t<meta property=\"og:image:height\" content=\"720\" \/>\n<meta name=\"twitter:card\" content=\"summary\" \/>\n<meta name=\"twitter:label1\" content=\"Escrito por\" \/>\n\t<meta name=\"twitter:data1\" content=\"Evelyn Pineda\" \/>\n\t<meta name=\"twitter:label2\" content=\"Tiempo de lectura\" \/>\n\t<meta name=\"twitter:data2\" content=\"2 minutos\" \/>\n<script type=\"application\/ld+json\" class=\"yoast-schema-graph\">{\"@context\":\"https:\/\/schema.org\",\"@graph\":[{\"@type\":\"WebSite\",\"@id\":\"http:\/\/www.sporthiva.com\/#website\",\"url\":\"http:\/\/www.sporthiva.com\/\",\"name\":\"Sporthiva Online\",\"description\":\"Sporthiva Online\",\"potentialAction\":[{\"@type\":\"SearchAction\",\"target\":{\"@type\":\"EntryPoint\",\"urlTemplate\":\"http:\/\/www.sporthiva.com\/?s={search_term_string}\"},\"query-input\":\"required name=search_term_string\"}],\"inLanguage\":\"es\"},{\"@type\":\"ImageObject\",\"@id\":\"http:\/\/www.sporthiva.com\/index.php\/2020\/11\/11\/keylor-navas-es-el-portero-con-mas-vallas-invictas-en-europa\/#primaryimage\",\"inLanguage\":\"es\",\"url\":\"http:\/\/www.sporthiva.com\/wp-content\/uploads\/2020\/11\/keylor-navas-1.jpg\",\"contentUrl\":\"http:\/\/www.sporthiva.com\/wp-content\/uploads\/2020\/11\/keylor-navas-1.jpg\",\"width\":1280,\"height\":720},{\"@type\":\"WebPage\",\"@id\":\"http:\/\/www.sporthiva.com\/index.php\/2020\/11\/11\/keylor-navas-es-el-portero-con-mas-vallas-invictas-en-europa\/#webpage\",\"url\":\"http:\/\/www.sporthiva.com\/index.php\/2020\/11\/11\/keylor-navas-es-el-portero-con-mas-vallas-invictas-en-europa\/\",\"name\":\"Keylor Navas es el portero con m\\u00e1s vallas invictas en Europa - Sporthiva Online\",\"isPartOf\":{\"@id\":\"http:\/\/www.sporthiva.com\/#website\"},\"primaryImageOfPage\":{\"@id\":\"http:\/\/www.sporthiva.com\/index.php\/2020\/11\/11\/keylor-navas-es-el-portero-con-mas-vallas-invictas-en-europa\/#primaryimage\"},\"datePublished\":\"2020-11-11T16:44:46+00:00\",\"dateModified\":\"2020-11-11T16:48:51+00:00\",\"author\":{\"@id\":\"http:\/\/www.sporthiva.com\/#\/schema\/person\/551718db343e60bf7d707f9085b1e611\"},\"breadcrumb\":{\"@id\":\"http:\/\/www.sporthiva.com\/index.php\/2020\/11\/11\/keylor-navas-es-el-portero-con-mas-vallas-invictas-en-europa\/#breadcrumb\"},\"inLanguage\":\"es\",\"potentialAction\":[{\"@type\":\"ReadAction\",\"target\":[\"http:\/\/www.sporthiva.com\/index.php\/2020\/11\/11\/keylor-navas-es-el-portero-con-mas-vallas-invictas-en-europa\/\"]}]},{\"@type\":\"BreadcrumbList\",\"@id\":\"http:\/\/www.sporthiva.com\/index.php\/2020\/11\/11\/keylor-navas-es-el-portero-con-mas-vallas-invictas-en-europa\/#breadcrumb\",\"itemListElement\":[{\"@type\":\"ListItem\",\"position\":1,\"name\":\"Portada\",\"item\":\"http:\/\/www.sporthiva.com\/\"},{\"@type\":\"ListItem\",\"position\":2,\"name\":\"Keylor Navas es el portero con m\\u00e1s vallas invictas en Europa\"}]},{\"@type\":\"Person\",\"@id\":\"http:\/\/www.sporthiva.com\/#\/schema\/person\/551718db343e60bf7d707f9085b1e611\",\"name\":\"Evelyn Pineda\",\"image\":{\"@type\":\"ImageObject\",\"@id\":\"http:\/\/www.sporthiva.com\/#personlogo\",\"inLanguage\":\"es\",\"url\":\"http:\/\/1.gravatar.com\/avatar\/73932ff8109aee94864b4504adf4d91e?s=96&d=mm&r=g\",\"contentUrl\":\"http:\/\/1.gravatar.com\/avatar\/73932ff8109aee94864b4504adf4d91e?s=96&d=mm&r=g\",\"caption\":\"Evelyn Pineda\"},\"sameAs\":[\"http:\/\/www.sporthiva.com\/\"],\"url\":\"http:\/\/www.sporthiva.com\/index.php\/author\/epineda\/\"}]}<\/script>\n<!-- \/ Yoast SEO plugin. -->","yoast_head_json":{"title":"Keylor Navas es el portero con m\u00e1s vallas invictas en Europa - Sporthiva Online","robots":{"index":"index","follow":"follow","max-snippet":"max-snippet:-1","max-image-preview":"max-image-preview:large","max-video-preview":"max-video-preview:-1"},"canonical":"http:\/\/www.sporthiva.com\/index.php\/2020\/11\/11\/keylor-navas-es-el-portero-con-mas-vallas-invictas-en-europa\/","og_locale":"es_ES","og_type":"article","og_title":"Keylor Navas es el portero con m\u00e1s vallas invictas en Europa - Sporthiva Online","og_description":"El guardameta costarricense ha tenido un enorme comienzo de temporada con el equipo parisino Par\u00eds, Francia Keylor Navas a sus 33 a\u00f1os sigue demostrando que vive uno de sus mejores momentos deportivos y sus n\u00fameros as\u00ed lo demuestran en el Par\u00eds Saint-Germain. Presume de ser el portero con m\u00e1s porter\u00edas invictas en lo que va&nbsp;Continuar leyendo","og_url":"http:\/\/www.sporthiva.com\/index.php\/2020\/11\/11\/keylor-navas-es-el-portero-con-mas-vallas-invictas-en-europa\/","og_site_name":"Sporthiva Online","article_published_time":"2020-11-11T16:44:46+00:00","article_modified_time":"2020-11-11T16:48:51+00:00","og_image":[{"width":1280,"height":720,"url":"http:\/\/www.sporthiva.com\/wp-content\/uploads\/2020\/11\/keylor-navas-1.jpg","type":"image\/jpeg"}],"twitter_card":"summary","twitter_misc":{"Escrito por":"Evelyn Pineda","Tiempo de lectura":"2 minutos"},"schema":{"@context":"https:\/\/schema.org","@graph":[{"@type":"WebSite","@id":"http:\/\/www.sporthiva.com\/#website","url":"http:\/\/www.sporthiva.com\/","name":"Sporthiva Online","description":"Sporthiva Online","potentialAction":[{"@type":"SearchAction","target":{"@type":"EntryPoint","urlTemplate":"http:\/\/www.sporthiva.com\/?s={search_term_string}"},"query-input":"required name=search_term_string"}],"inLanguage":"es"},{"@type":"ImageObject","@id":"http:\/\/www.sporthiva.com\/index.php\/2020\/11\/11\/keylor-navas-es-el-portero-con-mas-vallas-invictas-en-europa\/#primaryimage","inLanguage":"es","url":"http:\/\/www.sporthiva.com\/wp-content\/uploads\/2020\/11\/keylor-navas-1.jpg","contentUrl":"http:\/\/www.sporthiva.com\/wp-content\/uploads\/2020\/11\/keylor-navas-1.jpg","width":1280,"height":720},{"@type":"WebPage","@id":"http:\/\/www.sporthiva.com\/index.php\/2020\/11\/11\/keylor-navas-es-el-portero-con-mas-vallas-invictas-en-europa\/#webpage","url":"http:\/\/www.sporthiva.com\/index.php\/2020\/11\/11\/keylor-navas-es-el-portero-con-mas-vallas-invictas-en-europa\/","name":"Keylor Navas es el portero con m\u00e1s vallas invictas en Europa - Sporthiva Online","isPartOf":{"@id":"http:\/\/www.sporthiva.com\/#website"},"primaryImageOfPage":{"@id":"http:\/\/www.sporthiva.com\/index.php\/2020\/11\/11\/keylor-navas-es-el-portero-con-mas-vallas-invictas-en-europa\/#primaryimage"},"datePublished":"2020-11-11T16:44:46+00:00","dateModified":"2020-11-11T16:48:51+00:00","author":{"@id":"http:\/\/www.sporthiva.com\/#\/schema\/person\/551718db343e60bf7d707f9085b1e611"},"breadcrumb":{"@id":"http:\/\/www.sporthiva.com\/index.php\/2020\/11\/11\/keylor-navas-es-el-portero-con-mas-vallas-invictas-en-europa\/#breadcrumb"},"inLanguage":"es","potentialAction":[{"@type":"ReadAction","target":["http:\/\/www.sporthiva.com\/index.php\/2020\/11\/11\/keylor-navas-es-el-portero-con-mas-vallas-invictas-en-europa\/"]}]},{"@type":"BreadcrumbList","@id":"http:\/\/www.sporthiva.com\/index.php\/2020\/11\/11\/keylor-navas-es-el-portero-con-mas-vallas-invictas-en-europa\/#breadcrumb","itemListElement":[{"@type":"ListItem","position":1,"name":"Portada","item":"http:\/\/www.sporthiva.com\/"},{"@type":"ListItem","position":2,"name":"Keylor Navas es el portero con m\u00e1s vallas invictas en Europa"}]},{"@type":"Person","@id":"http:\/\/www.sporthiva.com\/#\/schema\/person\/551718db343e60bf7d707f9085b1e611","name":"Evelyn Pineda","image":{"@type":"ImageObject","@id":"http:\/\/www.sporthiva.com\/#personlogo","inLanguage":"es","url":"http:\/\/1.gravatar.com\/avatar\/73932ff8109aee94864b4504adf4d91e?s=96&d=mm&r=g","contentUrl":"http:\/\/1.gravatar.com\/avatar\/73932ff8109aee94864b4504adf4d91e?s=96&d=mm&r=g","caption":"Evelyn Pineda"},"sameAs":["http:\/\/www.sporthiva.com\/"],"url":"http:\/\/www.sporthiva.com\/index.php\/author\/epineda\/"}]}},"_links":{"self":[{"href":"http:\/\/www.sporthiva.com\/index.php\/wp-json\/wp\/v2\/posts\/90286"}],"collection":[{"href":"http:\/\/www.sporthiva.com\/index.php\/wp-json\/wp\/v2\/posts"}],"about":[{"href":"http:\/\/www.sporthiva.com\/index.php\/wp-json\/wp\/v2\/types\/post"}],"author":[{"embeddable":true,"href":"http:\/\/www.sporthiva.com\/index.php\/wp-json\/wp\/v2\/users\/7"}],"replies":[{"embeddable":true,"href":"http:\/\/www.sporthiva.com\/index.php\/wp-json\/wp\/v2\/comments?post=90286"}],"version-history":[{"count":4,"href":"http:\/\/www.sporthiva.com\/index.php\/wp-json\/wp\/v2\/posts\/90286\/revisions"}],"predecessor-version":[{"id":90291,"href":"http:\/\/www.sporthiva.com\/index.php\/wp-json\/wp\/v2\/posts\/90286\/revisions\/90291"}],"wp:featuredmedia":[{"embeddable":true,"href":"http:\/\/www.sporthiva.com\/index.php\/wp-json\/wp\/v2\/media\/90287"}],"wp:attachment":[{"href":"http:\/\/www.sporthiva.com\/index.php\/wp-json\/wp\/v2\/media?parent=90286"}],"wp:term":[{"taxonomy":"category","embeddable":true,"href":"http:\/\/www.sporthiva.com\/index.php\/wp-json\/wp\/v2\/categories?post=90286"},{"taxonomy":"post_tag","embeddable":true,"href":"http:\/\/www.sporthiva.com\/index.php\/wp-json\/wp\/v2\/tags?post=90286"}],"curies":[{"name":"wp","href":"https:\/\/api.w.org\/{rel}","templated":true}]}}