{"id":90296,"date":"2020-11-11T14:53:35","date_gmt":"2020-11-11T20:53:35","guid":{"rendered":"http:\/\/www.sporthiva.com\/?p=90296"},"modified":"2020-11-11T14:53:35","modified_gmt":"2020-11-11T20:53:35","slug":"diego-maradona-recibio-el-alta-medica-ocho-dias-despues-de-ser-operado","status":"publish","type":"post","link":"http:\/\/www.sporthiva.com\/index.php\/2020\/11\/11\/diego-maradona-recibio-el-alta-medica-ocho-dias-despues-de-ser-operado\/","title":{"rendered":"Diego Maradona recibi\u00f3 el alta m\u00e9dica ocho d\u00edas despu\u00e9s de ser operado"},"content":{"rendered":"<h4 class=\"section-title-group izquierda\"><strong><span class=\"subsection-type\">\u00abHay Diego para rato\u00bb, asegura Mat\u00edas Morla, el abogado del argentino<\/span><\/strong><\/h4>\n<p><strong>Argentina<\/strong><\/p>\n<p>El exastro del f\u00fatbol Diego Maradona \u00abtiene el alta firmada\u00bb, ocho d\u00edas despu\u00e9s de ser operado de un hematoma de la cabeza, declar\u00f3 este mi\u00e9rcoles su m\u00e9dico personal, Leopoldo Luque,\u00a0al retirarse del sanatorio donde se espera la inminente salida del &#8217;10&#8217;.<\/p>\n<p>\u00abMaradona tiene el alta firmada\u00bb, fue la escueta declaraci\u00f3n de Luque. Poco antes hab\u00eda publicado en su cuenta de Instagram una foto abrazado junto a su paciente m\u00e1s famoso, con un vendaje en la cabeza, ambos sonrientes.<\/p>\n<blockquote class=\"twitter-tweet\">\n<p dir=\"ltr\" lang=\"es\">\ud83d\udcf8PRIMERA IMAGEN de MARADONA tras su operaci\u00f3n.<\/p>\n<p>\ud83d\udcf2El Dr. Luque, quien le oper\u00f3, la ha publicado en su Instagram.<\/p>\n<p>\u00a1A las 12 de la noche nos vemos en <a href=\"https:\/\/twitter.com\/elchiringuitotv?ref_src=twsrc%5Etfw\">@elchiringuitotv<\/a>! <a href=\"https:\/\/t.co\/zyyQeal9Au\">pic.twitter.com\/zyyQeal9Au<\/a><\/p>\n<p>\u2014 El Chiringuito TV (@elchiringuitotv) <a href=\"https:\/\/twitter.com\/elchiringuitotv\/status\/1326613507622760450?ref_src=twsrc%5Etfw\">November 11, 2020<\/a><\/p><\/blockquote>\n<p><script async src=\"https:\/\/platform.twitter.com\/widgets.js\" charset=\"utf-8\"><\/script><\/p>\n<p>Esta fue la primera foto del Pelusa tras ocho d\u00edas en el hospital. En la imagen el exjugador luce el vendaje donde se hizo la cirug\u00eda para curarlo de un co\u00e1gulo en la cabeza y que mantuvo al jugador hospitalizado y con un cuadro de abstinencia.<\/p>\n<p>Por el momento a\u00fan se desconoce cu\u00e1ndo podr\u00eda salir del hospital en Argentina, pero con el alta m\u00e9dica quiz\u00e1 ser\u00eda en las pr\u00f3ximas horas. Cabe recordar que ayer uno de los m\u00e9dicos que atiende al Diego se\u00f1al\u00f3 que ahora tendr\u00e1 una recuperaci\u00f3n de larga duraci\u00f3n.<\/p>\n","protected":false},"excerpt":{"rendered":"<p>\u00abHay Diego para rato\u00bb, asegura Mat\u00edas Morla, el abogado del argentino Argentina El exastro del f\u00fatbol Diego Maradona \u00abtiene el alta firmada\u00bb, ocho d\u00edas despu\u00e9s de ser operado de un hematoma de la cabeza, declar\u00f3 este mi\u00e9rcoles su m\u00e9dico personal, Leopoldo Luque,\u00a0al retirarse del sanatorio donde se espera la inminente salida del &#8217;10&#8217;. \u00abMaradona tiene&nbsp;<\/p>\n<p><a class=\"btn btn-style\" href=\"http:\/\/www.sporthiva.com\/index.php\/2020\/11\/11\/diego-maradona-recibio-el-alta-medica-ocho-dias-despues-de-ser-operado\/\">Continuar leyendo<\/a><\/p>\n","protected":false},"author":7,"featured_media":90297,"comment_status":"open","ping_status":"open","sticky":false,"template":"","format":"standard","meta":{"qubely_global_settings":"","qubely_interactions":""},"categories":[563],"tags":[],"qubely_featured_image_url":{"full":["http:\/\/www.sporthiva.com\/wp-content\/uploads\/2020\/11\/maradona.jpg",1072,735,false],"landscape":["http:\/\/www.sporthiva.com\/wp-content\/uploads\/2020\/11\/maradona.jpg",1072,735,false],"portraits":["http:\/\/www.sporthiva.com\/wp-content\/uploads\/2020\/11\/maradona-540x320.jpg",540,320,true],"thumbnail":["http:\/\/www.sporthiva.com\/wp-content\/uploads\/2020\/11\/maradona-150x150.jpg",150,150,true],"medium":["http:\/\/www.sporthiva.com\/wp-content\/uploads\/2020\/11\/maradona-553x379.jpg",553,379,true],"medium_large":["http:\/\/www.sporthiva.com\/wp-content\/uploads\/2020\/11\/maradona-768x527.jpg",768,527,true],"large":["http:\/\/www.sporthiva.com\/wp-content\/uploads\/2020\/11\/maradona-1050x720.jpg",1050,720,true],"1536x1536":["http:\/\/www.sporthiva.com\/wp-content\/uploads\/2020\/11\/maradona.jpg",1072,735,false],"2048x2048":["http:\/\/www.sporthiva.com\/wp-content\/uploads\/2020\/11\/maradona.jpg",1072,735,false],"alm-thumbnail":["http:\/\/www.sporthiva.com\/wp-content\/uploads\/2020\/11\/maradona-150x150.jpg",150,150,true],"qubely_landscape":["http:\/\/www.sporthiva.com\/wp-content\/uploads\/2020\/11\/maradona.jpg",1072,735,false],"qubely_portrait":["http:\/\/www.sporthiva.com\/wp-content\/uploads\/2020\/11\/maradona-540x320.jpg",540,320,true],"qubely_thumbnail":["http:\/\/www.sporthiva.com\/wp-content\/uploads\/2020\/11\/maradona-140x100.jpg",140,100,true],"sportspress-crop-medium":["http:\/\/www.sporthiva.com\/wp-content\/uploads\/2020\/11\/maradona-300x300.jpg",300,300,true],"sportspress-fit-medium":["http:\/\/www.sporthiva.com\/wp-content\/uploads\/2020\/11\/maradona-300x206.jpg",300,206,true],"sportspress-fit-icon":["http:\/\/www.sporthiva.com\/wp-content\/uploads\/2020\/11\/maradona-128x88.jpg",128,88,true],"sportspress-fit-mini":["http:\/\/www.sporthiva.com\/wp-content\/uploads\/2020\/11\/maradona-32x22.jpg",32,22,true],"heighlights":["http:\/\/www.sporthiva.com\/wp-content\/uploads\/2020\/11\/maradona-460x500.jpg",460,500,true],"video-thumb":["http:\/\/www.sporthiva.com\/wp-content\/uploads\/2020\/11\/maradona-360x235.jpg",360,235,true],"video-thumb2":["http:\/\/www.sporthiva.com\/wp-content\/uploads\/2020\/11\/maradona-360x422.jpg",360,422,true],"blog-thumb":["http:\/\/www.sporthiva.com\/wp-content\/uploads\/2020\/11\/maradona-175x150.jpg",175,150,true],"blog-medium":["http:\/\/www.sporthiva.com\/wp-content\/uploads\/2020\/11\/maradona-750x350.jpg",750,350,true],"blog-full":["http:\/\/www.sporthiva.com\/wp-content\/uploads\/2020\/11\/maradona-1072x550.jpg",1072,550,true],"popular-post":["http:\/\/www.sporthiva.com\/wp-content\/uploads\/2020\/11\/maradona-560x510.jpg",560,510,true],"heighlights-post":["http:\/\/www.sporthiva.com\/wp-content\/uploads\/2020\/11\/maradona-262x236.jpg",262,236,true],"player-thumb":["http:\/\/www.sporthiva.com\/wp-content\/uploads\/2020\/11\/maradona-270x150.jpg",270,150,true],"wp_rp_thumbnail":["http:\/\/www.sporthiva.com\/wp-content\/uploads\/2020\/11\/maradona-150x150.jpg",150,150,true]},"qubely_author":{"display_name":"Evelyn Pineda","author_link":"http:\/\/www.sporthiva.com\/index.php\/author\/epineda\/"},"qubely_comment":0,"qubely_category":"<a href=\"http:\/\/www.sporthiva.com\/index.php\/category\/internacionales\/\" rel=\"category tag\">Internacionales<\/a>","qubely_excerpt":"\u00abHay Diego para rato\u00bb, asegura Mat\u00edas Morla, el abogado del argentino Argentina El exastro del f\u00fatbol Diego Maradona \u00abtiene el alta firmada\u00bb, ocho d\u00edas despu\u00e9s de ser operado de un hematoma de la cabeza, declar\u00f3 este mi\u00e9rcoles su m\u00e9dico personal, Leopoldo Luque,\u00a0al retirarse del sanatorio donde se espera la inminente salida del &#8217;10&#8217;. \u00abMaradona tiene&nbsp;Continuar&hellip;","yoast_head":"<!-- This site is optimized with the Yoast SEO plugin v17.8 - https:\/\/yoast.com\/wordpress\/plugins\/seo\/ -->\n<title>Diego Maradona recibi\u00f3 el alta m\u00e9dica ocho d\u00edas despu\u00e9s de ser operado - Sporthiva Online<\/title>\n<meta name=\"robots\" content=\"index, follow, max-snippet:-1, max-image-preview:large, max-video-preview:-1\" \/>\n<link rel=\"canonical\" href=\"http:\/\/www.sporthiva.com\/index.php\/2020\/11\/11\/diego-maradona-recibio-el-alta-medica-ocho-dias-despues-de-ser-operado\/\" \/>\n<meta property=\"og:locale\" content=\"es_ES\" \/>\n<meta property=\"og:type\" content=\"article\" \/>\n<meta property=\"og:title\" content=\"Diego Maradona recibi\u00f3 el alta m\u00e9dica ocho d\u00edas despu\u00e9s de ser operado - Sporthiva Online\" \/>\n<meta property=\"og:description\" content=\"\u00abHay Diego para rato\u00bb, asegura Mat\u00edas Morla, el abogado del argentino Argentina El exastro del f\u00fatbol Diego Maradona \u00abtiene el alta firmada\u00bb, ocho d\u00edas despu\u00e9s de ser operado de un hematoma de la cabeza, declar\u00f3 este mi\u00e9rcoles su m\u00e9dico personal, Leopoldo Luque,\u00a0al retirarse del sanatorio donde se espera la inminente salida del &#8217;10&#8217;. \u00abMaradona tiene&nbsp;Continuar leyendo\" \/>\n<meta property=\"og:url\" content=\"http:\/\/www.sporthiva.com\/index.php\/2020\/11\/11\/diego-maradona-recibio-el-alta-medica-ocho-dias-despues-de-ser-operado\/\" \/>\n<meta property=\"og:site_name\" content=\"Sporthiva Online\" \/>\n<meta property=\"article:published_time\" content=\"2020-11-11T20:53:35+00:00\" \/>\n<meta property=\"og:image\" content=\"http:\/\/www.sporthiva.com\/wp-content\/uploads\/2020\/11\/maradona.jpg\" \/>\n\t<meta property=\"og:image:width\" content=\"1072\" \/>\n\t<meta property=\"og:image:height\" content=\"735\" \/>\n<meta name=\"twitter:card\" content=\"summary\" \/>\n<meta name=\"twitter:label1\" content=\"Escrito por\" \/>\n\t<meta name=\"twitter:data1\" content=\"Evelyn Pineda\" \/>\n\t<meta name=\"twitter:label2\" content=\"Tiempo de lectura\" \/>\n\t<meta name=\"twitter:data2\" content=\"1 minuto\" \/>\n<script type=\"application\/ld+json\" class=\"yoast-schema-graph\">{\"@context\":\"https:\/\/schema.org\",\"@graph\":[{\"@type\":\"WebSite\",\"@id\":\"http:\/\/www.sporthiva.com\/#website\",\"url\":\"http:\/\/www.sporthiva.com\/\",\"name\":\"Sporthiva Online\",\"description\":\"Sporthiva Online\",\"potentialAction\":[{\"@type\":\"SearchAction\",\"target\":{\"@type\":\"EntryPoint\",\"urlTemplate\":\"http:\/\/www.sporthiva.com\/?s={search_term_string}\"},\"query-input\":\"required name=search_term_string\"}],\"inLanguage\":\"es\"},{\"@type\":\"ImageObject\",\"@id\":\"http:\/\/www.sporthiva.com\/index.php\/2020\/11\/11\/diego-maradona-recibio-el-alta-medica-ocho-dias-despues-de-ser-operado\/#primaryimage\",\"inLanguage\":\"es\",\"url\":\"http:\/\/www.sporthiva.com\/wp-content\/uploads\/2020\/11\/maradona.jpg\",\"contentUrl\":\"http:\/\/www.sporthiva.com\/wp-content\/uploads\/2020\/11\/maradona.jpg\",\"width\":1072,\"height\":735},{\"@type\":\"WebPage\",\"@id\":\"http:\/\/www.sporthiva.com\/index.php\/2020\/11\/11\/diego-maradona-recibio-el-alta-medica-ocho-dias-despues-de-ser-operado\/#webpage\",\"url\":\"http:\/\/www.sporthiva.com\/index.php\/2020\/11\/11\/diego-maradona-recibio-el-alta-medica-ocho-dias-despues-de-ser-operado\/\",\"name\":\"Diego Maradona recibi\\u00f3 el alta m\\u00e9dica ocho d\\u00edas despu\\u00e9s de ser operado - Sporthiva Online\",\"isPartOf\":{\"@id\":\"http:\/\/www.sporthiva.com\/#website\"},\"primaryImageOfPage\":{\"@id\":\"http:\/\/www.sporthiva.com\/index.php\/2020\/11\/11\/diego-maradona-recibio-el-alta-medica-ocho-dias-despues-de-ser-operado\/#primaryimage\"},\"datePublished\":\"2020-11-11T20:53:35+00:00\",\"dateModified\":\"2020-11-11T20:53:35+00:00\",\"author\":{\"@id\":\"http:\/\/www.sporthiva.com\/#\/schema\/person\/551718db343e60bf7d707f9085b1e611\"},\"breadcrumb\":{\"@id\":\"http:\/\/www.sporthiva.com\/index.php\/2020\/11\/11\/diego-maradona-recibio-el-alta-medica-ocho-dias-despues-de-ser-operado\/#breadcrumb\"},\"inLanguage\":\"es\",\"potentialAction\":[{\"@type\":\"ReadAction\",\"target\":[\"http:\/\/www.sporthiva.com\/index.php\/2020\/11\/11\/diego-maradona-recibio-el-alta-medica-ocho-dias-despues-de-ser-operado\/\"]}]},{\"@type\":\"BreadcrumbList\",\"@id\":\"http:\/\/www.sporthiva.com\/index.php\/2020\/11\/11\/diego-maradona-recibio-el-alta-medica-ocho-dias-despues-de-ser-operado\/#breadcrumb\",\"itemListElement\":[{\"@type\":\"ListItem\",\"position\":1,\"name\":\"Portada\",\"item\":\"http:\/\/www.sporthiva.com\/\"},{\"@type\":\"ListItem\",\"position\":2,\"name\":\"Diego Maradona recibi\\u00f3 el alta m\\u00e9dica ocho d\\u00edas despu\\u00e9s de ser operado\"}]},{\"@type\":\"Person\",\"@id\":\"http:\/\/www.sporthiva.com\/#\/schema\/person\/551718db343e60bf7d707f9085b1e611\",\"name\":\"Evelyn Pineda\",\"image\":{\"@type\":\"ImageObject\",\"@id\":\"http:\/\/www.sporthiva.com\/#personlogo\",\"inLanguage\":\"es\",\"url\":\"http:\/\/1.gravatar.com\/avatar\/73932ff8109aee94864b4504adf4d91e?s=96&d=mm&r=g\",\"contentUrl\":\"http:\/\/1.gravatar.com\/avatar\/73932ff8109aee94864b4504adf4d91e?s=96&d=mm&r=g\",\"caption\":\"Evelyn Pineda\"},\"sameAs\":[\"http:\/\/www.sporthiva.com\/\"],\"url\":\"http:\/\/www.sporthiva.com\/index.php\/author\/epineda\/\"}]}<\/script>\n<!-- \/ Yoast SEO plugin. -->","yoast_head_json":{"title":"Diego Maradona recibi\u00f3 el alta m\u00e9dica ocho d\u00edas despu\u00e9s de ser operado - Sporthiva Online","robots":{"index":"index","follow":"follow","max-snippet":"max-snippet:-1","max-image-preview":"max-image-preview:large","max-video-preview":"max-video-preview:-1"},"canonical":"http:\/\/www.sporthiva.com\/index.php\/2020\/11\/11\/diego-maradona-recibio-el-alta-medica-ocho-dias-despues-de-ser-operado\/","og_locale":"es_ES","og_type":"article","og_title":"Diego Maradona recibi\u00f3 el alta m\u00e9dica ocho d\u00edas despu\u00e9s de ser operado - Sporthiva Online","og_description":"\u00abHay Diego para rato\u00bb, asegura Mat\u00edas Morla, el abogado del argentino Argentina El exastro del f\u00fatbol Diego Maradona \u00abtiene el alta firmada\u00bb, ocho d\u00edas despu\u00e9s de ser operado de un hematoma de la cabeza, declar\u00f3 este mi\u00e9rcoles su m\u00e9dico personal, Leopoldo Luque,\u00a0al retirarse del sanatorio donde se espera la inminente salida del &#8217;10&#8217;. \u00abMaradona tiene&nbsp;Continuar leyendo","og_url":"http:\/\/www.sporthiva.com\/index.php\/2020\/11\/11\/diego-maradona-recibio-el-alta-medica-ocho-dias-despues-de-ser-operado\/","og_site_name":"Sporthiva Online","article_published_time":"2020-11-11T20:53:35+00:00","og_image":[{"width":1072,"height":735,"url":"http:\/\/www.sporthiva.com\/wp-content\/uploads\/2020\/11\/maradona.jpg","type":"image\/jpeg"}],"twitter_card":"summary","twitter_misc":{"Escrito por":"Evelyn Pineda","Tiempo de lectura":"1 minuto"},"schema":{"@context":"https:\/\/schema.org","@graph":[{"@type":"WebSite","@id":"http:\/\/www.sporthiva.com\/#website","url":"http:\/\/www.sporthiva.com\/","name":"Sporthiva Online","description":"Sporthiva Online","potentialAction":[{"@type":"SearchAction","target":{"@type":"EntryPoint","urlTemplate":"http:\/\/www.sporthiva.com\/?s={search_term_string}"},"query-input":"required name=search_term_string"}],"inLanguage":"es"},{"@type":"ImageObject","@id":"http:\/\/www.sporthiva.com\/index.php\/2020\/11\/11\/diego-maradona-recibio-el-alta-medica-ocho-dias-despues-de-ser-operado\/#primaryimage","inLanguage":"es","url":"http:\/\/www.sporthiva.com\/wp-content\/uploads\/2020\/11\/maradona.jpg","contentUrl":"http:\/\/www.sporthiva.com\/wp-content\/uploads\/2020\/11\/maradona.jpg","width":1072,"height":735},{"@type":"WebPage","@id":"http:\/\/www.sporthiva.com\/index.php\/2020\/11\/11\/diego-maradona-recibio-el-alta-medica-ocho-dias-despues-de-ser-operado\/#webpage","url":"http:\/\/www.sporthiva.com\/index.php\/2020\/11\/11\/diego-maradona-recibio-el-alta-medica-ocho-dias-despues-de-ser-operado\/","name":"Diego Maradona recibi\u00f3 el alta m\u00e9dica ocho d\u00edas despu\u00e9s de ser operado - Sporthiva Online","isPartOf":{"@id":"http:\/\/www.sporthiva.com\/#website"},"primaryImageOfPage":{"@id":"http:\/\/www.sporthiva.com\/index.php\/2020\/11\/11\/diego-maradona-recibio-el-alta-medica-ocho-dias-despues-de-ser-operado\/#primaryimage"},"datePublished":"2020-11-11T20:53:35+00:00","dateModified":"2020-11-11T20:53:35+00:00","author":{"@id":"http:\/\/www.sporthiva.com\/#\/schema\/person\/551718db343e60bf7d707f9085b1e611"},"breadcrumb":{"@id":"http:\/\/www.sporthiva.com\/index.php\/2020\/11\/11\/diego-maradona-recibio-el-alta-medica-ocho-dias-despues-de-ser-operado\/#breadcrumb"},"inLanguage":"es","potentialAction":[{"@type":"ReadAction","target":["http:\/\/www.sporthiva.com\/index.php\/2020\/11\/11\/diego-maradona-recibio-el-alta-medica-ocho-dias-despues-de-ser-operado\/"]}]},{"@type":"BreadcrumbList","@id":"http:\/\/www.sporthiva.com\/index.php\/2020\/11\/11\/diego-maradona-recibio-el-alta-medica-ocho-dias-despues-de-ser-operado\/#breadcrumb","itemListElement":[{"@type":"ListItem","position":1,"name":"Portada","item":"http:\/\/www.sporthiva.com\/"},{"@type":"ListItem","position":2,"name":"Diego Maradona recibi\u00f3 el alta m\u00e9dica ocho d\u00edas despu\u00e9s de ser operado"}]},{"@type":"Person","@id":"http:\/\/www.sporthiva.com\/#\/schema\/person\/551718db343e60bf7d707f9085b1e611","name":"Evelyn Pineda","image":{"@type":"ImageObject","@id":"http:\/\/www.sporthiva.com\/#personlogo","inLanguage":"es","url":"http:\/\/1.gravatar.com\/avatar\/73932ff8109aee94864b4504adf4d91e?s=96&d=mm&r=g","contentUrl":"http:\/\/1.gravatar.com\/avatar\/73932ff8109aee94864b4504adf4d91e?s=96&d=mm&r=g","caption":"Evelyn Pineda"},"sameAs":["http:\/\/www.sporthiva.com\/"],"url":"http:\/\/www.sporthiva.com\/index.php\/author\/epineda\/"}]}},"_links":{"self":[{"href":"http:\/\/www.sporthiva.com\/index.php\/wp-json\/wp\/v2\/posts\/90296"}],"collection":[{"href":"http:\/\/www.sporthiva.com\/index.php\/wp-json\/wp\/v2\/posts"}],"about":[{"href":"http:\/\/www.sporthiva.com\/index.php\/wp-json\/wp\/v2\/types\/post"}],"author":[{"embeddable":true,"href":"http:\/\/www.sporthiva.com\/index.php\/wp-json\/wp\/v2\/users\/7"}],"replies":[{"embeddable":true,"href":"http:\/\/www.sporthiva.com\/index.php\/wp-json\/wp\/v2\/comments?post=90296"}],"version-history":[{"count":2,"href":"http:\/\/www.sporthiva.com\/index.php\/wp-json\/wp\/v2\/posts\/90296\/revisions"}],"predecessor-version":[{"id":90300,"href":"http:\/\/www.sporthiva.com\/index.php\/wp-json\/wp\/v2\/posts\/90296\/revisions\/90300"}],"wp:featuredmedia":[{"embeddable":true,"href":"http:\/\/www.sporthiva.com\/index.php\/wp-json\/wp\/v2\/media\/90297"}],"wp:attachment":[{"href":"http:\/\/www.sporthiva.com\/index.php\/wp-json\/wp\/v2\/media?parent=90296"}],"wp:term":[{"taxonomy":"category","embeddable":true,"href":"http:\/\/www.sporthiva.com\/index.php\/wp-json\/wp\/v2\/categories?post=90296"},{"taxonomy":"post_tag","embeddable":true,"href":"http:\/\/www.sporthiva.com\/index.php\/wp-json\/wp\/v2\/tags?post=90296"}],"curies":[{"name":"wp","href":"https:\/\/api.w.org\/{rel}","templated":true}]}}