{"id":91406,"date":"2020-11-28T15:59:51","date_gmt":"2020-11-28T21:59:51","guid":{"rendered":"http:\/\/www.sporthiva.com\/?p=91406"},"modified":"2020-11-28T15:59:51","modified_gmt":"2020-11-28T21:59:51","slug":"se-entrega-uno-de-los-empleados-que-se-fotografio-con-el-cadaver-de-maradona","status":"publish","type":"post","link":"http:\/\/www.sporthiva.com\/index.php\/2020\/11\/28\/se-entrega-uno-de-los-empleados-que-se-fotografio-con-el-cadaver-de-maradona\/","title":{"rendered":"Se entrega uno de los empleados que se fotografi\u00f3 con el cad\u00e1ver de Maradona"},"content":{"rendered":"<h4><strong>Diego Antonio Molina se present\u00f3 junto con su abogado en la comisar\u00eda<\/strong><\/h4>\n<p><strong>Buenos Aires, Argentina<\/strong><\/p>\n<p>Diego Antonio Molina, uno de los empleados de la funeraria que se fotografi\u00f3 el mi\u00e9rcoles con el cad\u00e1ver de Diego Maradona se entreg\u00f3 en una comisar\u00eda en una investigaci\u00f3n policial iniciada tanto por los apoderados legales del difunto como por la exesposa y las hijas del exastro.<\/p>\n<p>Diego Antonio Molina se present\u00f3 junto con su abogado en la Comisar\u00eda Vecinal 15A de la Polic\u00eda de la Ciudad, del barrio porte\u00f1o de Chacarita, en una investigaci\u00f3n de oficio que inici\u00f3 la Fiscal\u00eda por presunta profanaci\u00f3n de un cad\u00e1ver y la violaci\u00f3n de derechos personal\u00edsimos, ambos delitos contravencionales, por lo que los tres involucrados no pueden quedar detenidos.<\/p>\n<p><strong>Vea adem\u00e1s:\u00a0<a href=\"http:\/\/www.sporthiva.com\/index.php\/2020\/11\/28\/santiago-lara-quiere-resolver-la-duda-y-pide-exhumar-el-cuerpo-de-maradona\/\">Santiago Lara quiere resolver la duda y pide exhumar el cuerpo de Maradona<\/a><\/strong><\/p>\n<p>En tanto, Claudio Fern\u00e1ndez, otro de los involucrados en esta acci\u00f3n, se expres\u00f3 en declaraciones a Radio 10 y pidi\u00f3 disculpas: \u00abEst\u00e1bamos acomodando antes de llevarlo y mi hijo, como todo pibe, levant\u00f3 el pulgar y ah\u00ed se sac\u00f3 la foto\u00bb.<\/p>\n<p>A ra\u00edz de estas investigaciones el jueves por la noche se hab\u00eda estipulado el allanamiento de la casa de sepelios Pinier, cuyos due\u00f1os se desligaron de esta acci\u00f3n de sus tres empleados.<\/p>\n<p>Los tres exempleados de la funeraria Sepelios Pinier, que trabaj\u00f3 con el cad\u00e1ver del astro del f\u00fatbol fallecido a los 60 a\u00f1os el mi\u00e9rcoles, fueron citados a declarar por la Fiscal\u00eda Penal, Contravencional y de Faltas N\u00famero 25.<\/p>\n<p><strong>Le interesa tambi\u00e9n:\u00a0<a href=\"http:\/\/www.sporthiva.com\/index.php\/2020\/11\/27\/empleado-de-funeraria-pide-perdon-por-foto-con-el-cuerpo-de-maradona\/\">Empleado de funeraria pide perd\u00f3n por foto con el cuerpo de Maradona<\/a><\/strong><\/p>\n<p>La causa investiga la publicaci\u00f3n de fotograf\u00edas por parte de empleados con el cuerpo de Maradona, unas im\u00e1genes que fueron tomadas antes de que el cuerpo de Maradona saliera hacia la Casa Rosada, donde se lo vel\u00f3, y se viralizaron para dar la vuelta al mundo en la jornada del jueves.<\/p>\n<p>Las fotograf\u00edas originales muestran el cuerpo sin vida de Maradona, que no se ha podido ver de ninguna otra manera puesto que el velatorio fue a caj\u00f3n cerrado.<\/p>\n","protected":false},"excerpt":{"rendered":"<p>Diego Antonio Molina se present\u00f3 junto con su abogado en la comisar\u00eda Buenos Aires, Argentina Diego Antonio Molina, uno de los empleados de la funeraria que se fotografi\u00f3 el mi\u00e9rcoles con el cad\u00e1ver de Diego Maradona se entreg\u00f3 en una comisar\u00eda en una investigaci\u00f3n policial iniciada tanto por los apoderados legales del difunto como por&nbsp;<\/p>\n<p><a class=\"btn btn-style\" href=\"http:\/\/www.sporthiva.com\/index.php\/2020\/11\/28\/se-entrega-uno-de-los-empleados-que-se-fotografio-con-el-cadaver-de-maradona\/\">Continuar leyendo<\/a><\/p>\n","protected":false},"author":7,"featured_media":91407,"comment_status":"open","ping_status":"open","sticky":false,"template":"","format":"standard","meta":{"qubely_global_settings":"","qubely_interactions":""},"categories":[563],"tags":[],"qubely_featured_image_url":{"full":["http:\/\/www.sporthiva.com\/wp-content\/uploads\/2020\/11\/1606573235431.jpg",1500,857,false],"landscape":["http:\/\/www.sporthiva.com\/wp-content\/uploads\/2020\/11\/1606573235431-1200x750.jpg",1200,750,true],"portraits":["http:\/\/www.sporthiva.com\/wp-content\/uploads\/2020\/11\/1606573235431-540x320.jpg",540,320,true],"thumbnail":["http:\/\/www.sporthiva.com\/wp-content\/uploads\/2020\/11\/1606573235431-150x150.jpg",150,150,true],"medium":["http:\/\/www.sporthiva.com\/wp-content\/uploads\/2020\/11\/1606573235431-663x379.jpg",663,379,true],"medium_large":["http:\/\/www.sporthiva.com\/wp-content\/uploads\/2020\/11\/1606573235431-768x439.jpg",768,439,true],"large":["http:\/\/www.sporthiva.com\/wp-content\/uploads\/2020\/11\/1606573235431-1260x720.jpg",1260,720,true],"1536x1536":["http:\/\/www.sporthiva.com\/wp-content\/uploads\/2020\/11\/1606573235431.jpg",1500,857,false],"2048x2048":["http:\/\/www.sporthiva.com\/wp-content\/uploads\/2020\/11\/1606573235431.jpg",1500,857,false],"alm-thumbnail":["http:\/\/www.sporthiva.com\/wp-content\/uploads\/2020\/11\/1606573235431-150x150.jpg",150,150,true],"qubely_landscape":["http:\/\/www.sporthiva.com\/wp-content\/uploads\/2020\/11\/1606573235431-1200x750.jpg",1200,750,true],"qubely_portrait":["http:\/\/www.sporthiva.com\/wp-content\/uploads\/2020\/11\/1606573235431-540x320.jpg",540,320,true],"qubely_thumbnail":["http:\/\/www.sporthiva.com\/wp-content\/uploads\/2020\/11\/1606573235431-140x100.jpg",140,100,true],"sportspress-crop-medium":["http:\/\/www.sporthiva.com\/wp-content\/uploads\/2020\/11\/1606573235431-300x300.jpg",300,300,true],"sportspress-fit-medium":["http:\/\/www.sporthiva.com\/wp-content\/uploads\/2020\/11\/1606573235431-300x171.jpg",300,171,true],"sportspress-fit-icon":["http:\/\/www.sporthiva.com\/wp-content\/uploads\/2020\/11\/1606573235431-128x73.jpg",128,73,true],"sportspress-fit-mini":["http:\/\/www.sporthiva.com\/wp-content\/uploads\/2020\/11\/1606573235431-32x18.jpg",32,18,true],"heighlights":["http:\/\/www.sporthiva.com\/wp-content\/uploads\/2020\/11\/1606573235431-460x500.jpg",460,500,true],"video-thumb":["http:\/\/www.sporthiva.com\/wp-content\/uploads\/2020\/11\/1606573235431-360x235.jpg",360,235,true],"video-thumb2":["http:\/\/www.sporthiva.com\/wp-content\/uploads\/2020\/11\/1606573235431-360x422.jpg",360,422,true],"blog-thumb":["http:\/\/www.sporthiva.com\/wp-content\/uploads\/2020\/11\/1606573235431-175x150.jpg",175,150,true],"blog-medium":["http:\/\/www.sporthiva.com\/wp-content\/uploads\/2020\/11\/1606573235431-750x350.jpg",750,350,true],"blog-full":["http:\/\/www.sporthiva.com\/wp-content\/uploads\/2020\/11\/1606573235431-1140x550.jpg",1140,550,true],"popular-post":["http:\/\/www.sporthiva.com\/wp-content\/uploads\/2020\/11\/1606573235431-560x510.jpg",560,510,true],"heighlights-post":["http:\/\/www.sporthiva.com\/wp-content\/uploads\/2020\/11\/1606573235431-262x236.jpg",262,236,true],"player-thumb":["http:\/\/www.sporthiva.com\/wp-content\/uploads\/2020\/11\/1606573235431-270x150.jpg",270,150,true],"wp_rp_thumbnail":["http:\/\/www.sporthiva.com\/wp-content\/uploads\/2020\/11\/1606573235431-150x150.jpg",150,150,true]},"qubely_author":{"display_name":"Evelyn Pineda","author_link":"http:\/\/www.sporthiva.com\/index.php\/author\/epineda\/"},"qubely_comment":0,"qubely_category":"<a href=\"http:\/\/www.sporthiva.com\/index.php\/category\/internacionales\/\" rel=\"category tag\">Internacionales<\/a>","qubely_excerpt":"Diego Antonio Molina se present\u00f3 junto con su abogado en la comisar\u00eda Buenos Aires, Argentina Diego Antonio Molina, uno de los empleados de la funeraria que se fotografi\u00f3 el mi\u00e9rcoles con el cad\u00e1ver de Diego Maradona se entreg\u00f3 en una comisar\u00eda en una investigaci\u00f3n policial iniciada tanto por los apoderados legales del difunto como por&nbsp;Continuar&hellip;","yoast_head":"<!-- This site is optimized with the Yoast SEO plugin v17.8 - https:\/\/yoast.com\/wordpress\/plugins\/seo\/ -->\n<title>Se entrega uno de los empleados que se fotografi\u00f3 con el cad\u00e1ver de Maradona - Sporthiva Online<\/title>\n<meta name=\"robots\" content=\"index, follow, max-snippet:-1, max-image-preview:large, max-video-preview:-1\" \/>\n<link rel=\"canonical\" href=\"http:\/\/www.sporthiva.com\/index.php\/2020\/11\/28\/se-entrega-uno-de-los-empleados-que-se-fotografio-con-el-cadaver-de-maradona\/\" \/>\n<meta property=\"og:locale\" content=\"es_ES\" \/>\n<meta property=\"og:type\" content=\"article\" \/>\n<meta property=\"og:title\" content=\"Se entrega uno de los empleados que se fotografi\u00f3 con el cad\u00e1ver de Maradona - Sporthiva Online\" \/>\n<meta property=\"og:description\" content=\"Diego Antonio Molina se present\u00f3 junto con su abogado en la comisar\u00eda Buenos Aires, Argentina Diego Antonio Molina, uno de los empleados de la funeraria que se fotografi\u00f3 el mi\u00e9rcoles con el cad\u00e1ver de Diego Maradona se entreg\u00f3 en una comisar\u00eda en una investigaci\u00f3n policial iniciada tanto por los apoderados legales del difunto como por&nbsp;Continuar leyendo\" \/>\n<meta property=\"og:url\" content=\"http:\/\/www.sporthiva.com\/index.php\/2020\/11\/28\/se-entrega-uno-de-los-empleados-que-se-fotografio-con-el-cadaver-de-maradona\/\" \/>\n<meta property=\"og:site_name\" content=\"Sporthiva Online\" \/>\n<meta property=\"article:published_time\" content=\"2020-11-28T21:59:51+00:00\" \/>\n<meta property=\"og:image\" content=\"http:\/\/www.sporthiva.com\/wp-content\/uploads\/2020\/11\/1606573235431.jpg\" \/>\n\t<meta property=\"og:image:width\" content=\"1500\" \/>\n\t<meta property=\"og:image:height\" content=\"857\" \/>\n<meta name=\"twitter:card\" content=\"summary\" \/>\n<meta name=\"twitter:label1\" content=\"Escrito por\" \/>\n\t<meta name=\"twitter:data1\" content=\"Evelyn Pineda\" \/>\n\t<meta name=\"twitter:label2\" content=\"Tiempo de lectura\" \/>\n\t<meta name=\"twitter:data2\" content=\"2 minutos\" \/>\n<script type=\"application\/ld+json\" class=\"yoast-schema-graph\">{\"@context\":\"https:\/\/schema.org\",\"@graph\":[{\"@type\":\"WebSite\",\"@id\":\"https:\/\/www.sporthiva.com\/#website\",\"url\":\"https:\/\/www.sporthiva.com\/\",\"name\":\"Sporthiva Online\",\"description\":\"Sporthiva Online\",\"potentialAction\":[{\"@type\":\"SearchAction\",\"target\":{\"@type\":\"EntryPoint\",\"urlTemplate\":\"https:\/\/www.sporthiva.com\/?s={search_term_string}\"},\"query-input\":\"required name=search_term_string\"}],\"inLanguage\":\"es\"},{\"@type\":\"ImageObject\",\"@id\":\"http:\/\/www.sporthiva.com\/index.php\/2020\/11\/28\/se-entrega-uno-de-los-empleados-que-se-fotografio-con-el-cadaver-de-maradona\/#primaryimage\",\"inLanguage\":\"es\",\"url\":\"http:\/\/www.sporthiva.com\/wp-content\/uploads\/2020\/11\/1606573235431.jpg\",\"contentUrl\":\"http:\/\/www.sporthiva.com\/wp-content\/uploads\/2020\/11\/1606573235431.jpg\",\"width\":1500,\"height\":857},{\"@type\":\"WebPage\",\"@id\":\"http:\/\/www.sporthiva.com\/index.php\/2020\/11\/28\/se-entrega-uno-de-los-empleados-que-se-fotografio-con-el-cadaver-de-maradona\/#webpage\",\"url\":\"http:\/\/www.sporthiva.com\/index.php\/2020\/11\/28\/se-entrega-uno-de-los-empleados-que-se-fotografio-con-el-cadaver-de-maradona\/\",\"name\":\"Se entrega uno de los empleados que se fotografi\\u00f3 con el cad\\u00e1ver de Maradona - Sporthiva Online\",\"isPartOf\":{\"@id\":\"https:\/\/www.sporthiva.com\/#website\"},\"primaryImageOfPage\":{\"@id\":\"http:\/\/www.sporthiva.com\/index.php\/2020\/11\/28\/se-entrega-uno-de-los-empleados-que-se-fotografio-con-el-cadaver-de-maradona\/#primaryimage\"},\"datePublished\":\"2020-11-28T21:59:51+00:00\",\"dateModified\":\"2020-11-28T21:59:51+00:00\",\"author\":{\"@id\":\"https:\/\/www.sporthiva.com\/#\/schema\/person\/551718db343e60bf7d707f9085b1e611\"},\"breadcrumb\":{\"@id\":\"http:\/\/www.sporthiva.com\/index.php\/2020\/11\/28\/se-entrega-uno-de-los-empleados-que-se-fotografio-con-el-cadaver-de-maradona\/#breadcrumb\"},\"inLanguage\":\"es\",\"potentialAction\":[{\"@type\":\"ReadAction\",\"target\":[\"http:\/\/www.sporthiva.com\/index.php\/2020\/11\/28\/se-entrega-uno-de-los-empleados-que-se-fotografio-con-el-cadaver-de-maradona\/\"]}]},{\"@type\":\"BreadcrumbList\",\"@id\":\"http:\/\/www.sporthiva.com\/index.php\/2020\/11\/28\/se-entrega-uno-de-los-empleados-que-se-fotografio-con-el-cadaver-de-maradona\/#breadcrumb\",\"itemListElement\":[{\"@type\":\"ListItem\",\"position\":1,\"name\":\"Portada\",\"item\":\"https:\/\/www.sporthiva.com\/\"},{\"@type\":\"ListItem\",\"position\":2,\"name\":\"Se entrega uno de los empleados que se fotografi\\u00f3 con el cad\\u00e1ver de Maradona\"}]},{\"@type\":\"Person\",\"@id\":\"https:\/\/www.sporthiva.com\/#\/schema\/person\/551718db343e60bf7d707f9085b1e611\",\"name\":\"Evelyn Pineda\",\"image\":{\"@type\":\"ImageObject\",\"@id\":\"https:\/\/www.sporthiva.com\/#personlogo\",\"inLanguage\":\"es\",\"url\":\"http:\/\/1.gravatar.com\/avatar\/73932ff8109aee94864b4504adf4d91e?s=96&d=mm&r=g\",\"contentUrl\":\"http:\/\/1.gravatar.com\/avatar\/73932ff8109aee94864b4504adf4d91e?s=96&d=mm&r=g\",\"caption\":\"Evelyn Pineda\"},\"sameAs\":[\"http:\/\/www.sporthiva.com\/\"],\"url\":\"http:\/\/www.sporthiva.com\/index.php\/author\/epineda\/\"}]}<\/script>\n<!-- \/ Yoast SEO plugin. -->","yoast_head_json":{"title":"Se entrega uno de los empleados que se fotografi\u00f3 con el cad\u00e1ver de Maradona - Sporthiva Online","robots":{"index":"index","follow":"follow","max-snippet":"max-snippet:-1","max-image-preview":"max-image-preview:large","max-video-preview":"max-video-preview:-1"},"canonical":"http:\/\/www.sporthiva.com\/index.php\/2020\/11\/28\/se-entrega-uno-de-los-empleados-que-se-fotografio-con-el-cadaver-de-maradona\/","og_locale":"es_ES","og_type":"article","og_title":"Se entrega uno de los empleados que se fotografi\u00f3 con el cad\u00e1ver de Maradona - Sporthiva Online","og_description":"Diego Antonio Molina se present\u00f3 junto con su abogado en la comisar\u00eda Buenos Aires, Argentina Diego Antonio Molina, uno de los empleados de la funeraria que se fotografi\u00f3 el mi\u00e9rcoles con el cad\u00e1ver de Diego Maradona se entreg\u00f3 en una comisar\u00eda en una investigaci\u00f3n policial iniciada tanto por los apoderados legales del difunto como por&nbsp;Continuar leyendo","og_url":"http:\/\/www.sporthiva.com\/index.php\/2020\/11\/28\/se-entrega-uno-de-los-empleados-que-se-fotografio-con-el-cadaver-de-maradona\/","og_site_name":"Sporthiva Online","article_published_time":"2020-11-28T21:59:51+00:00","og_image":[{"width":1500,"height":857,"url":"http:\/\/www.sporthiva.com\/wp-content\/uploads\/2020\/11\/1606573235431.jpg","type":"image\/jpeg"}],"twitter_card":"summary","twitter_misc":{"Escrito por":"Evelyn Pineda","Tiempo de lectura":"2 minutos"},"schema":{"@context":"https:\/\/schema.org","@graph":[{"@type":"WebSite","@id":"https:\/\/www.sporthiva.com\/#website","url":"https:\/\/www.sporthiva.com\/","name":"Sporthiva Online","description":"Sporthiva Online","potentialAction":[{"@type":"SearchAction","target":{"@type":"EntryPoint","urlTemplate":"https:\/\/www.sporthiva.com\/?s={search_term_string}"},"query-input":"required name=search_term_string"}],"inLanguage":"es"},{"@type":"ImageObject","@id":"http:\/\/www.sporthiva.com\/index.php\/2020\/11\/28\/se-entrega-uno-de-los-empleados-que-se-fotografio-con-el-cadaver-de-maradona\/#primaryimage","inLanguage":"es","url":"http:\/\/www.sporthiva.com\/wp-content\/uploads\/2020\/11\/1606573235431.jpg","contentUrl":"http:\/\/www.sporthiva.com\/wp-content\/uploads\/2020\/11\/1606573235431.jpg","width":1500,"height":857},{"@type":"WebPage","@id":"http:\/\/www.sporthiva.com\/index.php\/2020\/11\/28\/se-entrega-uno-de-los-empleados-que-se-fotografio-con-el-cadaver-de-maradona\/#webpage","url":"http:\/\/www.sporthiva.com\/index.php\/2020\/11\/28\/se-entrega-uno-de-los-empleados-que-se-fotografio-con-el-cadaver-de-maradona\/","name":"Se entrega uno de los empleados que se fotografi\u00f3 con el cad\u00e1ver de Maradona - Sporthiva Online","isPartOf":{"@id":"https:\/\/www.sporthiva.com\/#website"},"primaryImageOfPage":{"@id":"http:\/\/www.sporthiva.com\/index.php\/2020\/11\/28\/se-entrega-uno-de-los-empleados-que-se-fotografio-con-el-cadaver-de-maradona\/#primaryimage"},"datePublished":"2020-11-28T21:59:51+00:00","dateModified":"2020-11-28T21:59:51+00:00","author":{"@id":"https:\/\/www.sporthiva.com\/#\/schema\/person\/551718db343e60bf7d707f9085b1e611"},"breadcrumb":{"@id":"http:\/\/www.sporthiva.com\/index.php\/2020\/11\/28\/se-entrega-uno-de-los-empleados-que-se-fotografio-con-el-cadaver-de-maradona\/#breadcrumb"},"inLanguage":"es","potentialAction":[{"@type":"ReadAction","target":["http:\/\/www.sporthiva.com\/index.php\/2020\/11\/28\/se-entrega-uno-de-los-empleados-que-se-fotografio-con-el-cadaver-de-maradona\/"]}]},{"@type":"BreadcrumbList","@id":"http:\/\/www.sporthiva.com\/index.php\/2020\/11\/28\/se-entrega-uno-de-los-empleados-que-se-fotografio-con-el-cadaver-de-maradona\/#breadcrumb","itemListElement":[{"@type":"ListItem","position":1,"name":"Portada","item":"https:\/\/www.sporthiva.com\/"},{"@type":"ListItem","position":2,"name":"Se entrega uno de los empleados que se fotografi\u00f3 con el cad\u00e1ver de Maradona"}]},{"@type":"Person","@id":"https:\/\/www.sporthiva.com\/#\/schema\/person\/551718db343e60bf7d707f9085b1e611","name":"Evelyn Pineda","image":{"@type":"ImageObject","@id":"https:\/\/www.sporthiva.com\/#personlogo","inLanguage":"es","url":"http:\/\/1.gravatar.com\/avatar\/73932ff8109aee94864b4504adf4d91e?s=96&d=mm&r=g","contentUrl":"http:\/\/1.gravatar.com\/avatar\/73932ff8109aee94864b4504adf4d91e?s=96&d=mm&r=g","caption":"Evelyn Pineda"},"sameAs":["http:\/\/www.sporthiva.com\/"],"url":"http:\/\/www.sporthiva.com\/index.php\/author\/epineda\/"}]}},"_links":{"self":[{"href":"http:\/\/www.sporthiva.com\/index.php\/wp-json\/wp\/v2\/posts\/91406"}],"collection":[{"href":"http:\/\/www.sporthiva.com\/index.php\/wp-json\/wp\/v2\/posts"}],"about":[{"href":"http:\/\/www.sporthiva.com\/index.php\/wp-json\/wp\/v2\/types\/post"}],"author":[{"embeddable":true,"href":"http:\/\/www.sporthiva.com\/index.php\/wp-json\/wp\/v2\/users\/7"}],"replies":[{"embeddable":true,"href":"http:\/\/www.sporthiva.com\/index.php\/wp-json\/wp\/v2\/comments?post=91406"}],"version-history":[{"count":1,"href":"http:\/\/www.sporthiva.com\/index.php\/wp-json\/wp\/v2\/posts\/91406\/revisions"}],"predecessor-version":[{"id":91408,"href":"http:\/\/www.sporthiva.com\/index.php\/wp-json\/wp\/v2\/posts\/91406\/revisions\/91408"}],"wp:featuredmedia":[{"embeddable":true,"href":"http:\/\/www.sporthiva.com\/index.php\/wp-json\/wp\/v2\/media\/91407"}],"wp:attachment":[{"href":"http:\/\/www.sporthiva.com\/index.php\/wp-json\/wp\/v2\/media?parent=91406"}],"wp:term":[{"taxonomy":"category","embeddable":true,"href":"http:\/\/www.sporthiva.com\/index.php\/wp-json\/wp\/v2\/categories?post=91406"},{"taxonomy":"post_tag","embeddable":true,"href":"http:\/\/www.sporthiva.com\/index.php\/wp-json\/wp\/v2\/tags?post=91406"}],"curies":[{"name":"wp","href":"https:\/\/api.w.org\/{rel}","templated":true}]}}