{"id":126916,"date":"2022-09-21T07:39:01","date_gmt":"2022-09-21T13:39:01","guid":{"rendered":"http:\/\/www.sporthiva.com\/?p=126916"},"modified":"2022-09-21T07:40:48","modified_gmt":"2022-09-21T13:40:48","slug":"asensio-espera-una-propuesta-del-real-madrid-pero-no-descarta-al-barca","status":"publish","type":"post","link":"https:\/\/www.sporthiva.com\/index.php\/2022\/09\/21\/asensio-espera-una-propuesta-del-real-madrid-pero-no-descarta-al-barca\/","title":{"rendered":"Asensio espera una propuesta del Real Madrid pero no descarta al Bar\u00e7a"},"content":{"rendered":"<p><strong>Madrid, Espa\u00f1a<\/strong><\/p>\n<p>Marco Asensio mostr\u00f3 sus esperanzas a nueve meses de que finalice su contrato con Real Madrid y tras descartar abandonar el club el pasado mercado, de recibir pr\u00f3ximamente una propuesta de renovaci\u00f3n, pero no desminti\u00f3 las informaciones que le ponen en la \u00f3rbita de FC Barcelona ni asegur\u00f3 que no jugar\u00eda en el equipo azulgrana.<\/p>\n<p>\u00abOjal\u00e1 se pueda dar la renovaci\u00f3n\u00bb, asegur\u00f3 Marco Asensio en una entrevista a \u00abEl partidazo\u00bb de Cope. \u00abVeremos qu\u00e9 pasa, nunca se sabe, en el mundo del f\u00fatbol pueden cambiar las cosas muy r\u00e1pido. No puedo decir nada m\u00e1s porque no s\u00e9 lo que va a pasar\u00bb.<\/p>\n<p>Preguntado por el inter\u00e9s del Barcelona, Asensio dej\u00f3 claro que est\u00e1 centrado en el Real Madrid y la selecci\u00f3n, pero no cerr\u00f3 la puerta. \u00abSinceramente, no lo s\u00e9. Realmente estoy centrado en lo que estoy. S\u00f3lo pienso en el presente, el ahora, el darlo todo con la selecci\u00f3n y con mi club\u00bb.<\/p>\n<p><strong>Vea adem\u00e1s: <\/strong><a href=\"http:\/\/www.sporthiva.com\/index.php\/2022\/09\/21\/ancelotti-y-xavi-se-funden-en-un-abrazo-en-reunion-de-entrenadores\/\"><strong>Ancelotti y Xavi se funden en un abrazo en reuni\u00f3n de entrenadores<\/strong><\/a><\/p>\n<p>\u00abNi lo he pensado (jugar en el Barcelona), ni lo he valorado. Ahora mismo no puedo dar una respuesta, no lo s\u00e9. Son cosas que salen. Esta ma\u00f1ana ten\u00eda 200 mensajes. Les digo que estoy en un mundo en el que hay muchos rumores, especulaciones, y es normal. En siete meses puedo firmar con cualquier club y es normal que salgan muchos y saldr\u00e1n m\u00e1s seguramente. Estamos en ese c\u00edrculo en el que cada d\u00eda habr\u00e1 noticias y eso no lo puedo controlar\u00bb.<\/p>\n<p data-inc=\"1\">Asensio repas\u00f3 un verano dif\u00edcil en el que valor\u00f3 marcharse del Real Madrid y explic\u00f3 las razones por las que decidi\u00f3 quedarse. \u00abEstoy en un momento bueno, tranquilo. El mes de agosto fue un poco m\u00e1s complicado por la incertidumbre pero estoy feliz por la decisi\u00f3n que he tomado\u00bb.<\/p>\n<p>\u00abHab\u00eda opciones obviamente. Al final, la decisi\u00f3n que tom\u00e9 fue porque sigo confiando en que puedo ayudar al Real Madrid, quiero seguir ganando t\u00edtulos con el club. Creo que ha sido la correcta y estoy con muchas ganas. Al final tampoco era una decisi\u00f3n que dependa de m\u00ed totalmente. Son cosas que hay que hablar con el club, con el entrenador, pones todo en la balanza y a partir de ah\u00ed tomas la decisi\u00f3n. Pero en ning\u00fan momento pens\u00e9 realmente en poder salir, por el proyecto y por la confianza de Ancelotti\u00bb.<\/p>\n<p><strong>Le interesa tambi\u00e9n: <\/strong><a href=\"http:\/\/www.sporthiva.com\/index.php\/2022\/09\/20\/atletico-de-madrid-condena-rotundamente-los-insultos-racistas-a-vinicius\/\"><strong>Atl\u00e9tico de Madrid \u00abcondena rotundamente\u00bb los insultos racistas a Vinicius<\/strong><\/a><\/p>\n<p>Despu\u00e9s de ser recibido con silbidos por parte de la afici\u00f3n madridista en el Santiago Bernab\u00e9u, Asensio explic\u00f3 la raz\u00f3n de su enfado al quedarse sin minutos frente al Mallorca y se qued\u00f3 con la gente que le aplaudi\u00f3.<\/p>\n<p>\u00abSiempre habr\u00e1 discusiones. Yo soy una persona que se me nota cuando estoy feliz y cuando estoy cabreado. No se dio el cambio, era un partido pues especial para m\u00ed porque era contra un exequipo, \u00edbamos empatando, pensaba que pod\u00eda ayudar. Fue mala suerte por la lesi\u00f3n de un compa\u00f1ero pero bueno, al final se gan\u00f3 y queda como una an\u00e9cdota. Con el m\u00edster cero problemas\u00bb, afirm\u00f3.<\/p>\n<div class=\"mvp-post-soc-in\">\n<div id=\"mvp-content-body\" class=\"left relative\">\n<div id=\"mvp-content-body-top\" class=\"left relative\">\n<div id=\"mvp-content-main\" class=\"left relative\">\n<p data-inc=\"2\">\u00abLo \u00fanico que pens\u00e9 con los pitos es en intentar darle la vuelta, que vean que mi compromiso es al cien por cien como ha sido estos siete a\u00f1os en el Madrid. Luego el momento del gol y los aplausos es con lo que me quedo. Respeto mucho a la afici\u00f3n madridista del Bernab\u00e9u, son libres de opinar. Creo que tenemos que ir siempre a una, es como siempre hemos podido ganar muchas cosas\u00bb.<\/p>\n<\/div>\n<\/div>\n<\/div>\n<\/div>\n","protected":false},"excerpt":{"rendered":"<p>Madrid, Espa\u00f1a Marco Asensio mostr\u00f3 sus esperanzas a nueve meses de que finalice su contrato con Real Madrid y tras descartar abandonar el club el pasado mercado, de recibir pr\u00f3ximamente una propuesta de renovaci\u00f3n, pero no desminti\u00f3 las informaciones que le ponen en la \u00f3rbita de FC Barcelona ni asegur\u00f3 que no jugar\u00eda en el&nbsp;<\/p>\n<p><a class=\"btn btn-style\" href=\"https:\/\/www.sporthiva.com\/index.php\/2022\/09\/21\/asensio-espera-una-propuesta-del-real-madrid-pero-no-descarta-al-barca\/\">Continuar leyendo<\/a><\/p>\n","protected":false},"author":7,"featured_media":0,"comment_status":"open","ping_status":"open","sticky":false,"template":"","format":"standard","meta":{"qubely_global_settings":"","qubely_interactions":""},"categories":[563],"tags":[1391,2589,52],"qubely_featured_image_url":null,"qubely_author":{"display_name":"Evelyn Pineda","author_link":"https:\/\/www.sporthiva.com\/index.php\/author\/epineda\/"},"qubely_comment":0,"qubely_category":"<a href=\"https:\/\/www.sporthiva.com\/index.php\/category\/internacionales\/\" rel=\"category tag\">Internacionales<\/a>","qubely_excerpt":"Madrid, Espa\u00f1a Marco Asensio mostr\u00f3 sus esperanzas a nueve meses de que finalice su contrato con Real Madrid y tras descartar abandonar el club el pasado mercado, de recibir pr\u00f3ximamente una propuesta de renovaci\u00f3n, pero no desminti\u00f3 las informaciones que le ponen en la \u00f3rbita de FC Barcelona ni asegur\u00f3 que no jugar\u00eda en el&nbsp;Continuar&hellip;","yoast_head":"<!-- This site is optimized with the Yoast SEO plugin v17.8 - https:\/\/yoast.com\/wordpress\/plugins\/seo\/ -->\n<title>Asensio espera una propuesta del Real Madrid pero no descarta al Bar\u00e7a - Sporthiva Online<\/title>\n<meta name=\"robots\" content=\"index, follow, max-snippet:-1, max-image-preview:large, max-video-preview:-1\" \/>\n<link rel=\"canonical\" href=\"https:\/\/www.sporthiva.com\/index.php\/2022\/09\/21\/asensio-espera-una-propuesta-del-real-madrid-pero-no-descarta-al-barca\/\" \/>\n<meta property=\"og:locale\" content=\"es_ES\" \/>\n<meta property=\"og:type\" content=\"article\" \/>\n<meta property=\"og:title\" content=\"Asensio espera una propuesta del Real Madrid pero no descarta al Bar\u00e7a - Sporthiva Online\" \/>\n<meta property=\"og:description\" content=\"Madrid, Espa\u00f1a Marco Asensio mostr\u00f3 sus esperanzas a nueve meses de que finalice su contrato con Real Madrid y tras descartar abandonar el club el pasado mercado, de recibir pr\u00f3ximamente una propuesta de renovaci\u00f3n, pero no desminti\u00f3 las informaciones que le ponen en la \u00f3rbita de FC Barcelona ni asegur\u00f3 que no jugar\u00eda en el&nbsp;Continuar leyendo\" \/>\n<meta property=\"og:url\" content=\"https:\/\/www.sporthiva.com\/index.php\/2022\/09\/21\/asensio-espera-una-propuesta-del-real-madrid-pero-no-descarta-al-barca\/\" \/>\n<meta property=\"og:site_name\" content=\"Sporthiva Online\" \/>\n<meta property=\"article:published_time\" content=\"2022-09-21T13:39:01+00:00\" \/>\n<meta property=\"article:modified_time\" content=\"2022-09-21T13:40:48+00:00\" \/>\n<meta name=\"twitter:card\" content=\"summary\" \/>\n<meta name=\"twitter:label1\" content=\"Escrito por\" \/>\n\t<meta name=\"twitter:data1\" content=\"Evelyn Pineda\" \/>\n\t<meta name=\"twitter:label2\" content=\"Tiempo de lectura\" \/>\n\t<meta name=\"twitter:data2\" content=\"3 minutos\" \/>\n<script type=\"application\/ld+json\" class=\"yoast-schema-graph\">{\"@context\":\"https:\/\/schema.org\",\"@graph\":[{\"@type\":\"WebSite\",\"@id\":\"http:\/\/www.sporthiva.com\/#website\",\"url\":\"http:\/\/www.sporthiva.com\/\",\"name\":\"Sporthiva Online\",\"description\":\"Sporthiva Online\",\"potentialAction\":[{\"@type\":\"SearchAction\",\"target\":{\"@type\":\"EntryPoint\",\"urlTemplate\":\"http:\/\/www.sporthiva.com\/?s={search_term_string}\"},\"query-input\":\"required name=search_term_string\"}],\"inLanguage\":\"es\"},{\"@type\":\"WebPage\",\"@id\":\"https:\/\/www.sporthiva.com\/index.php\/2022\/09\/21\/asensio-espera-una-propuesta-del-real-madrid-pero-no-descarta-al-barca\/#webpage\",\"url\":\"https:\/\/www.sporthiva.com\/index.php\/2022\/09\/21\/asensio-espera-una-propuesta-del-real-madrid-pero-no-descarta-al-barca\/\",\"name\":\"Asensio espera una propuesta del Real Madrid pero no descarta al Bar\\u00e7a - Sporthiva Online\",\"isPartOf\":{\"@id\":\"http:\/\/www.sporthiva.com\/#website\"},\"datePublished\":\"2022-09-21T13:39:01+00:00\",\"dateModified\":\"2022-09-21T13:40:48+00:00\",\"author\":{\"@id\":\"http:\/\/www.sporthiva.com\/#\/schema\/person\/551718db343e60bf7d707f9085b1e611\"},\"breadcrumb\":{\"@id\":\"https:\/\/www.sporthiva.com\/index.php\/2022\/09\/21\/asensio-espera-una-propuesta-del-real-madrid-pero-no-descarta-al-barca\/#breadcrumb\"},\"inLanguage\":\"es\",\"potentialAction\":[{\"@type\":\"ReadAction\",\"target\":[\"https:\/\/www.sporthiva.com\/index.php\/2022\/09\/21\/asensio-espera-una-propuesta-del-real-madrid-pero-no-descarta-al-barca\/\"]}]},{\"@type\":\"BreadcrumbList\",\"@id\":\"https:\/\/www.sporthiva.com\/index.php\/2022\/09\/21\/asensio-espera-una-propuesta-del-real-madrid-pero-no-descarta-al-barca\/#breadcrumb\",\"itemListElement\":[{\"@type\":\"ListItem\",\"position\":1,\"name\":\"Portada\",\"item\":\"http:\/\/www.sporthiva.com\/\"},{\"@type\":\"ListItem\",\"position\":2,\"name\":\"Asensio espera una propuesta del Real Madrid pero no descarta al Bar\\u00e7a\"}]},{\"@type\":\"Person\",\"@id\":\"http:\/\/www.sporthiva.com\/#\/schema\/person\/551718db343e60bf7d707f9085b1e611\",\"name\":\"Evelyn Pineda\",\"image\":{\"@type\":\"ImageObject\",\"@id\":\"http:\/\/www.sporthiva.com\/#personlogo\",\"inLanguage\":\"es\",\"url\":\"https:\/\/secure.gravatar.com\/avatar\/73932ff8109aee94864b4504adf4d91e?s=96&d=mm&r=g\",\"contentUrl\":\"https:\/\/secure.gravatar.com\/avatar\/73932ff8109aee94864b4504adf4d91e?s=96&d=mm&r=g\",\"caption\":\"Evelyn Pineda\"},\"sameAs\":[\"http:\/\/www.sporthiva.com\/\"],\"url\":\"https:\/\/www.sporthiva.com\/index.php\/author\/epineda\/\"}]}<\/script>\n<!-- \/ Yoast SEO plugin. -->","yoast_head_json":{"title":"Asensio espera una propuesta del Real Madrid pero no descarta al Bar\u00e7a - Sporthiva Online","robots":{"index":"index","follow":"follow","max-snippet":"max-snippet:-1","max-image-preview":"max-image-preview:large","max-video-preview":"max-video-preview:-1"},"canonical":"https:\/\/www.sporthiva.com\/index.php\/2022\/09\/21\/asensio-espera-una-propuesta-del-real-madrid-pero-no-descarta-al-barca\/","og_locale":"es_ES","og_type":"article","og_title":"Asensio espera una propuesta del Real Madrid pero no descarta al Bar\u00e7a - Sporthiva Online","og_description":"Madrid, Espa\u00f1a Marco Asensio mostr\u00f3 sus esperanzas a nueve meses de que finalice su contrato con Real Madrid y tras descartar abandonar el club el pasado mercado, de recibir pr\u00f3ximamente una propuesta de renovaci\u00f3n, pero no desminti\u00f3 las informaciones que le ponen en la \u00f3rbita de FC Barcelona ni asegur\u00f3 que no jugar\u00eda en el&nbsp;Continuar leyendo","og_url":"https:\/\/www.sporthiva.com\/index.php\/2022\/09\/21\/asensio-espera-una-propuesta-del-real-madrid-pero-no-descarta-al-barca\/","og_site_name":"Sporthiva Online","article_published_time":"2022-09-21T13:39:01+00:00","article_modified_time":"2022-09-21T13:40:48+00:00","twitter_card":"summary","twitter_misc":{"Escrito por":"Evelyn Pineda","Tiempo de lectura":"3 minutos"},"schema":{"@context":"https:\/\/schema.org","@graph":[{"@type":"WebSite","@id":"http:\/\/www.sporthiva.com\/#website","url":"http:\/\/www.sporthiva.com\/","name":"Sporthiva Online","description":"Sporthiva Online","potentialAction":[{"@type":"SearchAction","target":{"@type":"EntryPoint","urlTemplate":"http:\/\/www.sporthiva.com\/?s={search_term_string}"},"query-input":"required name=search_term_string"}],"inLanguage":"es"},{"@type":"WebPage","@id":"https:\/\/www.sporthiva.com\/index.php\/2022\/09\/21\/asensio-espera-una-propuesta-del-real-madrid-pero-no-descarta-al-barca\/#webpage","url":"https:\/\/www.sporthiva.com\/index.php\/2022\/09\/21\/asensio-espera-una-propuesta-del-real-madrid-pero-no-descarta-al-barca\/","name":"Asensio espera una propuesta del Real Madrid pero no descarta al Bar\u00e7a - Sporthiva Online","isPartOf":{"@id":"http:\/\/www.sporthiva.com\/#website"},"datePublished":"2022-09-21T13:39:01+00:00","dateModified":"2022-09-21T13:40:48+00:00","author":{"@id":"http:\/\/www.sporthiva.com\/#\/schema\/person\/551718db343e60bf7d707f9085b1e611"},"breadcrumb":{"@id":"https:\/\/www.sporthiva.com\/index.php\/2022\/09\/21\/asensio-espera-una-propuesta-del-real-madrid-pero-no-descarta-al-barca\/#breadcrumb"},"inLanguage":"es","potentialAction":[{"@type":"ReadAction","target":["https:\/\/www.sporthiva.com\/index.php\/2022\/09\/21\/asensio-espera-una-propuesta-del-real-madrid-pero-no-descarta-al-barca\/"]}]},{"@type":"BreadcrumbList","@id":"https:\/\/www.sporthiva.com\/index.php\/2022\/09\/21\/asensio-espera-una-propuesta-del-real-madrid-pero-no-descarta-al-barca\/#breadcrumb","itemListElement":[{"@type":"ListItem","position":1,"name":"Portada","item":"http:\/\/www.sporthiva.com\/"},{"@type":"ListItem","position":2,"name":"Asensio espera una propuesta del Real Madrid pero no descarta al Bar\u00e7a"}]},{"@type":"Person","@id":"http:\/\/www.sporthiva.com\/#\/schema\/person\/551718db343e60bf7d707f9085b1e611","name":"Evelyn Pineda","image":{"@type":"ImageObject","@id":"http:\/\/www.sporthiva.com\/#personlogo","inLanguage":"es","url":"https:\/\/secure.gravatar.com\/avatar\/73932ff8109aee94864b4504adf4d91e?s=96&d=mm&r=g","contentUrl":"https:\/\/secure.gravatar.com\/avatar\/73932ff8109aee94864b4504adf4d91e?s=96&d=mm&r=g","caption":"Evelyn Pineda"},"sameAs":["http:\/\/www.sporthiva.com\/"],"url":"https:\/\/www.sporthiva.com\/index.php\/author\/epineda\/"}]}},"_links":{"self":[{"href":"https:\/\/www.sporthiva.com\/index.php\/wp-json\/wp\/v2\/posts\/126916"}],"collection":[{"href":"https:\/\/www.sporthiva.com\/index.php\/wp-json\/wp\/v2\/posts"}],"about":[{"href":"https:\/\/www.sporthiva.com\/index.php\/wp-json\/wp\/v2\/types\/post"}],"author":[{"embeddable":true,"href":"https:\/\/www.sporthiva.com\/index.php\/wp-json\/wp\/v2\/users\/7"}],"replies":[{"embeddable":true,"href":"https:\/\/www.sporthiva.com\/index.php\/wp-json\/wp\/v2\/comments?post=126916"}],"version-history":[{"count":3,"href":"https:\/\/www.sporthiva.com\/index.php\/wp-json\/wp\/v2\/posts\/126916\/revisions"}],"predecessor-version":[{"id":126920,"href":"https:\/\/www.sporthiva.com\/index.php\/wp-json\/wp\/v2\/posts\/126916\/revisions\/126920"}],"wp:attachment":[{"href":"https:\/\/www.sporthiva.com\/index.php\/wp-json\/wp\/v2\/media?parent=126916"}],"wp:term":[{"taxonomy":"category","embeddable":true,"href":"https:\/\/www.sporthiva.com\/index.php\/wp-json\/wp\/v2\/categories?post=126916"},{"taxonomy":"post_tag","embeddable":true,"href":"https:\/\/www.sporthiva.com\/index.php\/wp-json\/wp\/v2\/tags?post=126916"}],"curies":[{"name":"wp","href":"https:\/\/api.w.org\/{rel}","templated":true}]}}