{"id":134248,"date":"2023-02-14T19:32:09","date_gmt":"2023-02-15T01:32:09","guid":{"rendered":"http:\/\/www.sporthiva.com\/?p=134248"},"modified":"2023-02-14T19:32:09","modified_gmt":"2023-02-15T01:32:09","slug":"sergio-ramos-tras-derrota-del-psg-nos-ha-faltado-personalidad","status":"publish","type":"post","link":"https:\/\/www.sporthiva.com\/index.php\/2023\/02\/14\/sergio-ramos-tras-derrota-del-psg-nos-ha-faltado-personalidad\/","title":{"rendered":"Sergio Ramos tras derrota del PSG: \u00abNos ha faltado personalidad\u00bb"},"content":{"rendered":"<p><strong>Par\u00eds, Francia<\/strong><\/p>\n<p>El defensa espa\u00f1ol del Par\u00eds Saint-Germain Sergio Ramos reconoci\u00f3 que les falt\u00f3 personalidad en la ida de los octavos de final de la Liga de Campeones ante el Bayern de M\u00fanich (0-1).<\/p>\n<p>\u00abEn la primera parte salimos a esperarlos, en la segunda tuvimos m\u00e1s espacios. El resultado es malo porque no hemos sabido aprovechar el apoyo de nuestro p\u00fablico\u00bb, afirm\u00f3.<\/p>\n<p><strong>Vea adem\u00e1s: <\/strong><a href=\"http:\/\/www.sporthiva.com\/index.php\/2023\/02\/14\/choco-lozano-se-convertira-en-jugador-del-getafe-si-el-equipo-continua-en-primera\/\"><strong>\u00abChoco\u00bb Lozano se convertir\u00e1 en jugador del Getafe si el equipo contin\u00faa en primera<\/strong><\/a><\/p>\n<p>\u00abNos ha faltado personalidad con el bal\u00f3n, tenemos que aprender, no hay que conformarse con esto. Nos espera una vuelta ilusionante en la que tenemos que dar la vida\u00bb, agreg\u00f3.<\/p>\n<p>\u00abTodos queremos ganar. Pero el f\u00fatbol tiene esto, no importa como juegues, lo que importa es el resultado. Ahora tenemos que mantener la cabeza fr\u00eda. Los que tenemos m\u00e1s experiencia tenemos que tratar de mantener la calma. Tenemos que dar la vuelta a esto\u00bb, dijo el jugador del PSG, que encadena tres derrotas consecutivas.<\/p>\n<p><strong>Le interesa tambi\u00e9n: <\/strong><a href=\"http:\/\/www.sporthiva.com\/index.php\/2023\/02\/14\/bayern-munich-asesta-duro-golpe-al-psg-en-octavos-de-champions-league\/\"><strong>Bayern M\u00fanich asesta un duro golpe al PSG en octavos de Champions League<\/strong><\/a><\/p>\n<p data-inc=\"1\">Ramos no quiso hablar de su futuro tras esta temporada: \u00abVivo al d\u00eda, trato de disfrutar del estado que estoy teniendo, desde el final de la temporada pasada me voy sintiendo bien y eso es lo que me hace dar todo por el equipo. Lo que tenga que venir, ya vendr\u00e1\u00bb.<\/p>\n","protected":false},"excerpt":{"rendered":"<p>Par\u00eds, Francia El defensa espa\u00f1ol del Par\u00eds Saint-Germain Sergio Ramos reconoci\u00f3 que les falt\u00f3 personalidad en la ida de los octavos de final de la Liga de Campeones ante el Bayern de M\u00fanich (0-1). \u00abEn la primera parte salimos a esperarlos, en la segunda tuvimos m\u00e1s espacios. El resultado es malo porque no hemos sabido&nbsp;<\/p>\n<p><a class=\"btn btn-style\" href=\"https:\/\/www.sporthiva.com\/index.php\/2023\/02\/14\/sergio-ramos-tras-derrota-del-psg-nos-ha-faltado-personalidad\/\">Continuar leyendo<\/a><\/p>\n","protected":false},"author":7,"featured_media":0,"comment_status":"open","ping_status":"open","sticky":false,"template":"","format":"standard","meta":{"qubely_global_settings":"","qubely_interactions":""},"categories":[563],"tags":[160,213,149],"qubely_featured_image_url":null,"qubely_author":{"display_name":"Evelyn Pineda","author_link":"https:\/\/www.sporthiva.com\/index.php\/author\/epineda\/"},"qubely_comment":0,"qubely_category":"<a href=\"https:\/\/www.sporthiva.com\/index.php\/category\/internacionales\/\" rel=\"category tag\">Internacionales<\/a>","qubely_excerpt":"Par\u00eds, Francia El defensa espa\u00f1ol del Par\u00eds Saint-Germain Sergio Ramos reconoci\u00f3 que les falt\u00f3 personalidad en la ida de los octavos de final de la Liga de Campeones ante el Bayern de M\u00fanich (0-1). \u00abEn la primera parte salimos a esperarlos, en la segunda tuvimos m\u00e1s espacios. El resultado es malo porque no hemos sabido&nbsp;Continuar&hellip;","yoast_head":"<!-- This site is optimized with the Yoast SEO plugin v17.8 - https:\/\/yoast.com\/wordpress\/plugins\/seo\/ -->\n<title>Sergio Ramos tras derrota del PSG: &quot;Nos ha faltado personalidad&quot; - Sporthiva Online<\/title>\n<meta name=\"robots\" content=\"index, follow, max-snippet:-1, max-image-preview:large, max-video-preview:-1\" \/>\n<link rel=\"canonical\" href=\"https:\/\/www.sporthiva.com\/index.php\/2023\/02\/14\/sergio-ramos-tras-derrota-del-psg-nos-ha-faltado-personalidad\/\" \/>\n<meta property=\"og:locale\" content=\"es_ES\" \/>\n<meta property=\"og:type\" content=\"article\" \/>\n<meta property=\"og:title\" content=\"Sergio Ramos tras derrota del PSG: &quot;Nos ha faltado personalidad&quot; - Sporthiva Online\" \/>\n<meta property=\"og:description\" content=\"Par\u00eds, Francia El defensa espa\u00f1ol del Par\u00eds Saint-Germain Sergio Ramos reconoci\u00f3 que les falt\u00f3 personalidad en la ida de los octavos de final de la Liga de Campeones ante el Bayern de M\u00fanich (0-1). \u00abEn la primera parte salimos a esperarlos, en la segunda tuvimos m\u00e1s espacios. El resultado es malo porque no hemos sabido&nbsp;Continuar leyendo\" \/>\n<meta property=\"og:url\" content=\"https:\/\/www.sporthiva.com\/index.php\/2023\/02\/14\/sergio-ramos-tras-derrota-del-psg-nos-ha-faltado-personalidad\/\" \/>\n<meta property=\"og:site_name\" content=\"Sporthiva Online\" \/>\n<meta property=\"article:published_time\" content=\"2023-02-15T01:32:09+00:00\" \/>\n<meta name=\"twitter:card\" content=\"summary\" \/>\n<meta name=\"twitter:label1\" content=\"Escrito por\" \/>\n\t<meta name=\"twitter:data1\" content=\"Evelyn Pineda\" \/>\n\t<meta name=\"twitter:label2\" content=\"Tiempo de lectura\" \/>\n\t<meta name=\"twitter:data2\" content=\"1 minuto\" \/>\n<script type=\"application\/ld+json\" class=\"yoast-schema-graph\">{\"@context\":\"https:\/\/schema.org\",\"@graph\":[{\"@type\":\"WebSite\",\"@id\":\"http:\/\/www.sporthiva.com\/#website\",\"url\":\"http:\/\/www.sporthiva.com\/\",\"name\":\"Sporthiva Online\",\"description\":\"Sporthiva Online\",\"potentialAction\":[{\"@type\":\"SearchAction\",\"target\":{\"@type\":\"EntryPoint\",\"urlTemplate\":\"http:\/\/www.sporthiva.com\/?s={search_term_string}\"},\"query-input\":\"required name=search_term_string\"}],\"inLanguage\":\"es\"},{\"@type\":\"WebPage\",\"@id\":\"https:\/\/www.sporthiva.com\/index.php\/2023\/02\/14\/sergio-ramos-tras-derrota-del-psg-nos-ha-faltado-personalidad\/#webpage\",\"url\":\"https:\/\/www.sporthiva.com\/index.php\/2023\/02\/14\/sergio-ramos-tras-derrota-del-psg-nos-ha-faltado-personalidad\/\",\"name\":\"Sergio Ramos tras derrota del PSG: \\\"Nos ha faltado personalidad\\\" - Sporthiva Online\",\"isPartOf\":{\"@id\":\"http:\/\/www.sporthiva.com\/#website\"},\"datePublished\":\"2023-02-15T01:32:09+00:00\",\"dateModified\":\"2023-02-15T01:32:09+00:00\",\"author\":{\"@id\":\"http:\/\/www.sporthiva.com\/#\/schema\/person\/551718db343e60bf7d707f9085b1e611\"},\"breadcrumb\":{\"@id\":\"https:\/\/www.sporthiva.com\/index.php\/2023\/02\/14\/sergio-ramos-tras-derrota-del-psg-nos-ha-faltado-personalidad\/#breadcrumb\"},\"inLanguage\":\"es\",\"potentialAction\":[{\"@type\":\"ReadAction\",\"target\":[\"https:\/\/www.sporthiva.com\/index.php\/2023\/02\/14\/sergio-ramos-tras-derrota-del-psg-nos-ha-faltado-personalidad\/\"]}]},{\"@type\":\"BreadcrumbList\",\"@id\":\"https:\/\/www.sporthiva.com\/index.php\/2023\/02\/14\/sergio-ramos-tras-derrota-del-psg-nos-ha-faltado-personalidad\/#breadcrumb\",\"itemListElement\":[{\"@type\":\"ListItem\",\"position\":1,\"name\":\"Portada\",\"item\":\"http:\/\/www.sporthiva.com\/\"},{\"@type\":\"ListItem\",\"position\":2,\"name\":\"Sergio Ramos tras derrota del PSG: \\u00abNos ha faltado personalidad\\u00bb\"}]},{\"@type\":\"Person\",\"@id\":\"http:\/\/www.sporthiva.com\/#\/schema\/person\/551718db343e60bf7d707f9085b1e611\",\"name\":\"Evelyn Pineda\",\"image\":{\"@type\":\"ImageObject\",\"@id\":\"http:\/\/www.sporthiva.com\/#personlogo\",\"inLanguage\":\"es\",\"url\":\"https:\/\/secure.gravatar.com\/avatar\/73932ff8109aee94864b4504adf4d91e?s=96&d=mm&r=g\",\"contentUrl\":\"https:\/\/secure.gravatar.com\/avatar\/73932ff8109aee94864b4504adf4d91e?s=96&d=mm&r=g\",\"caption\":\"Evelyn Pineda\"},\"sameAs\":[\"http:\/\/www.sporthiva.com\/\"],\"url\":\"https:\/\/www.sporthiva.com\/index.php\/author\/epineda\/\"}]}<\/script>\n<!-- \/ Yoast SEO plugin. -->","yoast_head_json":{"title":"Sergio Ramos tras derrota del PSG: \"Nos ha faltado personalidad\" - Sporthiva Online","robots":{"index":"index","follow":"follow","max-snippet":"max-snippet:-1","max-image-preview":"max-image-preview:large","max-video-preview":"max-video-preview:-1"},"canonical":"https:\/\/www.sporthiva.com\/index.php\/2023\/02\/14\/sergio-ramos-tras-derrota-del-psg-nos-ha-faltado-personalidad\/","og_locale":"es_ES","og_type":"article","og_title":"Sergio Ramos tras derrota del PSG: \"Nos ha faltado personalidad\" - Sporthiva Online","og_description":"Par\u00eds, Francia El defensa espa\u00f1ol del Par\u00eds Saint-Germain Sergio Ramos reconoci\u00f3 que les falt\u00f3 personalidad en la ida de los octavos de final de la Liga de Campeones ante el Bayern de M\u00fanich (0-1). \u00abEn la primera parte salimos a esperarlos, en la segunda tuvimos m\u00e1s espacios. El resultado es malo porque no hemos sabido&nbsp;Continuar leyendo","og_url":"https:\/\/www.sporthiva.com\/index.php\/2023\/02\/14\/sergio-ramos-tras-derrota-del-psg-nos-ha-faltado-personalidad\/","og_site_name":"Sporthiva Online","article_published_time":"2023-02-15T01:32:09+00:00","twitter_card":"summary","twitter_misc":{"Escrito por":"Evelyn Pineda","Tiempo de lectura":"1 minuto"},"schema":{"@context":"https:\/\/schema.org","@graph":[{"@type":"WebSite","@id":"http:\/\/www.sporthiva.com\/#website","url":"http:\/\/www.sporthiva.com\/","name":"Sporthiva Online","description":"Sporthiva Online","potentialAction":[{"@type":"SearchAction","target":{"@type":"EntryPoint","urlTemplate":"http:\/\/www.sporthiva.com\/?s={search_term_string}"},"query-input":"required name=search_term_string"}],"inLanguage":"es"},{"@type":"WebPage","@id":"https:\/\/www.sporthiva.com\/index.php\/2023\/02\/14\/sergio-ramos-tras-derrota-del-psg-nos-ha-faltado-personalidad\/#webpage","url":"https:\/\/www.sporthiva.com\/index.php\/2023\/02\/14\/sergio-ramos-tras-derrota-del-psg-nos-ha-faltado-personalidad\/","name":"Sergio Ramos tras derrota del PSG: \"Nos ha faltado personalidad\" - Sporthiva Online","isPartOf":{"@id":"http:\/\/www.sporthiva.com\/#website"},"datePublished":"2023-02-15T01:32:09+00:00","dateModified":"2023-02-15T01:32:09+00:00","author":{"@id":"http:\/\/www.sporthiva.com\/#\/schema\/person\/551718db343e60bf7d707f9085b1e611"},"breadcrumb":{"@id":"https:\/\/www.sporthiva.com\/index.php\/2023\/02\/14\/sergio-ramos-tras-derrota-del-psg-nos-ha-faltado-personalidad\/#breadcrumb"},"inLanguage":"es","potentialAction":[{"@type":"ReadAction","target":["https:\/\/www.sporthiva.com\/index.php\/2023\/02\/14\/sergio-ramos-tras-derrota-del-psg-nos-ha-faltado-personalidad\/"]}]},{"@type":"BreadcrumbList","@id":"https:\/\/www.sporthiva.com\/index.php\/2023\/02\/14\/sergio-ramos-tras-derrota-del-psg-nos-ha-faltado-personalidad\/#breadcrumb","itemListElement":[{"@type":"ListItem","position":1,"name":"Portada","item":"http:\/\/www.sporthiva.com\/"},{"@type":"ListItem","position":2,"name":"Sergio Ramos tras derrota del PSG: \u00abNos ha faltado personalidad\u00bb"}]},{"@type":"Person","@id":"http:\/\/www.sporthiva.com\/#\/schema\/person\/551718db343e60bf7d707f9085b1e611","name":"Evelyn Pineda","image":{"@type":"ImageObject","@id":"http:\/\/www.sporthiva.com\/#personlogo","inLanguage":"es","url":"https:\/\/secure.gravatar.com\/avatar\/73932ff8109aee94864b4504adf4d91e?s=96&d=mm&r=g","contentUrl":"https:\/\/secure.gravatar.com\/avatar\/73932ff8109aee94864b4504adf4d91e?s=96&d=mm&r=g","caption":"Evelyn Pineda"},"sameAs":["http:\/\/www.sporthiva.com\/"],"url":"https:\/\/www.sporthiva.com\/index.php\/author\/epineda\/"}]}},"_links":{"self":[{"href":"https:\/\/www.sporthiva.com\/index.php\/wp-json\/wp\/v2\/posts\/134248"}],"collection":[{"href":"https:\/\/www.sporthiva.com\/index.php\/wp-json\/wp\/v2\/posts"}],"about":[{"href":"https:\/\/www.sporthiva.com\/index.php\/wp-json\/wp\/v2\/types\/post"}],"author":[{"embeddable":true,"href":"https:\/\/www.sporthiva.com\/index.php\/wp-json\/wp\/v2\/users\/7"}],"replies":[{"embeddable":true,"href":"https:\/\/www.sporthiva.com\/index.php\/wp-json\/wp\/v2\/comments?post=134248"}],"version-history":[{"count":1,"href":"https:\/\/www.sporthiva.com\/index.php\/wp-json\/wp\/v2\/posts\/134248\/revisions"}],"predecessor-version":[{"id":134250,"href":"https:\/\/www.sporthiva.com\/index.php\/wp-json\/wp\/v2\/posts\/134248\/revisions\/134250"}],"wp:attachment":[{"href":"https:\/\/www.sporthiva.com\/index.php\/wp-json\/wp\/v2\/media?parent=134248"}],"wp:term":[{"taxonomy":"category","embeddable":true,"href":"https:\/\/www.sporthiva.com\/index.php\/wp-json\/wp\/v2\/categories?post=134248"},{"taxonomy":"post_tag","embeddable":true,"href":"https:\/\/www.sporthiva.com\/index.php\/wp-json\/wp\/v2\/tags?post=134248"}],"curies":[{"name":"wp","href":"https:\/\/api.w.org\/{rel}","templated":true}]}}