{"id":148550,"date":"2023-09-05T10:12:25","date_gmt":"2023-09-05T16:12:25","guid":{"rendered":"http:\/\/www.sporthiva.com\/?p=148550"},"modified":"2023-09-05T10:12:25","modified_gmt":"2023-09-05T16:12:25","slug":"leo-messi-se-suma-a-la-seleccion-argentina-para-debut-ante-ecuador","status":"publish","type":"post","link":"https:\/\/www.sporthiva.com\/index.php\/2023\/09\/05\/leo-messi-se-suma-a-la-seleccion-argentina-para-debut-ante-ecuador\/","title":{"rendered":"Leo Messi se suma a la selecci\u00f3n argentina para debut ante Ecuador"},"content":{"rendered":"<p><strong>Buenos Aires, Argentina<\/strong><\/p>\n<p>El capit\u00e1n de la selecci\u00f3n argentina campeona del mundo, Lionel Messi, arrib\u00f3 a Buenos Aires para sumarse al equipo que se enfrentar\u00e1 a Ecuador el jueves en el debut de las eliminatorias sudamericanas al Mundial-2026.<\/p>\n<p>El astro aterriz\u00f3 en el aeropuerto internacional de Ezeiza por la ma\u00f1ana y se dirigi\u00f3 directamente al predio de la Asociaci\u00f3n del F\u00fatbol Argentino (AFA) cercano a la terminal a\u00e9rea adonde lo esperaban el resto de sus compa\u00f1eros del equipo que dirige Lionel Scaloni.<\/p>\n<p><strong>Vea adem\u00e1s: <\/strong><a href=\"http:\/\/www.sporthiva.com\/index.php\/2023\/09\/05\/el-tottenham-transfirio-a-los-dos-fichajes-mas-caros-de-su-historia\/\"><strong>El Tottenham transfiri\u00f3 a los dos fichajes m\u00e1s caros de su historia<\/strong><\/a><\/p>\n<p>Argentina jugar\u00e1 ante Ecuador el jueves por la noche en el estadio Monumental de Buenos Aires y luego visitar\u00e1 Bolivia el 12 de este mes en La Paz.<\/p>\n<p>Otro de los que se sum\u00f3 este martes al plantel es el arquero Emiliano Mart\u00ednez.<\/p>\n<p data-inc=\"1\">Messi, de 36 a\u00f1os, viene de conseguir otra victoria el domingo con su equipo, el Inter Miami, al que a poco de incorporarse en julio pasado llev\u00f3 a alzar su primera Leagues Cup.<\/p>\n<p data-inc=\"1\"><strong>Le interesa tambi\u00e9n: <\/strong><a href=\"http:\/\/www.sporthiva.com\/index.php\/2023\/09\/05\/rigoberto-rivas-tras-despedirse-de-la-reggina-de-italia-jugaria-en-turquia\/\"><strong>Rigoberto Rivas tras despedirse de la Reggina de Italia jugar\u00eda en Turqu\u00eda<\/strong><\/a><\/p>\n<p>El astro participar\u00e1 este martes por la tarde del primer entrenamiento de Argentina bajo las \u00f3rdenes de Scaloni, que el mi\u00e9rcoles brindar\u00e1 una conferencia de prensa.<\/p>\n<p>Las eliminatorias sudamericanas otorgan seis cupos para el Mundial-2026 y el que ocupe el s\u00e9ptimo lugar jugar\u00e1 un repechaje con una selecci\u00f3n de otro continente.<\/p>\n","protected":false},"excerpt":{"rendered":"<p>Buenos Aires, Argentina El capit\u00e1n de la selecci\u00f3n argentina campeona del mundo, Lionel Messi, arrib\u00f3 a Buenos Aires para sumarse al equipo que se enfrentar\u00e1 a Ecuador el jueves en el debut de las eliminatorias sudamericanas al Mundial-2026. El astro aterriz\u00f3 en el aeropuerto internacional de Ezeiza por la ma\u00f1ana y se dirigi\u00f3 directamente al&nbsp;<\/p>\n<p><a class=\"btn btn-style\" href=\"https:\/\/www.sporthiva.com\/index.php\/2023\/09\/05\/leo-messi-se-suma-a-la-seleccion-argentina-para-debut-ante-ecuador\/\">Continuar leyendo<\/a><\/p>\n","protected":false},"author":7,"featured_media":148551,"comment_status":"open","ping_status":"open","sticky":false,"template":"","format":"standard","meta":{"qubely_global_settings":"","qubely_interactions":""},"categories":[563],"tags":[84,83],"qubely_featured_image_url":{"full":["https:\/\/www.sporthiva.com\/wp-content\/uploads\/2023\/09\/000991226W.jpg",1800,1199,false],"landscape":["https:\/\/www.sporthiva.com\/wp-content\/uploads\/2023\/09\/000991226W-1200x750.jpg",1200,750,true],"portraits":["https:\/\/www.sporthiva.com\/wp-content\/uploads\/2023\/09\/000991226W-540x320.jpg",540,320,true],"thumbnail":["https:\/\/www.sporthiva.com\/wp-content\/uploads\/2023\/09\/000991226W-150x150.jpg",150,150,true],"medium":["https:\/\/www.sporthiva.com\/wp-content\/uploads\/2023\/09\/000991226W-569x379.jpg",569,379,true],"medium_large":["https:\/\/www.sporthiva.com\/wp-content\/uploads\/2023\/09\/000991226W-768x512.jpg",768,512,true],"large":["https:\/\/www.sporthiva.com\/wp-content\/uploads\/2023\/09\/000991226W-1081x720.jpg",1081,720,true],"1536x1536":["https:\/\/www.sporthiva.com\/wp-content\/uploads\/2023\/09\/000991226W-1536x1023.jpg",1536,1023,true],"2048x2048":["https:\/\/www.sporthiva.com\/wp-content\/uploads\/2023\/09\/000991226W.jpg",1800,1199,false],"alm-thumbnail":["https:\/\/www.sporthiva.com\/wp-content\/uploads\/2023\/09\/000991226W-150x150.jpg",150,150,true],"qubely_landscape":["https:\/\/www.sporthiva.com\/wp-content\/uploads\/2023\/09\/000991226W-1200x750.jpg",1200,750,true],"qubely_portrait":["https:\/\/www.sporthiva.com\/wp-content\/uploads\/2023\/09\/000991226W-540x320.jpg",540,320,true],"qubely_thumbnail":["https:\/\/www.sporthiva.com\/wp-content\/uploads\/2023\/09\/000991226W-140x100.jpg",140,100,true],"sportspress-crop-medium":["https:\/\/www.sporthiva.com\/wp-content\/uploads\/2023\/09\/000991226W-300x300.jpg",300,300,true],"sportspress-fit-medium":["https:\/\/www.sporthiva.com\/wp-content\/uploads\/2023\/09\/000991226W-300x200.jpg",300,200,true],"sportspress-fit-icon":["https:\/\/www.sporthiva.com\/wp-content\/uploads\/2023\/09\/000991226W-128x85.jpg",128,85,true],"sportspress-fit-mini":["https:\/\/www.sporthiva.com\/wp-content\/uploads\/2023\/09\/000991226W-32x21.jpg",32,21,true],"heighlights":["https:\/\/www.sporthiva.com\/wp-content\/uploads\/2023\/09\/000991226W-460x500.jpg",460,500,true],"video-thumb":["https:\/\/www.sporthiva.com\/wp-content\/uploads\/2023\/09\/000991226W-360x235.jpg",360,235,true],"video-thumb2":["https:\/\/www.sporthiva.com\/wp-content\/uploads\/2023\/09\/000991226W-360x422.jpg",360,422,true],"blog-thumb":["https:\/\/www.sporthiva.com\/wp-content\/uploads\/2023\/09\/000991226W-175x150.jpg",175,150,true],"blog-medium":["https:\/\/www.sporthiva.com\/wp-content\/uploads\/2023\/09\/000991226W-750x350.jpg",750,350,true],"blog-full":["https:\/\/www.sporthiva.com\/wp-content\/uploads\/2023\/09\/000991226W-1140x550.jpg",1140,550,true],"popular-post":["https:\/\/www.sporthiva.com\/wp-content\/uploads\/2023\/09\/000991226W-560x510.jpg",560,510,true],"heighlights-post":["https:\/\/www.sporthiva.com\/wp-content\/uploads\/2023\/09\/000991226W-262x236.jpg",262,236,true],"player-thumb":["https:\/\/www.sporthiva.com\/wp-content\/uploads\/2023\/09\/000991226W-270x150.jpg",270,150,true],"wp_rp_thumbnail":["https:\/\/www.sporthiva.com\/wp-content\/uploads\/2023\/09\/000991226W-150x150.jpg",150,150,true]},"qubely_author":{"display_name":"Evelyn Pineda","author_link":"https:\/\/www.sporthiva.com\/index.php\/author\/epineda\/"},"qubely_comment":0,"qubely_category":"<a href=\"https:\/\/www.sporthiva.com\/index.php\/category\/internacionales\/\" rel=\"category tag\">Internacionales<\/a>","qubely_excerpt":"Buenos Aires, Argentina El capit\u00e1n de la selecci\u00f3n argentina campeona del mundo, Lionel Messi, arrib\u00f3 a Buenos Aires para sumarse al equipo que se enfrentar\u00e1 a Ecuador el jueves en el debut de las eliminatorias sudamericanas al Mundial-2026. El astro aterriz\u00f3 en el aeropuerto internacional de Ezeiza por la ma\u00f1ana y se dirigi\u00f3 directamente al&nbsp;Continuar&hellip;","yoast_head":"<!-- This site is optimized with the Yoast SEO plugin v17.8 - https:\/\/yoast.com\/wordpress\/plugins\/seo\/ -->\n<title>Leo Messi se suma a la selecci\u00f3n argentina para debut ante Ecuador - Sporthiva Online<\/title>\n<meta name=\"robots\" content=\"index, follow, max-snippet:-1, max-image-preview:large, max-video-preview:-1\" \/>\n<link rel=\"canonical\" href=\"https:\/\/www.sporthiva.com\/index.php\/2023\/09\/05\/leo-messi-se-suma-a-la-seleccion-argentina-para-debut-ante-ecuador\/\" \/>\n<meta property=\"og:locale\" content=\"es_ES\" \/>\n<meta property=\"og:type\" content=\"article\" \/>\n<meta property=\"og:title\" content=\"Leo Messi se suma a la selecci\u00f3n argentina para debut ante Ecuador - Sporthiva Online\" \/>\n<meta property=\"og:description\" content=\"Buenos Aires, Argentina El capit\u00e1n de la selecci\u00f3n argentina campeona del mundo, Lionel Messi, arrib\u00f3 a Buenos Aires para sumarse al equipo que se enfrentar\u00e1 a Ecuador el jueves en el debut de las eliminatorias sudamericanas al Mundial-2026. El astro aterriz\u00f3 en el aeropuerto internacional de Ezeiza por la ma\u00f1ana y se dirigi\u00f3 directamente al&nbsp;Continuar leyendo\" \/>\n<meta property=\"og:url\" content=\"https:\/\/www.sporthiva.com\/index.php\/2023\/09\/05\/leo-messi-se-suma-a-la-seleccion-argentina-para-debut-ante-ecuador\/\" \/>\n<meta property=\"og:site_name\" content=\"Sporthiva Online\" \/>\n<meta property=\"article:published_time\" content=\"2023-09-05T16:12:25+00:00\" \/>\n<meta property=\"og:image\" content=\"https:\/\/www.sporthiva.com\/wp-content\/uploads\/2023\/09\/000991226W.jpg\" \/>\n\t<meta property=\"og:image:width\" content=\"1800\" \/>\n\t<meta property=\"og:image:height\" content=\"1199\" \/>\n<meta name=\"twitter:card\" content=\"summary\" \/>\n<meta name=\"twitter:label1\" content=\"Escrito por\" \/>\n\t<meta name=\"twitter:data1\" content=\"Evelyn Pineda\" \/>\n\t<meta name=\"twitter:label2\" content=\"Tiempo de lectura\" \/>\n\t<meta name=\"twitter:data2\" content=\"1 minuto\" \/>\n<script type=\"application\/ld+json\" class=\"yoast-schema-graph\">{\"@context\":\"https:\/\/schema.org\",\"@graph\":[{\"@type\":\"WebSite\",\"@id\":\"http:\/\/www.sporthiva.com\/#website\",\"url\":\"http:\/\/www.sporthiva.com\/\",\"name\":\"Sporthiva Online\",\"description\":\"Sporthiva Online\",\"potentialAction\":[{\"@type\":\"SearchAction\",\"target\":{\"@type\":\"EntryPoint\",\"urlTemplate\":\"http:\/\/www.sporthiva.com\/?s={search_term_string}\"},\"query-input\":\"required name=search_term_string\"}],\"inLanguage\":\"es\"},{\"@type\":\"ImageObject\",\"@id\":\"https:\/\/www.sporthiva.com\/index.php\/2023\/09\/05\/leo-messi-se-suma-a-la-seleccion-argentina-para-debut-ante-ecuador\/#primaryimage\",\"inLanguage\":\"es\",\"url\":\"https:\/\/www.sporthiva.com\/wp-content\/uploads\/2023\/09\/000991226W.jpg\",\"contentUrl\":\"https:\/\/www.sporthiva.com\/wp-content\/uploads\/2023\/09\/000991226W.jpg\",\"width\":1800,\"height\":1199},{\"@type\":\"WebPage\",\"@id\":\"https:\/\/www.sporthiva.com\/index.php\/2023\/09\/05\/leo-messi-se-suma-a-la-seleccion-argentina-para-debut-ante-ecuador\/#webpage\",\"url\":\"https:\/\/www.sporthiva.com\/index.php\/2023\/09\/05\/leo-messi-se-suma-a-la-seleccion-argentina-para-debut-ante-ecuador\/\",\"name\":\"Leo Messi se suma a la selecci\\u00f3n argentina para debut ante Ecuador - Sporthiva Online\",\"isPartOf\":{\"@id\":\"http:\/\/www.sporthiva.com\/#website\"},\"primaryImageOfPage\":{\"@id\":\"https:\/\/www.sporthiva.com\/index.php\/2023\/09\/05\/leo-messi-se-suma-a-la-seleccion-argentina-para-debut-ante-ecuador\/#primaryimage\"},\"datePublished\":\"2023-09-05T16:12:25+00:00\",\"dateModified\":\"2023-09-05T16:12:25+00:00\",\"author\":{\"@id\":\"http:\/\/www.sporthiva.com\/#\/schema\/person\/551718db343e60bf7d707f9085b1e611\"},\"breadcrumb\":{\"@id\":\"https:\/\/www.sporthiva.com\/index.php\/2023\/09\/05\/leo-messi-se-suma-a-la-seleccion-argentina-para-debut-ante-ecuador\/#breadcrumb\"},\"inLanguage\":\"es\",\"potentialAction\":[{\"@type\":\"ReadAction\",\"target\":[\"https:\/\/www.sporthiva.com\/index.php\/2023\/09\/05\/leo-messi-se-suma-a-la-seleccion-argentina-para-debut-ante-ecuador\/\"]}]},{\"@type\":\"BreadcrumbList\",\"@id\":\"https:\/\/www.sporthiva.com\/index.php\/2023\/09\/05\/leo-messi-se-suma-a-la-seleccion-argentina-para-debut-ante-ecuador\/#breadcrumb\",\"itemListElement\":[{\"@type\":\"ListItem\",\"position\":1,\"name\":\"Portada\",\"item\":\"http:\/\/www.sporthiva.com\/\"},{\"@type\":\"ListItem\",\"position\":2,\"name\":\"Leo Messi se suma a la selecci\\u00f3n argentina para debut ante Ecuador\"}]},{\"@type\":\"Person\",\"@id\":\"http:\/\/www.sporthiva.com\/#\/schema\/person\/551718db343e60bf7d707f9085b1e611\",\"name\":\"Evelyn Pineda\",\"image\":{\"@type\":\"ImageObject\",\"@id\":\"http:\/\/www.sporthiva.com\/#personlogo\",\"inLanguage\":\"es\",\"url\":\"https:\/\/secure.gravatar.com\/avatar\/73932ff8109aee94864b4504adf4d91e?s=96&d=mm&r=g\",\"contentUrl\":\"https:\/\/secure.gravatar.com\/avatar\/73932ff8109aee94864b4504adf4d91e?s=96&d=mm&r=g\",\"caption\":\"Evelyn Pineda\"},\"sameAs\":[\"http:\/\/www.sporthiva.com\/\"],\"url\":\"https:\/\/www.sporthiva.com\/index.php\/author\/epineda\/\"}]}<\/script>\n<!-- \/ Yoast SEO plugin. -->","yoast_head_json":{"title":"Leo Messi se suma a la selecci\u00f3n argentina para debut ante Ecuador - Sporthiva Online","robots":{"index":"index","follow":"follow","max-snippet":"max-snippet:-1","max-image-preview":"max-image-preview:large","max-video-preview":"max-video-preview:-1"},"canonical":"https:\/\/www.sporthiva.com\/index.php\/2023\/09\/05\/leo-messi-se-suma-a-la-seleccion-argentina-para-debut-ante-ecuador\/","og_locale":"es_ES","og_type":"article","og_title":"Leo Messi se suma a la selecci\u00f3n argentina para debut ante Ecuador - Sporthiva Online","og_description":"Buenos Aires, Argentina El capit\u00e1n de la selecci\u00f3n argentina campeona del mundo, Lionel Messi, arrib\u00f3 a Buenos Aires para sumarse al equipo que se enfrentar\u00e1 a Ecuador el jueves en el debut de las eliminatorias sudamericanas al Mundial-2026. El astro aterriz\u00f3 en el aeropuerto internacional de Ezeiza por la ma\u00f1ana y se dirigi\u00f3 directamente al&nbsp;Continuar leyendo","og_url":"https:\/\/www.sporthiva.com\/index.php\/2023\/09\/05\/leo-messi-se-suma-a-la-seleccion-argentina-para-debut-ante-ecuador\/","og_site_name":"Sporthiva Online","article_published_time":"2023-09-05T16:12:25+00:00","og_image":[{"width":1800,"height":1199,"url":"https:\/\/www.sporthiva.com\/wp-content\/uploads\/2023\/09\/000991226W.jpg","type":"image\/jpeg"}],"twitter_card":"summary","twitter_misc":{"Escrito por":"Evelyn Pineda","Tiempo de lectura":"1 minuto"},"schema":{"@context":"https:\/\/schema.org","@graph":[{"@type":"WebSite","@id":"http:\/\/www.sporthiva.com\/#website","url":"http:\/\/www.sporthiva.com\/","name":"Sporthiva Online","description":"Sporthiva Online","potentialAction":[{"@type":"SearchAction","target":{"@type":"EntryPoint","urlTemplate":"http:\/\/www.sporthiva.com\/?s={search_term_string}"},"query-input":"required name=search_term_string"}],"inLanguage":"es"},{"@type":"ImageObject","@id":"https:\/\/www.sporthiva.com\/index.php\/2023\/09\/05\/leo-messi-se-suma-a-la-seleccion-argentina-para-debut-ante-ecuador\/#primaryimage","inLanguage":"es","url":"https:\/\/www.sporthiva.com\/wp-content\/uploads\/2023\/09\/000991226W.jpg","contentUrl":"https:\/\/www.sporthiva.com\/wp-content\/uploads\/2023\/09\/000991226W.jpg","width":1800,"height":1199},{"@type":"WebPage","@id":"https:\/\/www.sporthiva.com\/index.php\/2023\/09\/05\/leo-messi-se-suma-a-la-seleccion-argentina-para-debut-ante-ecuador\/#webpage","url":"https:\/\/www.sporthiva.com\/index.php\/2023\/09\/05\/leo-messi-se-suma-a-la-seleccion-argentina-para-debut-ante-ecuador\/","name":"Leo Messi se suma a la selecci\u00f3n argentina para debut ante Ecuador - Sporthiva Online","isPartOf":{"@id":"http:\/\/www.sporthiva.com\/#website"},"primaryImageOfPage":{"@id":"https:\/\/www.sporthiva.com\/index.php\/2023\/09\/05\/leo-messi-se-suma-a-la-seleccion-argentina-para-debut-ante-ecuador\/#primaryimage"},"datePublished":"2023-09-05T16:12:25+00:00","dateModified":"2023-09-05T16:12:25+00:00","author":{"@id":"http:\/\/www.sporthiva.com\/#\/schema\/person\/551718db343e60bf7d707f9085b1e611"},"breadcrumb":{"@id":"https:\/\/www.sporthiva.com\/index.php\/2023\/09\/05\/leo-messi-se-suma-a-la-seleccion-argentina-para-debut-ante-ecuador\/#breadcrumb"},"inLanguage":"es","potentialAction":[{"@type":"ReadAction","target":["https:\/\/www.sporthiva.com\/index.php\/2023\/09\/05\/leo-messi-se-suma-a-la-seleccion-argentina-para-debut-ante-ecuador\/"]}]},{"@type":"BreadcrumbList","@id":"https:\/\/www.sporthiva.com\/index.php\/2023\/09\/05\/leo-messi-se-suma-a-la-seleccion-argentina-para-debut-ante-ecuador\/#breadcrumb","itemListElement":[{"@type":"ListItem","position":1,"name":"Portada","item":"http:\/\/www.sporthiva.com\/"},{"@type":"ListItem","position":2,"name":"Leo Messi se suma a la selecci\u00f3n argentina para debut ante Ecuador"}]},{"@type":"Person","@id":"http:\/\/www.sporthiva.com\/#\/schema\/person\/551718db343e60bf7d707f9085b1e611","name":"Evelyn Pineda","image":{"@type":"ImageObject","@id":"http:\/\/www.sporthiva.com\/#personlogo","inLanguage":"es","url":"https:\/\/secure.gravatar.com\/avatar\/73932ff8109aee94864b4504adf4d91e?s=96&d=mm&r=g","contentUrl":"https:\/\/secure.gravatar.com\/avatar\/73932ff8109aee94864b4504adf4d91e?s=96&d=mm&r=g","caption":"Evelyn Pineda"},"sameAs":["http:\/\/www.sporthiva.com\/"],"url":"https:\/\/www.sporthiva.com\/index.php\/author\/epineda\/"}]}},"_links":{"self":[{"href":"https:\/\/www.sporthiva.com\/index.php\/wp-json\/wp\/v2\/posts\/148550"}],"collection":[{"href":"https:\/\/www.sporthiva.com\/index.php\/wp-json\/wp\/v2\/posts"}],"about":[{"href":"https:\/\/www.sporthiva.com\/index.php\/wp-json\/wp\/v2\/types\/post"}],"author":[{"embeddable":true,"href":"https:\/\/www.sporthiva.com\/index.php\/wp-json\/wp\/v2\/users\/7"}],"replies":[{"embeddable":true,"href":"https:\/\/www.sporthiva.com\/index.php\/wp-json\/wp\/v2\/comments?post=148550"}],"version-history":[{"count":1,"href":"https:\/\/www.sporthiva.com\/index.php\/wp-json\/wp\/v2\/posts\/148550\/revisions"}],"predecessor-version":[{"id":148552,"href":"https:\/\/www.sporthiva.com\/index.php\/wp-json\/wp\/v2\/posts\/148550\/revisions\/148552"}],"wp:featuredmedia":[{"embeddable":true,"href":"https:\/\/www.sporthiva.com\/index.php\/wp-json\/wp\/v2\/media\/148551"}],"wp:attachment":[{"href":"https:\/\/www.sporthiva.com\/index.php\/wp-json\/wp\/v2\/media?parent=148550"}],"wp:term":[{"taxonomy":"category","embeddable":true,"href":"https:\/\/www.sporthiva.com\/index.php\/wp-json\/wp\/v2\/categories?post=148550"},{"taxonomy":"post_tag","embeddable":true,"href":"https:\/\/www.sporthiva.com\/index.php\/wp-json\/wp\/v2\/tags?post=148550"}],"curies":[{"name":"wp","href":"https:\/\/api.w.org\/{rel}","templated":true}]}}