{"id":171412,"date":"2024-08-08T17:56:34","date_gmt":"2024-08-08T23:56:34","guid":{"rendered":"http:\/\/www.sporthiva.com\/?p=171412"},"modified":"2024-08-08T17:56:34","modified_gmt":"2024-08-08T23:56:34","slug":"noah-lyles-corrio-con-covid-19-y-fue-retirado-en-silla-ruedas","status":"publish","type":"post","link":"https:\/\/www.sporthiva.com\/index.php\/2024\/08\/08\/noah-lyles-corrio-con-covid-19-y-fue-retirado-en-silla-ruedas\/","title":{"rendered":"Noah Lyles corri\u00f3 con Covid-19 y fue retirado en silla ruedas"},"content":{"rendered":"<p><strong>Par\u00eds, Francia<\/strong><\/p>\n<p>El estadounidense Noah Lyles, que este jueves logr\u00f3 el bronce ol\u00edmpico en 200 metros en Par\u00eds, indic\u00f3 despu\u00e9s de la carrera que sufre covid-19, en declaraciones a la televisi\u00f3n NBC.<\/p>\n<p>El domingo, Lyles hab\u00eda ganado la final ol\u00edmpica de 100 metros y los 200 metros es su especialidad, por lo que se esperaba que pudiera conseguir el doblete de la velocidad. Sin embargo, el ganador de la carrera fue el botsuano Letsile Tebogo (19.46) y Lyles solo pudo ser bronce (19.70), como hace tres a\u00f1os en Tokio.<\/p>\n<p><strong>Vea adem\u00e1s: <\/strong><a href=\"http:\/\/www.sporthiva.com\/index.php\/2024\/08\/08\/alberth-elis-viajo-a-francia-para-resolver-su-futuro-con-el-girondins-de-burdeos\/\"><strong>Alberth Elis viaj\u00f3 a Francia para resolver su futuro con el Girondins de Burdeos<\/strong><\/a><\/p>\n<p>\u00abQuer\u00eda correr. Me dijeron que era posible, as\u00ed que simplemente me apart\u00e9 del resto\u00bb, indic\u00f3. El mi\u00e9rcoles particip\u00f3 en las semifinales. \u00abDe los tres \u00faltimos d\u00edas, esta jornada ha sido de lejos la mejor. No puedo decir que estoy al 100%, m\u00e1s bien al 90 o 95%\u00bb, a\u00f1adi\u00f3.<\/p>\n<p>El covid-19 se invit\u00f3 a los Juegos Ol\u00edmpicos de Par\u00eds desde el inicio de las competiciones hace dos semanas.<\/p>\n<p><strong>Le interesa tambi\u00e9n: <a href=\"http:\/\/www.sporthiva.com\/index.php\/2024\/08\/08\/reinaldo-rueda-habla-del-fichaje-del-choco-lozano-por-santos-de-mexico-y-del-consejo-que-dio-a-romell-quioto\/\">Reinaldo Rueda habla del fichaje del \u2018Choco\u2019 Lozano por Santos de M\u00e9xico y del consejo que dio a Romell Quioto<\/a><\/strong><\/p>\n<p>El 6 de agosto, el sistema de vigilancia de la Organizaci\u00f3n Mundial de la Salud (OMS), \u00abque analiza las informaciones de los medios y otras fuentes verificadas, indicaba que al menos 40 atletas ol\u00edmpicos hab\u00edan dado positivo al covid-19 o a otras enfermedades respiratorias\u00bb, indic\u00f3 el organismo el mi\u00e9rcoles.<\/p>\n","protected":false},"excerpt":{"rendered":"<p>Par\u00eds, Francia El estadounidense Noah Lyles, que este jueves logr\u00f3 el bronce ol\u00edmpico en 200 metros en Par\u00eds, indic\u00f3 despu\u00e9s de la carrera que sufre covid-19, en declaraciones a la televisi\u00f3n NBC. El domingo, Lyles hab\u00eda ganado la final ol\u00edmpica de 100 metros y los 200 metros es su especialidad, por lo que se esperaba&nbsp;<\/p>\n<p><a class=\"btn btn-style\" href=\"https:\/\/www.sporthiva.com\/index.php\/2024\/08\/08\/noah-lyles-corrio-con-covid-19-y-fue-retirado-en-silla-ruedas\/\">Continuar leyendo<\/a><\/p>\n","protected":false},"author":7,"featured_media":171420,"comment_status":"open","ping_status":"open","sticky":false,"template":"","format":"standard","meta":{"qubely_global_settings":"","qubely_interactions":""},"categories":[561],"tags":[718,4693],"qubely_featured_image_url":{"full":["https:\/\/www.sporthiva.com\/wp-content\/uploads\/2024\/08\/noah-lyles-final-200-metros-covid-19-bronce-paris-2024-juegos-olimpicos-3-08082024.jpg",1170,662,false],"landscape":["https:\/\/www.sporthiva.com\/wp-content\/uploads\/2024\/08\/noah-lyles-final-200-metros-covid-19-bronce-paris-2024-juegos-olimpicos-3-08082024.jpg",1170,662,false],"portraits":["https:\/\/www.sporthiva.com\/wp-content\/uploads\/2024\/08\/noah-lyles-final-200-metros-covid-19-bronce-paris-2024-juegos-olimpicos-3-08082024-540x320.jpg",540,320,true],"thumbnail":["https:\/\/www.sporthiva.com\/wp-content\/uploads\/2024\/08\/noah-lyles-final-200-metros-covid-19-bronce-paris-2024-juegos-olimpicos-3-08082024-150x150.jpg",150,150,true],"medium":["https:\/\/www.sporthiva.com\/wp-content\/uploads\/2024\/08\/noah-lyles-final-200-metros-covid-19-bronce-paris-2024-juegos-olimpicos-3-08082024-670x379.jpg",670,379,true],"medium_large":["https:\/\/www.sporthiva.com\/wp-content\/uploads\/2024\/08\/noah-lyles-final-200-metros-covid-19-bronce-paris-2024-juegos-olimpicos-3-08082024-768x435.jpg",768,435,true],"large":["https:\/\/www.sporthiva.com\/wp-content\/uploads\/2024\/08\/noah-lyles-final-200-metros-covid-19-bronce-paris-2024-juegos-olimpicos-3-08082024.jpg",1170,662,false],"1536x1536":["https:\/\/www.sporthiva.com\/wp-content\/uploads\/2024\/08\/noah-lyles-final-200-metros-covid-19-bronce-paris-2024-juegos-olimpicos-3-08082024.jpg",1170,662,false],"2048x2048":["https:\/\/www.sporthiva.com\/wp-content\/uploads\/2024\/08\/noah-lyles-final-200-metros-covid-19-bronce-paris-2024-juegos-olimpicos-3-08082024.jpg",1170,662,false],"alm-thumbnail":["https:\/\/www.sporthiva.com\/wp-content\/uploads\/2024\/08\/noah-lyles-final-200-metros-covid-19-bronce-paris-2024-juegos-olimpicos-3-08082024-150x150.jpg",150,150,true],"qubely_landscape":["https:\/\/www.sporthiva.com\/wp-content\/uploads\/2024\/08\/noah-lyles-final-200-metros-covid-19-bronce-paris-2024-juegos-olimpicos-3-08082024.jpg",1170,662,false],"qubely_portrait":["https:\/\/www.sporthiva.com\/wp-content\/uploads\/2024\/08\/noah-lyles-final-200-metros-covid-19-bronce-paris-2024-juegos-olimpicos-3-08082024-540x320.jpg",540,320,true],"qubely_thumbnail":["https:\/\/www.sporthiva.com\/wp-content\/uploads\/2024\/08\/noah-lyles-final-200-metros-covid-19-bronce-paris-2024-juegos-olimpicos-3-08082024-140x100.jpg",140,100,true],"sportspress-crop-medium":["https:\/\/www.sporthiva.com\/wp-content\/uploads\/2024\/08\/noah-lyles-final-200-metros-covid-19-bronce-paris-2024-juegos-olimpicos-3-08082024-300x300.jpg",300,300,true],"sportspress-fit-medium":["https:\/\/www.sporthiva.com\/wp-content\/uploads\/2024\/08\/noah-lyles-final-200-metros-covid-19-bronce-paris-2024-juegos-olimpicos-3-08082024-300x170.jpg",300,170,true],"sportspress-fit-icon":["https:\/\/www.sporthiva.com\/wp-content\/uploads\/2024\/08\/noah-lyles-final-200-metros-covid-19-bronce-paris-2024-juegos-olimpicos-3-08082024-128x72.jpg",128,72,true],"sportspress-fit-mini":["https:\/\/www.sporthiva.com\/wp-content\/uploads\/2024\/08\/noah-lyles-final-200-metros-covid-19-bronce-paris-2024-juegos-olimpicos-3-08082024-32x18.jpg",32,18,true],"heighlights":["https:\/\/www.sporthiva.com\/wp-content\/uploads\/2024\/08\/noah-lyles-final-200-metros-covid-19-bronce-paris-2024-juegos-olimpicos-3-08082024-460x500.jpg",460,500,true],"video-thumb":["https:\/\/www.sporthiva.com\/wp-content\/uploads\/2024\/08\/noah-lyles-final-200-metros-covid-19-bronce-paris-2024-juegos-olimpicos-3-08082024-360x235.jpg",360,235,true],"video-thumb2":["https:\/\/www.sporthiva.com\/wp-content\/uploads\/2024\/08\/noah-lyles-final-200-metros-covid-19-bronce-paris-2024-juegos-olimpicos-3-08082024-360x422.jpg",360,422,true],"blog-thumb":["https:\/\/www.sporthiva.com\/wp-content\/uploads\/2024\/08\/noah-lyles-final-200-metros-covid-19-bronce-paris-2024-juegos-olimpicos-3-08082024-175x150.jpg",175,150,true],"blog-medium":["https:\/\/www.sporthiva.com\/wp-content\/uploads\/2024\/08\/noah-lyles-final-200-metros-covid-19-bronce-paris-2024-juegos-olimpicos-3-08082024-750x350.jpg",750,350,true],"blog-full":["https:\/\/www.sporthiva.com\/wp-content\/uploads\/2024\/08\/noah-lyles-final-200-metros-covid-19-bronce-paris-2024-juegos-olimpicos-3-08082024-1140x550.jpg",1140,550,true],"popular-post":["https:\/\/www.sporthiva.com\/wp-content\/uploads\/2024\/08\/noah-lyles-final-200-metros-covid-19-bronce-paris-2024-juegos-olimpicos-3-08082024-560x510.jpg",560,510,true],"heighlights-post":["https:\/\/www.sporthiva.com\/wp-content\/uploads\/2024\/08\/noah-lyles-final-200-metros-covid-19-bronce-paris-2024-juegos-olimpicos-3-08082024-262x236.jpg",262,236,true],"player-thumb":["https:\/\/www.sporthiva.com\/wp-content\/uploads\/2024\/08\/noah-lyles-final-200-metros-covid-19-bronce-paris-2024-juegos-olimpicos-3-08082024-270x150.jpg",270,150,true],"wp_rp_thumbnail":["https:\/\/www.sporthiva.com\/wp-content\/uploads\/2024\/08\/noah-lyles-final-200-metros-covid-19-bronce-paris-2024-juegos-olimpicos-3-08082024-150x150.jpg",150,150,true]},"qubely_author":{"display_name":"Evelyn Pineda","author_link":"https:\/\/www.sporthiva.com\/index.php\/author\/epineda\/"},"qubely_comment":0,"qubely_category":"<a href=\"https:\/\/www.sporthiva.com\/index.php\/category\/otros-deportes\/\" rel=\"category tag\">Otros deportes<\/a>","qubely_excerpt":"Par\u00eds, Francia El estadounidense Noah Lyles, que este jueves logr\u00f3 el bronce ol\u00edmpico en 200 metros en Par\u00eds, indic\u00f3 despu\u00e9s de la carrera que sufre covid-19, en declaraciones a la televisi\u00f3n NBC. El domingo, Lyles hab\u00eda ganado la final ol\u00edmpica de 100 metros y los 200 metros es su especialidad, por lo que se esperaba&nbsp;Continuar&hellip;","yoast_head":"<!-- This site is optimized with the Yoast SEO plugin v17.8 - https:\/\/yoast.com\/wordpress\/plugins\/seo\/ -->\n<title>Noah Lyles corri\u00f3 con Covid-19 y fue retirado en silla ruedas - Sporthiva Online<\/title>\n<meta name=\"robots\" content=\"index, follow, max-snippet:-1, max-image-preview:large, max-video-preview:-1\" \/>\n<link rel=\"canonical\" href=\"https:\/\/www.sporthiva.com\/index.php\/2024\/08\/08\/noah-lyles-corrio-con-covid-19-y-fue-retirado-en-silla-ruedas\/\" \/>\n<meta property=\"og:locale\" content=\"es_ES\" \/>\n<meta property=\"og:type\" content=\"article\" \/>\n<meta property=\"og:title\" content=\"Noah Lyles corri\u00f3 con Covid-19 y fue retirado en silla ruedas - Sporthiva Online\" \/>\n<meta property=\"og:description\" content=\"Par\u00eds, Francia El estadounidense Noah Lyles, que este jueves logr\u00f3 el bronce ol\u00edmpico en 200 metros en Par\u00eds, indic\u00f3 despu\u00e9s de la carrera que sufre covid-19, en declaraciones a la televisi\u00f3n NBC. El domingo, Lyles hab\u00eda ganado la final ol\u00edmpica de 100 metros y los 200 metros es su especialidad, por lo que se esperaba&nbsp;Continuar leyendo\" \/>\n<meta property=\"og:url\" content=\"https:\/\/www.sporthiva.com\/index.php\/2024\/08\/08\/noah-lyles-corrio-con-covid-19-y-fue-retirado-en-silla-ruedas\/\" \/>\n<meta property=\"og:site_name\" content=\"Sporthiva Online\" \/>\n<meta property=\"article:published_time\" content=\"2024-08-08T23:56:34+00:00\" \/>\n<meta property=\"og:image\" content=\"https:\/\/www.sporthiva.com\/wp-content\/uploads\/2024\/08\/noah-lyles-final-200-metros-covid-19-bronce-paris-2024-juegos-olimpicos-3-08082024.jpg\" \/>\n\t<meta property=\"og:image:width\" content=\"1170\" \/>\n\t<meta property=\"og:image:height\" content=\"662\" \/>\n<meta name=\"twitter:card\" content=\"summary\" \/>\n<meta name=\"twitter:label1\" content=\"Escrito por\" \/>\n\t<meta name=\"twitter:data1\" content=\"Evelyn Pineda\" \/>\n\t<meta name=\"twitter:label2\" content=\"Tiempo de lectura\" \/>\n\t<meta name=\"twitter:data2\" content=\"1 minuto\" \/>\n<script type=\"application\/ld+json\" class=\"yoast-schema-graph\">{\"@context\":\"https:\/\/schema.org\",\"@graph\":[{\"@type\":\"WebSite\",\"@id\":\"http:\/\/www.sporthiva.com\/#website\",\"url\":\"http:\/\/www.sporthiva.com\/\",\"name\":\"Sporthiva Online\",\"description\":\"Sporthiva Online\",\"potentialAction\":[{\"@type\":\"SearchAction\",\"target\":{\"@type\":\"EntryPoint\",\"urlTemplate\":\"http:\/\/www.sporthiva.com\/?s={search_term_string}\"},\"query-input\":\"required name=search_term_string\"}],\"inLanguage\":\"es\"},{\"@type\":\"ImageObject\",\"@id\":\"https:\/\/www.sporthiva.com\/index.php\/2024\/08\/08\/noah-lyles-corrio-con-covid-19-y-fue-retirado-en-silla-ruedas\/#primaryimage\",\"inLanguage\":\"es\",\"url\":\"https:\/\/www.sporthiva.com\/wp-content\/uploads\/2024\/08\/noah-lyles-final-200-metros-covid-19-bronce-paris-2024-juegos-olimpicos-3-08082024.jpg\",\"contentUrl\":\"https:\/\/www.sporthiva.com\/wp-content\/uploads\/2024\/08\/noah-lyles-final-200-metros-covid-19-bronce-paris-2024-juegos-olimpicos-3-08082024.jpg\",\"width\":1170,\"height\":662},{\"@type\":\"WebPage\",\"@id\":\"https:\/\/www.sporthiva.com\/index.php\/2024\/08\/08\/noah-lyles-corrio-con-covid-19-y-fue-retirado-en-silla-ruedas\/#webpage\",\"url\":\"https:\/\/www.sporthiva.com\/index.php\/2024\/08\/08\/noah-lyles-corrio-con-covid-19-y-fue-retirado-en-silla-ruedas\/\",\"name\":\"Noah Lyles corri\\u00f3 con Covid-19 y fue retirado en silla ruedas - Sporthiva Online\",\"isPartOf\":{\"@id\":\"http:\/\/www.sporthiva.com\/#website\"},\"primaryImageOfPage\":{\"@id\":\"https:\/\/www.sporthiva.com\/index.php\/2024\/08\/08\/noah-lyles-corrio-con-covid-19-y-fue-retirado-en-silla-ruedas\/#primaryimage\"},\"datePublished\":\"2024-08-08T23:56:34+00:00\",\"dateModified\":\"2024-08-08T23:56:34+00:00\",\"author\":{\"@id\":\"http:\/\/www.sporthiva.com\/#\/schema\/person\/551718db343e60bf7d707f9085b1e611\"},\"breadcrumb\":{\"@id\":\"https:\/\/www.sporthiva.com\/index.php\/2024\/08\/08\/noah-lyles-corrio-con-covid-19-y-fue-retirado-en-silla-ruedas\/#breadcrumb\"},\"inLanguage\":\"es\",\"potentialAction\":[{\"@type\":\"ReadAction\",\"target\":[\"https:\/\/www.sporthiva.com\/index.php\/2024\/08\/08\/noah-lyles-corrio-con-covid-19-y-fue-retirado-en-silla-ruedas\/\"]}]},{\"@type\":\"BreadcrumbList\",\"@id\":\"https:\/\/www.sporthiva.com\/index.php\/2024\/08\/08\/noah-lyles-corrio-con-covid-19-y-fue-retirado-en-silla-ruedas\/#breadcrumb\",\"itemListElement\":[{\"@type\":\"ListItem\",\"position\":1,\"name\":\"Portada\",\"item\":\"http:\/\/www.sporthiva.com\/\"},{\"@type\":\"ListItem\",\"position\":2,\"name\":\"Noah Lyles corri\\u00f3 con Covid-19 y fue retirado en silla ruedas\"}]},{\"@type\":\"Person\",\"@id\":\"http:\/\/www.sporthiva.com\/#\/schema\/person\/551718db343e60bf7d707f9085b1e611\",\"name\":\"Evelyn Pineda\",\"image\":{\"@type\":\"ImageObject\",\"@id\":\"http:\/\/www.sporthiva.com\/#personlogo\",\"inLanguage\":\"es\",\"url\":\"https:\/\/secure.gravatar.com\/avatar\/73932ff8109aee94864b4504adf4d91e?s=96&d=mm&r=g\",\"contentUrl\":\"https:\/\/secure.gravatar.com\/avatar\/73932ff8109aee94864b4504adf4d91e?s=96&d=mm&r=g\",\"caption\":\"Evelyn Pineda\"},\"sameAs\":[\"http:\/\/www.sporthiva.com\/\"],\"url\":\"https:\/\/www.sporthiva.com\/index.php\/author\/epineda\/\"}]}<\/script>\n<!-- \/ Yoast SEO plugin. -->","yoast_head_json":{"title":"Noah Lyles corri\u00f3 con Covid-19 y fue retirado en silla ruedas - Sporthiva Online","robots":{"index":"index","follow":"follow","max-snippet":"max-snippet:-1","max-image-preview":"max-image-preview:large","max-video-preview":"max-video-preview:-1"},"canonical":"https:\/\/www.sporthiva.com\/index.php\/2024\/08\/08\/noah-lyles-corrio-con-covid-19-y-fue-retirado-en-silla-ruedas\/","og_locale":"es_ES","og_type":"article","og_title":"Noah Lyles corri\u00f3 con Covid-19 y fue retirado en silla ruedas - Sporthiva Online","og_description":"Par\u00eds, Francia El estadounidense Noah Lyles, que este jueves logr\u00f3 el bronce ol\u00edmpico en 200 metros en Par\u00eds, indic\u00f3 despu\u00e9s de la carrera que sufre covid-19, en declaraciones a la televisi\u00f3n NBC. El domingo, Lyles hab\u00eda ganado la final ol\u00edmpica de 100 metros y los 200 metros es su especialidad, por lo que se esperaba&nbsp;Continuar leyendo","og_url":"https:\/\/www.sporthiva.com\/index.php\/2024\/08\/08\/noah-lyles-corrio-con-covid-19-y-fue-retirado-en-silla-ruedas\/","og_site_name":"Sporthiva Online","article_published_time":"2024-08-08T23:56:34+00:00","og_image":[{"width":1170,"height":662,"url":"https:\/\/www.sporthiva.com\/wp-content\/uploads\/2024\/08\/noah-lyles-final-200-metros-covid-19-bronce-paris-2024-juegos-olimpicos-3-08082024.jpg","type":"image\/jpeg"}],"twitter_card":"summary","twitter_misc":{"Escrito por":"Evelyn Pineda","Tiempo de lectura":"1 minuto"},"schema":{"@context":"https:\/\/schema.org","@graph":[{"@type":"WebSite","@id":"http:\/\/www.sporthiva.com\/#website","url":"http:\/\/www.sporthiva.com\/","name":"Sporthiva Online","description":"Sporthiva Online","potentialAction":[{"@type":"SearchAction","target":{"@type":"EntryPoint","urlTemplate":"http:\/\/www.sporthiva.com\/?s={search_term_string}"},"query-input":"required name=search_term_string"}],"inLanguage":"es"},{"@type":"ImageObject","@id":"https:\/\/www.sporthiva.com\/index.php\/2024\/08\/08\/noah-lyles-corrio-con-covid-19-y-fue-retirado-en-silla-ruedas\/#primaryimage","inLanguage":"es","url":"https:\/\/www.sporthiva.com\/wp-content\/uploads\/2024\/08\/noah-lyles-final-200-metros-covid-19-bronce-paris-2024-juegos-olimpicos-3-08082024.jpg","contentUrl":"https:\/\/www.sporthiva.com\/wp-content\/uploads\/2024\/08\/noah-lyles-final-200-metros-covid-19-bronce-paris-2024-juegos-olimpicos-3-08082024.jpg","width":1170,"height":662},{"@type":"WebPage","@id":"https:\/\/www.sporthiva.com\/index.php\/2024\/08\/08\/noah-lyles-corrio-con-covid-19-y-fue-retirado-en-silla-ruedas\/#webpage","url":"https:\/\/www.sporthiva.com\/index.php\/2024\/08\/08\/noah-lyles-corrio-con-covid-19-y-fue-retirado-en-silla-ruedas\/","name":"Noah Lyles corri\u00f3 con Covid-19 y fue retirado en silla ruedas - Sporthiva Online","isPartOf":{"@id":"http:\/\/www.sporthiva.com\/#website"},"primaryImageOfPage":{"@id":"https:\/\/www.sporthiva.com\/index.php\/2024\/08\/08\/noah-lyles-corrio-con-covid-19-y-fue-retirado-en-silla-ruedas\/#primaryimage"},"datePublished":"2024-08-08T23:56:34+00:00","dateModified":"2024-08-08T23:56:34+00:00","author":{"@id":"http:\/\/www.sporthiva.com\/#\/schema\/person\/551718db343e60bf7d707f9085b1e611"},"breadcrumb":{"@id":"https:\/\/www.sporthiva.com\/index.php\/2024\/08\/08\/noah-lyles-corrio-con-covid-19-y-fue-retirado-en-silla-ruedas\/#breadcrumb"},"inLanguage":"es","potentialAction":[{"@type":"ReadAction","target":["https:\/\/www.sporthiva.com\/index.php\/2024\/08\/08\/noah-lyles-corrio-con-covid-19-y-fue-retirado-en-silla-ruedas\/"]}]},{"@type":"BreadcrumbList","@id":"https:\/\/www.sporthiva.com\/index.php\/2024\/08\/08\/noah-lyles-corrio-con-covid-19-y-fue-retirado-en-silla-ruedas\/#breadcrumb","itemListElement":[{"@type":"ListItem","position":1,"name":"Portada","item":"http:\/\/www.sporthiva.com\/"},{"@type":"ListItem","position":2,"name":"Noah Lyles corri\u00f3 con Covid-19 y fue retirado en silla ruedas"}]},{"@type":"Person","@id":"http:\/\/www.sporthiva.com\/#\/schema\/person\/551718db343e60bf7d707f9085b1e611","name":"Evelyn Pineda","image":{"@type":"ImageObject","@id":"http:\/\/www.sporthiva.com\/#personlogo","inLanguage":"es","url":"https:\/\/secure.gravatar.com\/avatar\/73932ff8109aee94864b4504adf4d91e?s=96&d=mm&r=g","contentUrl":"https:\/\/secure.gravatar.com\/avatar\/73932ff8109aee94864b4504adf4d91e?s=96&d=mm&r=g","caption":"Evelyn Pineda"},"sameAs":["http:\/\/www.sporthiva.com\/"],"url":"https:\/\/www.sporthiva.com\/index.php\/author\/epineda\/"}]}},"_links":{"self":[{"href":"https:\/\/www.sporthiva.com\/index.php\/wp-json\/wp\/v2\/posts\/171412"}],"collection":[{"href":"https:\/\/www.sporthiva.com\/index.php\/wp-json\/wp\/v2\/posts"}],"about":[{"href":"https:\/\/www.sporthiva.com\/index.php\/wp-json\/wp\/v2\/types\/post"}],"author":[{"embeddable":true,"href":"https:\/\/www.sporthiva.com\/index.php\/wp-json\/wp\/v2\/users\/7"}],"replies":[{"embeddable":true,"href":"https:\/\/www.sporthiva.com\/index.php\/wp-json\/wp\/v2\/comments?post=171412"}],"version-history":[{"count":1,"href":"https:\/\/www.sporthiva.com\/index.php\/wp-json\/wp\/v2\/posts\/171412\/revisions"}],"predecessor-version":[{"id":171421,"href":"https:\/\/www.sporthiva.com\/index.php\/wp-json\/wp\/v2\/posts\/171412\/revisions\/171421"}],"wp:featuredmedia":[{"embeddable":true,"href":"https:\/\/www.sporthiva.com\/index.php\/wp-json\/wp\/v2\/media\/171420"}],"wp:attachment":[{"href":"https:\/\/www.sporthiva.com\/index.php\/wp-json\/wp\/v2\/media?parent=171412"}],"wp:term":[{"taxonomy":"category","embeddable":true,"href":"https:\/\/www.sporthiva.com\/index.php\/wp-json\/wp\/v2\/categories?post=171412"},{"taxonomy":"post_tag","embeddable":true,"href":"https:\/\/www.sporthiva.com\/index.php\/wp-json\/wp\/v2\/tags?post=171412"}],"curies":[{"name":"wp","href":"https:\/\/api.w.org\/{rel}","templated":true}]}}