{"id":175445,"date":"2024-10-07T21:04:33","date_gmt":"2024-10-08T03:04:33","guid":{"rendered":"http:\/\/www.sporthiva.com\/?p=175445"},"modified":"2024-10-07T21:04:33","modified_gmt":"2024-10-08T03:04:33","slug":"michaell-chirinos-primera-baja-de-la-seleccion-de-honduras","status":"publish","type":"post","link":"https:\/\/www.sporthiva.com\/index.php\/2024\/10\/07\/michaell-chirinos-primera-baja-de-la-seleccion-de-honduras\/","title":{"rendered":"Michaell Chirinos, primera baja de la Selecci\u00f3n de Honduras"},"content":{"rendered":"<p><strong>Tegucigalpa, Honduras<\/strong><\/p>\n<p>Malas noticias para la Selecci\u00f3n de Honduras que pierde al delantero Michaell Chirinos para los duelos que cerrar\u00e1n la fase de grupos de la Liga de Naciones de la Concacaf, visitando a Guayana Francesa y Jamaica los d\u00edas 10 y 14 de octubre.<\/p>\n<p class=\"p-n2\" data-position=\"2\">Este lunes se confirm\u00f3 que el habilidoso futbolista de 29 a\u00f1os presenta un traumatismo en su rodilla derecha la cual sufri\u00f3 la noche del domingo en el cl\u00e1sico nacional donde Olimpia empat\u00f3 sin goles ante Marath\u00f3n, en el cierre de la jornada 11 del torneo Apertura 2024-2025 de la Liga Nacional de Honduras.<\/p>\n<p data-position=\"2\"><strong>Vea adem\u00e1s: <\/strong><a href=\"http:\/\/www.sporthiva.com\/index.php\/2024\/10\/07\/una-brasil-mermada-por-las-bajas-se-ejercita-de-cara-al-partido-con-chile\/\"><strong>Una Brasil mermada por las bajas se ejercita de cara al partido con Chile<\/strong><\/a><\/p>\n<p data-position=\"3\">El habilidoso jugador fue reemplazado a los 83 minutos por Josman Figueroa e inclusive fue retirado en camilla en el Cl\u00e1sico Nacional y tendr\u00e1 un reposo de dos semanas, por lo que someter\u00e1 a terapias de recuperaci\u00f3n generativa y se perder\u00e1 los pr\u00f3ximos compromisos contra Victoria y Motagua por el torneo local.<\/p>\n<p data-position=\"3\">Honduras pierde a una pieza importante que se perfilaba como el reemplazo de Luis Enrique Palma, quien no fue convocado por su bajo nivel que presenta en el Celtic de Escocia.<\/p>\n<p data-position=\"3\">Para los juegos ante Guayana Francesa y Jamaica, el t\u00e9cnico Reinaldo Rueda, convoc\u00f3 a 27 jugadores y tras conocer la lesi\u00f3n de Chirinos, advirti\u00f3 que no llamar\u00e1 a ning\u00fan futbolista de emergencia.<\/p>\n<p data-position=\"3\"><strong>Le interesa tambi\u00e9n: <\/strong><a href=\"http:\/\/www.sporthiva.com\/index.php\/2024\/10\/07\/jhon-jairo-lopez-asume-el-reto-de-salvar-al-genesis-y-clasificarlo-a-la-liguilla\/\"><strong>Jhon Jairo L\u00f3pez asume el reto de salvar al G\u00e9nesis y clasificarlo a la liguilla<\/strong><\/a><\/p>\n<p data-position=\"3\">\u00abLo he considerado, pero no voy a reemplazarlo, normalmente se convocan tres jugadores de m\u00e1s de los que se llaman oficialmente. No se har\u00eda tambi\u00e9n por temas de documentaci\u00f3n: la vacuna de fiebre amarilla y VISA Waiver. Pero con estos jugadores esperamos salir con la n\u00f3mina completa\u00bb, explic\u00f3 Rueda.<\/p>\n<p data-position=\"3\">La selecci\u00f3n de Honduras tienen previsto viajar a Guayana este martes al mediod\u00eda en un vuelo ch\u00e1rter.<\/p>\n","protected":false},"excerpt":{"rendered":"<p>Tegucigalpa, Honduras Malas noticias para la Selecci\u00f3n de Honduras que pierde al delantero Michaell Chirinos para los duelos que cerrar\u00e1n la fase de grupos de la Liga de Naciones de la Concacaf, visitando a Guayana Francesa y Jamaica los d\u00edas 10 y 14 de octubre. Este lunes se confirm\u00f3 que el habilidoso futbolista de 29&nbsp;<\/p>\n<p><a class=\"btn btn-style\" href=\"https:\/\/www.sporthiva.com\/index.php\/2024\/10\/07\/michaell-chirinos-primera-baja-de-la-seleccion-de-honduras\/\">Continuar leyendo<\/a><\/p>\n","protected":false},"author":7,"featured_media":175446,"comment_status":"open","ping_status":"open","sticky":false,"template":"","format":"standard","meta":{"qubely_global_settings":"","qubely_interactions":""},"categories":[12],"tags":[1978,3280],"qubely_featured_image_url":{"full":["https:\/\/www.sporthiva.com\/wp-content\/uploads\/2024\/10\/Michaell_Chirinos_baja.jpg",1200,675,false],"landscape":["https:\/\/www.sporthiva.com\/wp-content\/uploads\/2024\/10\/Michaell_Chirinos_baja.jpg",1200,675,false],"portraits":["https:\/\/www.sporthiva.com\/wp-content\/uploads\/2024\/10\/Michaell_Chirinos_baja-540x320.jpg",540,320,true],"thumbnail":["https:\/\/www.sporthiva.com\/wp-content\/uploads\/2024\/10\/Michaell_Chirinos_baja-150x150.jpg",150,150,true],"medium":["https:\/\/www.sporthiva.com\/wp-content\/uploads\/2024\/10\/Michaell_Chirinos_baja-675x379.jpg",675,379,true],"medium_large":["https:\/\/www.sporthiva.com\/wp-content\/uploads\/2024\/10\/Michaell_Chirinos_baja-768x432.jpg",768,432,true],"large":["https:\/\/www.sporthiva.com\/wp-content\/uploads\/2024\/10\/Michaell_Chirinos_baja.jpg",1200,675,false],"1536x1536":["https:\/\/www.sporthiva.com\/wp-content\/uploads\/2024\/10\/Michaell_Chirinos_baja.jpg",1200,675,false],"2048x2048":["https:\/\/www.sporthiva.com\/wp-content\/uploads\/2024\/10\/Michaell_Chirinos_baja.jpg",1200,675,false],"alm-thumbnail":["https:\/\/www.sporthiva.com\/wp-content\/uploads\/2024\/10\/Michaell_Chirinos_baja-150x150.jpg",150,150,true],"qubely_landscape":["https:\/\/www.sporthiva.com\/wp-content\/uploads\/2024\/10\/Michaell_Chirinos_baja.jpg",1200,675,false],"qubely_portrait":["https:\/\/www.sporthiva.com\/wp-content\/uploads\/2024\/10\/Michaell_Chirinos_baja-540x320.jpg",540,320,true],"qubely_thumbnail":["https:\/\/www.sporthiva.com\/wp-content\/uploads\/2024\/10\/Michaell_Chirinos_baja-140x100.jpg",140,100,true],"sportspress-crop-medium":["https:\/\/www.sporthiva.com\/wp-content\/uploads\/2024\/10\/Michaell_Chirinos_baja-300x300.jpg",300,300,true],"sportspress-fit-medium":["https:\/\/www.sporthiva.com\/wp-content\/uploads\/2024\/10\/Michaell_Chirinos_baja-300x169.jpg",300,169,true],"sportspress-fit-icon":["https:\/\/www.sporthiva.com\/wp-content\/uploads\/2024\/10\/Michaell_Chirinos_baja-128x72.jpg",128,72,true],"sportspress-fit-mini":["https:\/\/www.sporthiva.com\/wp-content\/uploads\/2024\/10\/Michaell_Chirinos_baja-32x18.jpg",32,18,true],"heighlights":["https:\/\/www.sporthiva.com\/wp-content\/uploads\/2024\/10\/Michaell_Chirinos_baja-460x500.jpg",460,500,true],"video-thumb":["https:\/\/www.sporthiva.com\/wp-content\/uploads\/2024\/10\/Michaell_Chirinos_baja-360x235.jpg",360,235,true],"video-thumb2":["https:\/\/www.sporthiva.com\/wp-content\/uploads\/2024\/10\/Michaell_Chirinos_baja-360x422.jpg",360,422,true],"blog-thumb":["https:\/\/www.sporthiva.com\/wp-content\/uploads\/2024\/10\/Michaell_Chirinos_baja-175x150.jpg",175,150,true],"blog-medium":["https:\/\/www.sporthiva.com\/wp-content\/uploads\/2024\/10\/Michaell_Chirinos_baja-750x350.jpg",750,350,true],"blog-full":["https:\/\/www.sporthiva.com\/wp-content\/uploads\/2024\/10\/Michaell_Chirinos_baja-1140x550.jpg",1140,550,true],"popular-post":["https:\/\/www.sporthiva.com\/wp-content\/uploads\/2024\/10\/Michaell_Chirinos_baja-560x510.jpg",560,510,true],"heighlights-post":["https:\/\/www.sporthiva.com\/wp-content\/uploads\/2024\/10\/Michaell_Chirinos_baja-262x236.jpg",262,236,true],"player-thumb":["https:\/\/www.sporthiva.com\/wp-content\/uploads\/2024\/10\/Michaell_Chirinos_baja-270x150.jpg",270,150,true],"wp_rp_thumbnail":["https:\/\/www.sporthiva.com\/wp-content\/uploads\/2024\/10\/Michaell_Chirinos_baja-150x150.jpg",150,150,true]},"qubely_author":{"display_name":"Evelyn Pineda","author_link":"https:\/\/www.sporthiva.com\/index.php\/author\/epineda\/"},"qubely_comment":0,"qubely_category":"<a href=\"https:\/\/www.sporthiva.com\/index.php\/category\/noticias\/\" rel=\"category tag\">Noticias<\/a>","qubely_excerpt":"Tegucigalpa, Honduras Malas noticias para la Selecci\u00f3n de Honduras que pierde al delantero Michaell Chirinos para los duelos que cerrar\u00e1n la fase de grupos de la Liga de Naciones de la Concacaf, visitando a Guayana Francesa y Jamaica los d\u00edas 10 y 14 de octubre. Este lunes se confirm\u00f3 que el habilidoso futbolista de 29&nbsp;Continuar&hellip;","yoast_head":"<!-- This site is optimized with the Yoast SEO plugin v17.8 - https:\/\/yoast.com\/wordpress\/plugins\/seo\/ -->\n<title>Michaell Chirinos, primera baja de la Selecci\u00f3n de Honduras - Sporthiva Online<\/title>\n<meta name=\"robots\" content=\"index, follow, max-snippet:-1, max-image-preview:large, max-video-preview:-1\" \/>\n<link rel=\"canonical\" href=\"http:\/\/www.sporthiva.com\/index.php\/2024\/10\/07\/michaell-chirinos-primera-baja-de-la-seleccion-de-honduras\/\" \/>\n<meta property=\"og:locale\" content=\"es_ES\" \/>\n<meta property=\"og:type\" content=\"article\" \/>\n<meta property=\"og:title\" content=\"Michaell Chirinos, primera baja de la Selecci\u00f3n de Honduras - Sporthiva Online\" \/>\n<meta property=\"og:description\" content=\"Tegucigalpa, Honduras Malas noticias para la Selecci\u00f3n de Honduras que pierde al delantero Michaell Chirinos para los duelos que cerrar\u00e1n la fase de grupos de la Liga de Naciones de la Concacaf, visitando a Guayana Francesa y Jamaica los d\u00edas 10 y 14 de octubre. Este lunes se confirm\u00f3 que el habilidoso futbolista de 29&nbsp;Continuar leyendo\" \/>\n<meta property=\"og:url\" content=\"http:\/\/www.sporthiva.com\/index.php\/2024\/10\/07\/michaell-chirinos-primera-baja-de-la-seleccion-de-honduras\/\" \/>\n<meta property=\"og:site_name\" content=\"Sporthiva Online\" \/>\n<meta property=\"article:published_time\" content=\"2024-10-08T03:04:33+00:00\" \/>\n<meta property=\"og:image\" content=\"http:\/\/www.sporthiva.com\/wp-content\/uploads\/2024\/10\/Michaell_Chirinos_baja.jpg\" \/>\n\t<meta property=\"og:image:width\" content=\"1200\" \/>\n\t<meta property=\"og:image:height\" content=\"675\" \/>\n<meta name=\"twitter:card\" content=\"summary\" \/>\n<meta name=\"twitter:label1\" content=\"Escrito por\" \/>\n\t<meta name=\"twitter:data1\" content=\"Evelyn Pineda\" \/>\n\t<meta name=\"twitter:label2\" content=\"Tiempo de lectura\" \/>\n\t<meta name=\"twitter:data2\" content=\"2 minutos\" \/>\n<script type=\"application\/ld+json\" class=\"yoast-schema-graph\">{\"@context\":\"https:\/\/schema.org\",\"@graph\":[{\"@type\":\"WebSite\",\"@id\":\"http:\/\/www.sporthiva.com\/#website\",\"url\":\"http:\/\/www.sporthiva.com\/\",\"name\":\"Sporthiva Online\",\"description\":\"Sporthiva Online\",\"potentialAction\":[{\"@type\":\"SearchAction\",\"target\":{\"@type\":\"EntryPoint\",\"urlTemplate\":\"http:\/\/www.sporthiva.com\/?s={search_term_string}\"},\"query-input\":\"required name=search_term_string\"}],\"inLanguage\":\"es\"},{\"@type\":\"ImageObject\",\"@id\":\"http:\/\/www.sporthiva.com\/index.php\/2024\/10\/07\/michaell-chirinos-primera-baja-de-la-seleccion-de-honduras\/#primaryimage\",\"inLanguage\":\"es\",\"url\":\"https:\/\/www.sporthiva.com\/wp-content\/uploads\/2024\/10\/Michaell_Chirinos_baja.jpg\",\"contentUrl\":\"https:\/\/www.sporthiva.com\/wp-content\/uploads\/2024\/10\/Michaell_Chirinos_baja.jpg\",\"width\":1200,\"height\":675},{\"@type\":\"WebPage\",\"@id\":\"http:\/\/www.sporthiva.com\/index.php\/2024\/10\/07\/michaell-chirinos-primera-baja-de-la-seleccion-de-honduras\/#webpage\",\"url\":\"http:\/\/www.sporthiva.com\/index.php\/2024\/10\/07\/michaell-chirinos-primera-baja-de-la-seleccion-de-honduras\/\",\"name\":\"Michaell Chirinos, primera baja de la Selecci\\u00f3n de Honduras - Sporthiva Online\",\"isPartOf\":{\"@id\":\"http:\/\/www.sporthiva.com\/#website\"},\"primaryImageOfPage\":{\"@id\":\"http:\/\/www.sporthiva.com\/index.php\/2024\/10\/07\/michaell-chirinos-primera-baja-de-la-seleccion-de-honduras\/#primaryimage\"},\"datePublished\":\"2024-10-08T03:04:33+00:00\",\"dateModified\":\"2024-10-08T03:04:33+00:00\",\"author\":{\"@id\":\"http:\/\/www.sporthiva.com\/#\/schema\/person\/551718db343e60bf7d707f9085b1e611\"},\"breadcrumb\":{\"@id\":\"http:\/\/www.sporthiva.com\/index.php\/2024\/10\/07\/michaell-chirinos-primera-baja-de-la-seleccion-de-honduras\/#breadcrumb\"},\"inLanguage\":\"es\",\"potentialAction\":[{\"@type\":\"ReadAction\",\"target\":[\"http:\/\/www.sporthiva.com\/index.php\/2024\/10\/07\/michaell-chirinos-primera-baja-de-la-seleccion-de-honduras\/\"]}]},{\"@type\":\"BreadcrumbList\",\"@id\":\"http:\/\/www.sporthiva.com\/index.php\/2024\/10\/07\/michaell-chirinos-primera-baja-de-la-seleccion-de-honduras\/#breadcrumb\",\"itemListElement\":[{\"@type\":\"ListItem\",\"position\":1,\"name\":\"Portada\",\"item\":\"http:\/\/www.sporthiva.com\/\"},{\"@type\":\"ListItem\",\"position\":2,\"name\":\"Michaell Chirinos, primera baja de la Selecci\\u00f3n de Honduras\"}]},{\"@type\":\"Person\",\"@id\":\"http:\/\/www.sporthiva.com\/#\/schema\/person\/551718db343e60bf7d707f9085b1e611\",\"name\":\"Evelyn Pineda\",\"image\":{\"@type\":\"ImageObject\",\"@id\":\"http:\/\/www.sporthiva.com\/#personlogo\",\"inLanguage\":\"es\",\"url\":\"https:\/\/secure.gravatar.com\/avatar\/73932ff8109aee94864b4504adf4d91e?s=96&d=mm&r=g\",\"contentUrl\":\"https:\/\/secure.gravatar.com\/avatar\/73932ff8109aee94864b4504adf4d91e?s=96&d=mm&r=g\",\"caption\":\"Evelyn Pineda\"},\"sameAs\":[\"http:\/\/www.sporthiva.com\/\"],\"url\":\"https:\/\/www.sporthiva.com\/index.php\/author\/epineda\/\"}]}<\/script>\n<!-- \/ Yoast SEO plugin. -->","yoast_head_json":{"title":"Michaell Chirinos, primera baja de la Selecci\u00f3n de Honduras - Sporthiva Online","robots":{"index":"index","follow":"follow","max-snippet":"max-snippet:-1","max-image-preview":"max-image-preview:large","max-video-preview":"max-video-preview:-1"},"canonical":"http:\/\/www.sporthiva.com\/index.php\/2024\/10\/07\/michaell-chirinos-primera-baja-de-la-seleccion-de-honduras\/","og_locale":"es_ES","og_type":"article","og_title":"Michaell Chirinos, primera baja de la Selecci\u00f3n de Honduras - Sporthiva Online","og_description":"Tegucigalpa, Honduras Malas noticias para la Selecci\u00f3n de Honduras que pierde al delantero Michaell Chirinos para los duelos que cerrar\u00e1n la fase de grupos de la Liga de Naciones de la Concacaf, visitando a Guayana Francesa y Jamaica los d\u00edas 10 y 14 de octubre. Este lunes se confirm\u00f3 que el habilidoso futbolista de 29&nbsp;Continuar leyendo","og_url":"http:\/\/www.sporthiva.com\/index.php\/2024\/10\/07\/michaell-chirinos-primera-baja-de-la-seleccion-de-honduras\/","og_site_name":"Sporthiva Online","article_published_time":"2024-10-08T03:04:33+00:00","og_image":[{"width":1200,"height":675,"url":"http:\/\/www.sporthiva.com\/wp-content\/uploads\/2024\/10\/Michaell_Chirinos_baja.jpg","type":"image\/jpeg"}],"twitter_card":"summary","twitter_misc":{"Escrito por":"Evelyn Pineda","Tiempo de lectura":"2 minutos"},"schema":{"@context":"https:\/\/schema.org","@graph":[{"@type":"WebSite","@id":"http:\/\/www.sporthiva.com\/#website","url":"http:\/\/www.sporthiva.com\/","name":"Sporthiva Online","description":"Sporthiva Online","potentialAction":[{"@type":"SearchAction","target":{"@type":"EntryPoint","urlTemplate":"http:\/\/www.sporthiva.com\/?s={search_term_string}"},"query-input":"required name=search_term_string"}],"inLanguage":"es"},{"@type":"ImageObject","@id":"http:\/\/www.sporthiva.com\/index.php\/2024\/10\/07\/michaell-chirinos-primera-baja-de-la-seleccion-de-honduras\/#primaryimage","inLanguage":"es","url":"https:\/\/www.sporthiva.com\/wp-content\/uploads\/2024\/10\/Michaell_Chirinos_baja.jpg","contentUrl":"https:\/\/www.sporthiva.com\/wp-content\/uploads\/2024\/10\/Michaell_Chirinos_baja.jpg","width":1200,"height":675},{"@type":"WebPage","@id":"http:\/\/www.sporthiva.com\/index.php\/2024\/10\/07\/michaell-chirinos-primera-baja-de-la-seleccion-de-honduras\/#webpage","url":"http:\/\/www.sporthiva.com\/index.php\/2024\/10\/07\/michaell-chirinos-primera-baja-de-la-seleccion-de-honduras\/","name":"Michaell Chirinos, primera baja de la Selecci\u00f3n de Honduras - Sporthiva Online","isPartOf":{"@id":"http:\/\/www.sporthiva.com\/#website"},"primaryImageOfPage":{"@id":"http:\/\/www.sporthiva.com\/index.php\/2024\/10\/07\/michaell-chirinos-primera-baja-de-la-seleccion-de-honduras\/#primaryimage"},"datePublished":"2024-10-08T03:04:33+00:00","dateModified":"2024-10-08T03:04:33+00:00","author":{"@id":"http:\/\/www.sporthiva.com\/#\/schema\/person\/551718db343e60bf7d707f9085b1e611"},"breadcrumb":{"@id":"http:\/\/www.sporthiva.com\/index.php\/2024\/10\/07\/michaell-chirinos-primera-baja-de-la-seleccion-de-honduras\/#breadcrumb"},"inLanguage":"es","potentialAction":[{"@type":"ReadAction","target":["http:\/\/www.sporthiva.com\/index.php\/2024\/10\/07\/michaell-chirinos-primera-baja-de-la-seleccion-de-honduras\/"]}]},{"@type":"BreadcrumbList","@id":"http:\/\/www.sporthiva.com\/index.php\/2024\/10\/07\/michaell-chirinos-primera-baja-de-la-seleccion-de-honduras\/#breadcrumb","itemListElement":[{"@type":"ListItem","position":1,"name":"Portada","item":"http:\/\/www.sporthiva.com\/"},{"@type":"ListItem","position":2,"name":"Michaell Chirinos, primera baja de la Selecci\u00f3n de Honduras"}]},{"@type":"Person","@id":"http:\/\/www.sporthiva.com\/#\/schema\/person\/551718db343e60bf7d707f9085b1e611","name":"Evelyn Pineda","image":{"@type":"ImageObject","@id":"http:\/\/www.sporthiva.com\/#personlogo","inLanguage":"es","url":"https:\/\/secure.gravatar.com\/avatar\/73932ff8109aee94864b4504adf4d91e?s=96&d=mm&r=g","contentUrl":"https:\/\/secure.gravatar.com\/avatar\/73932ff8109aee94864b4504adf4d91e?s=96&d=mm&r=g","caption":"Evelyn Pineda"},"sameAs":["http:\/\/www.sporthiva.com\/"],"url":"https:\/\/www.sporthiva.com\/index.php\/author\/epineda\/"}]}},"_links":{"self":[{"href":"https:\/\/www.sporthiva.com\/index.php\/wp-json\/wp\/v2\/posts\/175445"}],"collection":[{"href":"https:\/\/www.sporthiva.com\/index.php\/wp-json\/wp\/v2\/posts"}],"about":[{"href":"https:\/\/www.sporthiva.com\/index.php\/wp-json\/wp\/v2\/types\/post"}],"author":[{"embeddable":true,"href":"https:\/\/www.sporthiva.com\/index.php\/wp-json\/wp\/v2\/users\/7"}],"replies":[{"embeddable":true,"href":"https:\/\/www.sporthiva.com\/index.php\/wp-json\/wp\/v2\/comments?post=175445"}],"version-history":[{"count":2,"href":"https:\/\/www.sporthiva.com\/index.php\/wp-json\/wp\/v2\/posts\/175445\/revisions"}],"predecessor-version":[{"id":175448,"href":"https:\/\/www.sporthiva.com\/index.php\/wp-json\/wp\/v2\/posts\/175445\/revisions\/175448"}],"wp:featuredmedia":[{"embeddable":true,"href":"https:\/\/www.sporthiva.com\/index.php\/wp-json\/wp\/v2\/media\/175446"}],"wp:attachment":[{"href":"https:\/\/www.sporthiva.com\/index.php\/wp-json\/wp\/v2\/media?parent=175445"}],"wp:term":[{"taxonomy":"category","embeddable":true,"href":"https:\/\/www.sporthiva.com\/index.php\/wp-json\/wp\/v2\/categories?post=175445"},{"taxonomy":"post_tag","embeddable":true,"href":"https:\/\/www.sporthiva.com\/index.php\/wp-json\/wp\/v2\/tags?post=175445"}],"curies":[{"name":"wp","href":"https:\/\/api.w.org\/{rel}","templated":true}]}}