{"id":179874,"date":"2025-01-08T09:28:07","date_gmt":"2025-01-08T15:28:07","guid":{"rendered":"http:\/\/www.sporthiva.com\/?p=179874"},"modified":"2025-01-08T09:28:07","modified_gmt":"2025-01-08T15:28:07","slug":"laliga-denuncia-canticos-violentos-en-mestalla-contra-vinicius","status":"publish","type":"post","link":"https:\/\/www.sporthiva.com\/index.php\/2025\/01\/08\/laliga-denuncia-canticos-violentos-en-mestalla-contra-vinicius\/","title":{"rendered":"LaLiga denuncia c\u00e1nticos violentos en Mestalla contra Vinicius"},"content":{"rendered":"<p><strong>Madrid, Espa\u00f1a<\/strong><\/p>\n<p>LaLiga ha denunciado ante el Comit\u00e9 de Competici\u00f3n de la Real Federaci\u00f3n Espa\u00f1ola de F\u00fatbol (RFEF) y a la Comisi\u00f3n Antiviolencia los c\u00e1nticos violentos que se produjeron en el estadio de Mestalla el pasado d\u00eda 3 de enero contra el Real Madrid y Vinicius.<\/p>\n<p>Seg\u00fan el escrito de la entidad que dirige Javier Tebas, los c\u00e1nticos, que se produjeron en diez momentos diferentes del partido, correspondiente a la jornada 12 de LALIGA EA SPORTS, se entonaron \u00ab\u00fanicamente de manera coral y coordinada\u00bb por la grada Gol Sur\/Grada Mario Alberto Kempes, manteniendo \u00abel resto de los aficionados locales un comportamiento adecuado\u00bb.<\/p>\n<p><strong>Vea adem\u00e1s:\u00a0<a href=\"http:\/\/www.sporthiva.com\/index.php\/2025\/01\/08\/zidane-el-favorito-para-dirigir-a-la-seleccion-de-francia\/\">Zidane, el favorito para dirigir a la Selecci\u00f3n de Francia<\/a><\/strong><\/p>\n<p>Entre los c\u00e1nticos que reproduce LaLiga incluye la entonaci\u00f3n en el minuto 11 y minuto 32 de \u00abmadridista, hijo de puta, su puta madre por el culo lo disfruta\u00bb, precedido, en el minuto 11, por \u00abtonto, tonto\u00bb, dirigido a Vinicius Jr.<\/p>\n<p>Tres minutos despu\u00e9s, se recogi\u00f3 el c\u00e1ntico \u00absalta, salta peque\u00f1o canguro y a los madridistas que les den por el culo\u00bb, que se repiti\u00f3 en el minuto 61.<\/p>\n<p>Los insultos hacia el conjunto merengue se repitieron durante todo el encuentro: \u00abdiles que se vayan de una puta vez (min.20, precedido de \u00abtonto, tonto\u00bb), \u00abque s\u00ed, que puta Real Madrid (min.32 y min.62), \u00abputa Real Madrid, puta Real Madrid\u00bb (min.52).<\/p>\n<p><strong>Le interesa tambi\u00e9n:\u00a0<a href=\"http:\/\/www.sporthiva.com\/index.php\/2025\/01\/08\/olimpia-anuncia-su-primer-fichaje-al-mando-de-eduardo-espinel\/\">Olimpia anuncia su primer fichaje al mando de Eduardo Espinel<\/a><\/strong><\/p>\n<p>Asimismo, se enton\u00f3 \u00abmadridistas hijos de puta\u00bb hasta en dos ocasiones (min.59 y min.64) y \u00abadi\u00f3s hijo puta, adi\u00f3s\u00bb (min.64).<\/p>\n<p>LaLiga rese\u00f1\u00f3 que el Valencia emiti\u00f3 mensajes recurrentes en los videomarcadores del estadio en contra de la intolerancia, el racismo y la xenofobia a lo largo del partido mostrando \u00absu compromiso al intentar disuadir este tipo de comportamientos\u00bb.<\/p>\n","protected":false},"excerpt":{"rendered":"<p>Madrid, Espa\u00f1a LaLiga ha denunciado ante el Comit\u00e9 de Competici\u00f3n de la Real Federaci\u00f3n Espa\u00f1ola de F\u00fatbol (RFEF) y a la Comisi\u00f3n Antiviolencia los c\u00e1nticos violentos que se produjeron en el estadio de Mestalla el pasado d\u00eda 3 de enero contra el Real Madrid y Vinicius. Seg\u00fan el escrito de la entidad que dirige Javier&nbsp;<\/p>\n<p><a class=\"btn btn-style\" href=\"https:\/\/www.sporthiva.com\/index.php\/2025\/01\/08\/laliga-denuncia-canticos-violentos-en-mestalla-contra-vinicius\/\">Continuar leyendo<\/a><\/p>\n","protected":false},"author":7,"featured_media":179875,"comment_status":"open","ping_status":"open","sticky":false,"template":"","format":"standard","meta":{"qubely_global_settings":"","qubely_interactions":""},"categories":[563],"tags":[6621,52,1322],"qubely_featured_image_url":{"full":["https:\/\/www.sporthiva.com\/wp-content\/uploads\/2025\/01\/GgxVtSRWsAAgxJl.jpg",900,600,false],"landscape":["https:\/\/www.sporthiva.com\/wp-content\/uploads\/2025\/01\/GgxVtSRWsAAgxJl.jpg",900,600,false],"portraits":["https:\/\/www.sporthiva.com\/wp-content\/uploads\/2025\/01\/GgxVtSRWsAAgxJl-540x320.jpg",540,320,true],"thumbnail":["https:\/\/www.sporthiva.com\/wp-content\/uploads\/2025\/01\/GgxVtSRWsAAgxJl-150x150.jpg",150,150,true],"medium":["https:\/\/www.sporthiva.com\/wp-content\/uploads\/2025\/01\/GgxVtSRWsAAgxJl-569x379.jpg",569,379,true],"medium_large":["https:\/\/www.sporthiva.com\/wp-content\/uploads\/2025\/01\/GgxVtSRWsAAgxJl-768x512.jpg",768,512,true],"large":["https:\/\/www.sporthiva.com\/wp-content\/uploads\/2025\/01\/GgxVtSRWsAAgxJl.jpg",900,600,false],"1536x1536":["https:\/\/www.sporthiva.com\/wp-content\/uploads\/2025\/01\/GgxVtSRWsAAgxJl.jpg",900,600,false],"2048x2048":["https:\/\/www.sporthiva.com\/wp-content\/uploads\/2025\/01\/GgxVtSRWsAAgxJl.jpg",900,600,false],"alm-thumbnail":["https:\/\/www.sporthiva.com\/wp-content\/uploads\/2025\/01\/GgxVtSRWsAAgxJl-150x150.jpg",150,150,true],"qubely_landscape":["https:\/\/www.sporthiva.com\/wp-content\/uploads\/2025\/01\/GgxVtSRWsAAgxJl.jpg",900,600,false],"qubely_portrait":["https:\/\/www.sporthiva.com\/wp-content\/uploads\/2025\/01\/GgxVtSRWsAAgxJl-540x320.jpg",540,320,true],"qubely_thumbnail":["https:\/\/www.sporthiva.com\/wp-content\/uploads\/2025\/01\/GgxVtSRWsAAgxJl-140x100.jpg",140,100,true],"sportspress-crop-medium":["https:\/\/www.sporthiva.com\/wp-content\/uploads\/2025\/01\/GgxVtSRWsAAgxJl-300x300.jpg",300,300,true],"sportspress-fit-medium":["https:\/\/www.sporthiva.com\/wp-content\/uploads\/2025\/01\/GgxVtSRWsAAgxJl-300x200.jpg",300,200,true],"sportspress-fit-icon":["https:\/\/www.sporthiva.com\/wp-content\/uploads\/2025\/01\/GgxVtSRWsAAgxJl-128x85.jpg",128,85,true],"sportspress-fit-mini":["https:\/\/www.sporthiva.com\/wp-content\/uploads\/2025\/01\/GgxVtSRWsAAgxJl-32x21.jpg",32,21,true],"heighlights":["https:\/\/www.sporthiva.com\/wp-content\/uploads\/2025\/01\/GgxVtSRWsAAgxJl-460x500.jpg",460,500,true],"video-thumb":["https:\/\/www.sporthiva.com\/wp-content\/uploads\/2025\/01\/GgxVtSRWsAAgxJl-360x235.jpg",360,235,true],"video-thumb2":["https:\/\/www.sporthiva.com\/wp-content\/uploads\/2025\/01\/GgxVtSRWsAAgxJl-360x422.jpg",360,422,true],"blog-thumb":["https:\/\/www.sporthiva.com\/wp-content\/uploads\/2025\/01\/GgxVtSRWsAAgxJl-175x150.jpg",175,150,true],"blog-medium":["https:\/\/www.sporthiva.com\/wp-content\/uploads\/2025\/01\/GgxVtSRWsAAgxJl-750x350.jpg",750,350,true],"blog-full":["https:\/\/www.sporthiva.com\/wp-content\/uploads\/2025\/01\/GgxVtSRWsAAgxJl-900x550.jpg",900,550,true],"popular-post":["https:\/\/www.sporthiva.com\/wp-content\/uploads\/2025\/01\/GgxVtSRWsAAgxJl-560x510.jpg",560,510,true],"heighlights-post":["https:\/\/www.sporthiva.com\/wp-content\/uploads\/2025\/01\/GgxVtSRWsAAgxJl-262x236.jpg",262,236,true],"player-thumb":["https:\/\/www.sporthiva.com\/wp-content\/uploads\/2025\/01\/GgxVtSRWsAAgxJl-270x150.jpg",270,150,true],"wp_rp_thumbnail":["https:\/\/www.sporthiva.com\/wp-content\/uploads\/2025\/01\/GgxVtSRWsAAgxJl-150x150.jpg",150,150,true]},"qubely_author":{"display_name":"Evelyn Pineda","author_link":"https:\/\/www.sporthiva.com\/index.php\/author\/epineda\/"},"qubely_comment":2,"qubely_category":"<a href=\"https:\/\/www.sporthiva.com\/index.php\/category\/internacionales\/\" rel=\"category tag\">Internacionales<\/a>","qubely_excerpt":"Madrid, Espa\u00f1a LaLiga ha denunciado ante el Comit\u00e9 de Competici\u00f3n de la Real Federaci\u00f3n Espa\u00f1ola de F\u00fatbol (RFEF) y a la Comisi\u00f3n Antiviolencia los c\u00e1nticos violentos que se produjeron en el estadio de Mestalla el pasado d\u00eda 3 de enero contra el Real Madrid y Vinicius. Seg\u00fan el escrito de la entidad que dirige Javier&nbsp;Continuar&hellip;","yoast_head":"<!-- This site is optimized with the Yoast SEO plugin v17.8 - https:\/\/yoast.com\/wordpress\/plugins\/seo\/ -->\n<title>LaLiga denuncia c\u00e1nticos violentos en Mestalla contra Vinicius - Sporthiva Online<\/title>\n<meta name=\"robots\" content=\"index, follow, max-snippet:-1, max-image-preview:large, max-video-preview:-1\" \/>\n<link rel=\"canonical\" href=\"https:\/\/www.sporthiva.com\/index.php\/2025\/01\/08\/laliga-denuncia-canticos-violentos-en-mestalla-contra-vinicius\/\" \/>\n<meta property=\"og:locale\" content=\"es_ES\" \/>\n<meta property=\"og:type\" content=\"article\" \/>\n<meta property=\"og:title\" content=\"LaLiga denuncia c\u00e1nticos violentos en Mestalla contra Vinicius - Sporthiva Online\" \/>\n<meta property=\"og:description\" content=\"Madrid, Espa\u00f1a LaLiga ha denunciado ante el Comit\u00e9 de Competici\u00f3n de la Real Federaci\u00f3n Espa\u00f1ola de F\u00fatbol (RFEF) y a la Comisi\u00f3n Antiviolencia los c\u00e1nticos violentos que se produjeron en el estadio de Mestalla el pasado d\u00eda 3 de enero contra el Real Madrid y Vinicius. Seg\u00fan el escrito de la entidad que dirige Javier&nbsp;Continuar leyendo\" \/>\n<meta property=\"og:url\" content=\"https:\/\/www.sporthiva.com\/index.php\/2025\/01\/08\/laliga-denuncia-canticos-violentos-en-mestalla-contra-vinicius\/\" \/>\n<meta property=\"og:site_name\" content=\"Sporthiva Online\" \/>\n<meta property=\"article:published_time\" content=\"2025-01-08T15:28:07+00:00\" \/>\n<meta property=\"og:image\" content=\"https:\/\/www.sporthiva.com\/wp-content\/uploads\/2025\/01\/GgxVtSRWsAAgxJl.jpg\" \/>\n\t<meta property=\"og:image:width\" content=\"900\" \/>\n\t<meta property=\"og:image:height\" content=\"600\" \/>\n<meta name=\"twitter:card\" content=\"summary\" \/>\n<meta name=\"twitter:label1\" content=\"Escrito por\" \/>\n\t<meta name=\"twitter:data1\" content=\"Evelyn Pineda\" \/>\n\t<meta name=\"twitter:label2\" content=\"Tiempo de lectura\" \/>\n\t<meta name=\"twitter:data2\" content=\"2 minutos\" \/>\n<script type=\"application\/ld+json\" class=\"yoast-schema-graph\">{\"@context\":\"https:\/\/schema.org\",\"@graph\":[{\"@type\":\"WebSite\",\"@id\":\"https:\/\/www.sporthiva.com\/#website\",\"url\":\"https:\/\/www.sporthiva.com\/\",\"name\":\"Sporthiva Online\",\"description\":\"Sporthiva Online\",\"potentialAction\":[{\"@type\":\"SearchAction\",\"target\":{\"@type\":\"EntryPoint\",\"urlTemplate\":\"https:\/\/www.sporthiva.com\/?s={search_term_string}\"},\"query-input\":\"required name=search_term_string\"}],\"inLanguage\":\"es\"},{\"@type\":\"ImageObject\",\"@id\":\"https:\/\/www.sporthiva.com\/index.php\/2025\/01\/08\/laliga-denuncia-canticos-violentos-en-mestalla-contra-vinicius\/#primaryimage\",\"inLanguage\":\"es\",\"url\":\"https:\/\/www.sporthiva.com\/wp-content\/uploads\/2025\/01\/GgxVtSRWsAAgxJl.jpg\",\"contentUrl\":\"https:\/\/www.sporthiva.com\/wp-content\/uploads\/2025\/01\/GgxVtSRWsAAgxJl.jpg\",\"width\":900,\"height\":600},{\"@type\":\"WebPage\",\"@id\":\"https:\/\/www.sporthiva.com\/index.php\/2025\/01\/08\/laliga-denuncia-canticos-violentos-en-mestalla-contra-vinicius\/#webpage\",\"url\":\"https:\/\/www.sporthiva.com\/index.php\/2025\/01\/08\/laliga-denuncia-canticos-violentos-en-mestalla-contra-vinicius\/\",\"name\":\"LaLiga denuncia c\\u00e1nticos violentos en Mestalla contra Vinicius - Sporthiva Online\",\"isPartOf\":{\"@id\":\"https:\/\/www.sporthiva.com\/#website\"},\"primaryImageOfPage\":{\"@id\":\"https:\/\/www.sporthiva.com\/index.php\/2025\/01\/08\/laliga-denuncia-canticos-violentos-en-mestalla-contra-vinicius\/#primaryimage\"},\"datePublished\":\"2025-01-08T15:28:07+00:00\",\"dateModified\":\"2025-01-08T15:28:07+00:00\",\"author\":{\"@id\":\"https:\/\/www.sporthiva.com\/#\/schema\/person\/551718db343e60bf7d707f9085b1e611\"},\"breadcrumb\":{\"@id\":\"https:\/\/www.sporthiva.com\/index.php\/2025\/01\/08\/laliga-denuncia-canticos-violentos-en-mestalla-contra-vinicius\/#breadcrumb\"},\"inLanguage\":\"es\",\"potentialAction\":[{\"@type\":\"ReadAction\",\"target\":[\"https:\/\/www.sporthiva.com\/index.php\/2025\/01\/08\/laliga-denuncia-canticos-violentos-en-mestalla-contra-vinicius\/\"]}]},{\"@type\":\"BreadcrumbList\",\"@id\":\"https:\/\/www.sporthiva.com\/index.php\/2025\/01\/08\/laliga-denuncia-canticos-violentos-en-mestalla-contra-vinicius\/#breadcrumb\",\"itemListElement\":[{\"@type\":\"ListItem\",\"position\":1,\"name\":\"Portada\",\"item\":\"https:\/\/www.sporthiva.com\/\"},{\"@type\":\"ListItem\",\"position\":2,\"name\":\"LaLiga denuncia c\\u00e1nticos violentos en Mestalla contra Vinicius\"}]},{\"@type\":\"Person\",\"@id\":\"https:\/\/www.sporthiva.com\/#\/schema\/person\/551718db343e60bf7d707f9085b1e611\",\"name\":\"Evelyn Pineda\",\"image\":{\"@type\":\"ImageObject\",\"@id\":\"https:\/\/www.sporthiva.com\/#personlogo\",\"inLanguage\":\"es\",\"url\":\"https:\/\/secure.gravatar.com\/avatar\/73932ff8109aee94864b4504adf4d91e?s=96&d=mm&r=g\",\"contentUrl\":\"https:\/\/secure.gravatar.com\/avatar\/73932ff8109aee94864b4504adf4d91e?s=96&d=mm&r=g\",\"caption\":\"Evelyn Pineda\"},\"sameAs\":[\"http:\/\/www.sporthiva.com\/\"],\"url\":\"https:\/\/www.sporthiva.com\/index.php\/author\/epineda\/\"}]}<\/script>\n<!-- \/ Yoast SEO plugin. -->","yoast_head_json":{"title":"LaLiga denuncia c\u00e1nticos violentos en Mestalla contra Vinicius - Sporthiva Online","robots":{"index":"index","follow":"follow","max-snippet":"max-snippet:-1","max-image-preview":"max-image-preview:large","max-video-preview":"max-video-preview:-1"},"canonical":"https:\/\/www.sporthiva.com\/index.php\/2025\/01\/08\/laliga-denuncia-canticos-violentos-en-mestalla-contra-vinicius\/","og_locale":"es_ES","og_type":"article","og_title":"LaLiga denuncia c\u00e1nticos violentos en Mestalla contra Vinicius - Sporthiva Online","og_description":"Madrid, Espa\u00f1a LaLiga ha denunciado ante el Comit\u00e9 de Competici\u00f3n de la Real Federaci\u00f3n Espa\u00f1ola de F\u00fatbol (RFEF) y a la Comisi\u00f3n Antiviolencia los c\u00e1nticos violentos que se produjeron en el estadio de Mestalla el pasado d\u00eda 3 de enero contra el Real Madrid y Vinicius. Seg\u00fan el escrito de la entidad que dirige Javier&nbsp;Continuar leyendo","og_url":"https:\/\/www.sporthiva.com\/index.php\/2025\/01\/08\/laliga-denuncia-canticos-violentos-en-mestalla-contra-vinicius\/","og_site_name":"Sporthiva Online","article_published_time":"2025-01-08T15:28:07+00:00","og_image":[{"width":900,"height":600,"url":"https:\/\/www.sporthiva.com\/wp-content\/uploads\/2025\/01\/GgxVtSRWsAAgxJl.jpg","type":"image\/jpeg"}],"twitter_card":"summary","twitter_misc":{"Escrito por":"Evelyn Pineda","Tiempo de lectura":"2 minutos"},"schema":{"@context":"https:\/\/schema.org","@graph":[{"@type":"WebSite","@id":"https:\/\/www.sporthiva.com\/#website","url":"https:\/\/www.sporthiva.com\/","name":"Sporthiva Online","description":"Sporthiva Online","potentialAction":[{"@type":"SearchAction","target":{"@type":"EntryPoint","urlTemplate":"https:\/\/www.sporthiva.com\/?s={search_term_string}"},"query-input":"required name=search_term_string"}],"inLanguage":"es"},{"@type":"ImageObject","@id":"https:\/\/www.sporthiva.com\/index.php\/2025\/01\/08\/laliga-denuncia-canticos-violentos-en-mestalla-contra-vinicius\/#primaryimage","inLanguage":"es","url":"https:\/\/www.sporthiva.com\/wp-content\/uploads\/2025\/01\/GgxVtSRWsAAgxJl.jpg","contentUrl":"https:\/\/www.sporthiva.com\/wp-content\/uploads\/2025\/01\/GgxVtSRWsAAgxJl.jpg","width":900,"height":600},{"@type":"WebPage","@id":"https:\/\/www.sporthiva.com\/index.php\/2025\/01\/08\/laliga-denuncia-canticos-violentos-en-mestalla-contra-vinicius\/#webpage","url":"https:\/\/www.sporthiva.com\/index.php\/2025\/01\/08\/laliga-denuncia-canticos-violentos-en-mestalla-contra-vinicius\/","name":"LaLiga denuncia c\u00e1nticos violentos en Mestalla contra Vinicius - Sporthiva Online","isPartOf":{"@id":"https:\/\/www.sporthiva.com\/#website"},"primaryImageOfPage":{"@id":"https:\/\/www.sporthiva.com\/index.php\/2025\/01\/08\/laliga-denuncia-canticos-violentos-en-mestalla-contra-vinicius\/#primaryimage"},"datePublished":"2025-01-08T15:28:07+00:00","dateModified":"2025-01-08T15:28:07+00:00","author":{"@id":"https:\/\/www.sporthiva.com\/#\/schema\/person\/551718db343e60bf7d707f9085b1e611"},"breadcrumb":{"@id":"https:\/\/www.sporthiva.com\/index.php\/2025\/01\/08\/laliga-denuncia-canticos-violentos-en-mestalla-contra-vinicius\/#breadcrumb"},"inLanguage":"es","potentialAction":[{"@type":"ReadAction","target":["https:\/\/www.sporthiva.com\/index.php\/2025\/01\/08\/laliga-denuncia-canticos-violentos-en-mestalla-contra-vinicius\/"]}]},{"@type":"BreadcrumbList","@id":"https:\/\/www.sporthiva.com\/index.php\/2025\/01\/08\/laliga-denuncia-canticos-violentos-en-mestalla-contra-vinicius\/#breadcrumb","itemListElement":[{"@type":"ListItem","position":1,"name":"Portada","item":"https:\/\/www.sporthiva.com\/"},{"@type":"ListItem","position":2,"name":"LaLiga denuncia c\u00e1nticos violentos en Mestalla contra Vinicius"}]},{"@type":"Person","@id":"https:\/\/www.sporthiva.com\/#\/schema\/person\/551718db343e60bf7d707f9085b1e611","name":"Evelyn Pineda","image":{"@type":"ImageObject","@id":"https:\/\/www.sporthiva.com\/#personlogo","inLanguage":"es","url":"https:\/\/secure.gravatar.com\/avatar\/73932ff8109aee94864b4504adf4d91e?s=96&d=mm&r=g","contentUrl":"https:\/\/secure.gravatar.com\/avatar\/73932ff8109aee94864b4504adf4d91e?s=96&d=mm&r=g","caption":"Evelyn Pineda"},"sameAs":["http:\/\/www.sporthiva.com\/"],"url":"https:\/\/www.sporthiva.com\/index.php\/author\/epineda\/"}]}},"_links":{"self":[{"href":"https:\/\/www.sporthiva.com\/index.php\/wp-json\/wp\/v2\/posts\/179874"}],"collection":[{"href":"https:\/\/www.sporthiva.com\/index.php\/wp-json\/wp\/v2\/posts"}],"about":[{"href":"https:\/\/www.sporthiva.com\/index.php\/wp-json\/wp\/v2\/types\/post"}],"author":[{"embeddable":true,"href":"https:\/\/www.sporthiva.com\/index.php\/wp-json\/wp\/v2\/users\/7"}],"replies":[{"embeddable":true,"href":"https:\/\/www.sporthiva.com\/index.php\/wp-json\/wp\/v2\/comments?post=179874"}],"version-history":[{"count":1,"href":"https:\/\/www.sporthiva.com\/index.php\/wp-json\/wp\/v2\/posts\/179874\/revisions"}],"predecessor-version":[{"id":179876,"href":"https:\/\/www.sporthiva.com\/index.php\/wp-json\/wp\/v2\/posts\/179874\/revisions\/179876"}],"wp:featuredmedia":[{"embeddable":true,"href":"https:\/\/www.sporthiva.com\/index.php\/wp-json\/wp\/v2\/media\/179875"}],"wp:attachment":[{"href":"https:\/\/www.sporthiva.com\/index.php\/wp-json\/wp\/v2\/media?parent=179874"}],"wp:term":[{"taxonomy":"category","embeddable":true,"href":"https:\/\/www.sporthiva.com\/index.php\/wp-json\/wp\/v2\/categories?post=179874"},{"taxonomy":"post_tag","embeddable":true,"href":"https:\/\/www.sporthiva.com\/index.php\/wp-json\/wp\/v2\/tags?post=179874"}],"curies":[{"name":"wp","href":"https:\/\/api.w.org\/{rel}","templated":true}]}}