{"id":69591,"date":"2019-08-08T15:00:01","date_gmt":"2019-08-08T21:00:01","guid":{"rendered":"http:\/\/www.sporthiva.com\/?p=69591"},"modified":"2019-08-08T15:00:01","modified_gmt":"2019-08-08T21:00:01","slug":"brayan-beckeles-es-nuevo-fichaje-de-olimpia","status":"publish","type":"post","link":"https:\/\/www.sporthiva.com\/index.php\/2019\/08\/08\/brayan-beckeles-es-nuevo-fichaje-de-olimpia\/","title":{"rendered":"Brayan Beckeles es nuevo fichaje de Olimpia"},"content":{"rendered":"<h4><strong>El dirigente Juan Francisco Saybe que llegaron a un acuerdo econ\u00f3mico con el jugador<\/strong><\/h4>\n<p><strong>Tegucigalpa, Honduras<\/strong><\/p>\n<p>La junta directiva de Olimpia confirm\u00f3 que el lateral derecho Bryan Beckeles se quedar\u00e1 jugando con el equipo el actual torneo de Apertura 2019-2020 de la Liga Nacional.<\/p>\n<p>Beckeles en las pr\u00f3ximas horas firmar\u00e1 contrato por un a\u00f1o con el equipo merengue que busca levantar la copa tras tres a\u00f1os sin ganar la tan ansiada Copa 31.<\/p>\n<p><strong>Vea adem\u00e1s:\u00a0<a href=\"http:\/\/www.sporthiva.com\/index.php\/2019\/08\/08\/johnny-palacios-presentado-oficialmente-como-nuevo-jugador-de-real-sociedad\/\">Johnny Palacios presentado oficialmente como nuevo jugador de Real Sociedad<\/a><\/strong><\/p>\n<p>Uno de los puntos que no hab\u00eda agilizado la contrataci\u00f3n era el aspecto econ\u00f3mico pues la dirigencia alba no quiere salirse de su presupuesto. Finalmente hubo arreglo y el defensor se volver\u00e1 a vestir de blanco. El zaguero se encuentra entrenando desde hace varias semanas con el equipo merengue.<\/p>\n<p>Beckeles llega procedente del f\u00fatbol mexicano tras un paso por el Necaxa. El lateral derecho se suma a las contrataciones de Mat\u00edas Garrido, Jonathan Ferrari, Mat\u00edas Morales, Cristian Maidana, Johny Lever\u00f3n, Harold Fonseca y Ovidio Lanza.<\/p>\n","protected":false},"excerpt":{"rendered":"<p>El dirigente Juan Francisco Saybe que llegaron a un acuerdo econ\u00f3mico con el jugador Tegucigalpa, Honduras La junta directiva de Olimpia confirm\u00f3 que el lateral derecho Bryan Beckeles se quedar\u00e1 jugando con el equipo el actual torneo de Apertura 2019-2020 de la Liga Nacional. Beckeles en las pr\u00f3ximas horas firmar\u00e1 contrato por un a\u00f1o con&nbsp;<\/p>\n<p><a class=\"btn btn-style\" href=\"https:\/\/www.sporthiva.com\/index.php\/2019\/08\/08\/brayan-beckeles-es-nuevo-fichaje-de-olimpia\/\">Continuar leyendo<\/a><\/p>\n","protected":false},"author":7,"featured_media":69592,"comment_status":"open","ping_status":"open","sticky":false,"template":"","format":"standard","meta":{"qubely_global_settings":"","qubely_interactions":""},"categories":[565],"tags":[],"qubely_featured_image_url":{"full":["https:\/\/www.sporthiva.com\/wp-content\/uploads\/2019\/08\/BECKELES.jpg",1280,720,false],"landscape":["https:\/\/www.sporthiva.com\/wp-content\/uploads\/2019\/08\/BECKELES.jpg",1200,675,false],"portraits":["https:\/\/www.sporthiva.com\/wp-content\/uploads\/2019\/08\/BECKELES.jpg",540,304,false],"thumbnail":["https:\/\/www.sporthiva.com\/wp-content\/uploads\/2019\/08\/BECKELES-150x150.jpg",150,150,true],"medium":["https:\/\/www.sporthiva.com\/wp-content\/uploads\/2019\/08\/BECKELES-675x379.jpg",675,379,true],"medium_large":["https:\/\/www.sporthiva.com\/wp-content\/uploads\/2019\/08\/BECKELES-768x432.jpg",768,432,true],"large":["https:\/\/www.sporthiva.com\/wp-content\/uploads\/2019\/08\/BECKELES.jpg",1280,720,false],"1536x1536":["https:\/\/www.sporthiva.com\/wp-content\/uploads\/2019\/08\/BECKELES.jpg",1280,720,false],"2048x2048":["https:\/\/www.sporthiva.com\/wp-content\/uploads\/2019\/08\/BECKELES.jpg",1280,720,false],"alm-thumbnail":["https:\/\/www.sporthiva.com\/wp-content\/uploads\/2019\/08\/BECKELES-150x150.jpg",150,150,true],"qubely_landscape":["https:\/\/www.sporthiva.com\/wp-content\/uploads\/2019\/08\/BECKELES.jpg",1200,675,false],"qubely_portrait":["https:\/\/www.sporthiva.com\/wp-content\/uploads\/2019\/08\/BECKELES.jpg",540,304,false],"qubely_thumbnail":["https:\/\/www.sporthiva.com\/wp-content\/uploads\/2019\/08\/BECKELES.jpg",140,79,false],"sportspress-crop-medium":["https:\/\/www.sporthiva.com\/wp-content\/uploads\/2019\/08\/BECKELES-300x300.jpg",300,300,true],"sportspress-fit-medium":["https:\/\/www.sporthiva.com\/wp-content\/uploads\/2019\/08\/BECKELES-300x169.jpg",300,169,true],"sportspress-fit-icon":["https:\/\/www.sporthiva.com\/wp-content\/uploads\/2019\/08\/BECKELES-128x72.jpg",128,72,true],"sportspress-fit-mini":["https:\/\/www.sporthiva.com\/wp-content\/uploads\/2019\/08\/BECKELES-32x18.jpg",32,18,true],"heighlights":["https:\/\/www.sporthiva.com\/wp-content\/uploads\/2019\/08\/BECKELES-460x500.jpg",460,500,true],"video-thumb":["https:\/\/www.sporthiva.com\/wp-content\/uploads\/2019\/08\/BECKELES-360x235.jpg",360,235,true],"video-thumb2":["https:\/\/www.sporthiva.com\/wp-content\/uploads\/2019\/08\/BECKELES.jpg",360,203,false],"blog-thumb":["https:\/\/www.sporthiva.com\/wp-content\/uploads\/2019\/08\/BECKELES-175x150.jpg",175,150,true],"blog-medium":["https:\/\/www.sporthiva.com\/wp-content\/uploads\/2019\/08\/BECKELES-750x350.jpg",750,350,true],"blog-full":["https:\/\/www.sporthiva.com\/wp-content\/uploads\/2019\/08\/BECKELES-1140x550.jpg",1140,550,true],"popular-post":["https:\/\/www.sporthiva.com\/wp-content\/uploads\/2019\/08\/BECKELES.jpg",560,315,false],"heighlights-post":["https:\/\/www.sporthiva.com\/wp-content\/uploads\/2019\/08\/BECKELES.jpg",262,147,false],"player-thumb":["https:\/\/www.sporthiva.com\/wp-content\/uploads\/2019\/08\/BECKELES-270x150.jpg",270,150,true],"wp_rp_thumbnail":["https:\/\/www.sporthiva.com\/wp-content\/uploads\/2019\/08\/BECKELES-150x150.jpg",150,150,true]},"qubely_author":{"display_name":"Evelyn Pineda","author_link":"https:\/\/www.sporthiva.com\/index.php\/author\/epineda\/"},"qubely_comment":0,"qubely_category":"<a href=\"https:\/\/www.sporthiva.com\/index.php\/category\/liga-nacional\/\" rel=\"category tag\">Liga nacional<\/a>","qubely_excerpt":"El dirigente Juan Francisco Saybe que llegaron a un acuerdo econ\u00f3mico con el jugador Tegucigalpa, Honduras La junta directiva de Olimpia confirm\u00f3 que el lateral derecho Bryan Beckeles se quedar\u00e1 jugando con el equipo el actual torneo de Apertura 2019-2020 de la Liga Nacional. Beckeles en las pr\u00f3ximas horas firmar\u00e1 contrato por un a\u00f1o con&nbsp;Continuar&hellip;","yoast_head":"<!-- This site is optimized with the Yoast SEO plugin v17.8 - https:\/\/yoast.com\/wordpress\/plugins\/seo\/ -->\n<title>Brayan Beckeles es nuevo fichaje de Olimpia - Sporthiva Online<\/title>\n<meta name=\"robots\" content=\"index, follow, max-snippet:-1, max-image-preview:large, max-video-preview:-1\" \/>\n<link rel=\"canonical\" href=\"https:\/\/www.sporthiva.com\/index.php\/2019\/08\/08\/brayan-beckeles-es-nuevo-fichaje-de-olimpia\/\" \/>\n<meta property=\"og:locale\" content=\"es_ES\" \/>\n<meta property=\"og:type\" content=\"article\" \/>\n<meta property=\"og:title\" content=\"Brayan Beckeles es nuevo fichaje de Olimpia - Sporthiva Online\" \/>\n<meta property=\"og:description\" content=\"El dirigente Juan Francisco Saybe que llegaron a un acuerdo econ\u00f3mico con el jugador Tegucigalpa, Honduras La junta directiva de Olimpia confirm\u00f3 que el lateral derecho Bryan Beckeles se quedar\u00e1 jugando con el equipo el actual torneo de Apertura 2019-2020 de la Liga Nacional. Beckeles en las pr\u00f3ximas horas firmar\u00e1 contrato por un a\u00f1o con&nbsp;Continuar leyendo\" \/>\n<meta property=\"og:url\" content=\"https:\/\/www.sporthiva.com\/index.php\/2019\/08\/08\/brayan-beckeles-es-nuevo-fichaje-de-olimpia\/\" \/>\n<meta property=\"og:site_name\" content=\"Sporthiva Online\" \/>\n<meta property=\"article:published_time\" content=\"2019-08-08T21:00:01+00:00\" \/>\n<meta property=\"og:image\" content=\"https:\/\/www.sporthiva.com\/wp-content\/uploads\/2019\/08\/BECKELES.jpg\" \/>\n\t<meta property=\"og:image:width\" content=\"1280\" \/>\n\t<meta property=\"og:image:height\" content=\"720\" \/>\n<meta name=\"twitter:card\" content=\"summary\" \/>\n<meta name=\"twitter:label1\" content=\"Escrito por\" \/>\n\t<meta name=\"twitter:data1\" content=\"Evelyn Pineda\" \/>\n\t<meta name=\"twitter:label2\" content=\"Tiempo de lectura\" \/>\n\t<meta name=\"twitter:data2\" content=\"1 minuto\" \/>\n<script type=\"application\/ld+json\" class=\"yoast-schema-graph\">{\"@context\":\"https:\/\/schema.org\",\"@graph\":[{\"@type\":\"WebSite\",\"@id\":\"http:\/\/www.sporthiva.com\/#website\",\"url\":\"http:\/\/www.sporthiva.com\/\",\"name\":\"Sporthiva Online\",\"description\":\"Sporthiva Online\",\"potentialAction\":[{\"@type\":\"SearchAction\",\"target\":{\"@type\":\"EntryPoint\",\"urlTemplate\":\"http:\/\/www.sporthiva.com\/?s={search_term_string}\"},\"query-input\":\"required name=search_term_string\"}],\"inLanguage\":\"es\"},{\"@type\":\"ImageObject\",\"@id\":\"https:\/\/www.sporthiva.com\/index.php\/2019\/08\/08\/brayan-beckeles-es-nuevo-fichaje-de-olimpia\/#primaryimage\",\"inLanguage\":\"es\",\"url\":\"https:\/\/www.sporthiva.com\/wp-content\/uploads\/2019\/08\/BECKELES.jpg\",\"contentUrl\":\"https:\/\/www.sporthiva.com\/wp-content\/uploads\/2019\/08\/BECKELES.jpg\",\"width\":1280,\"height\":720},{\"@type\":\"WebPage\",\"@id\":\"https:\/\/www.sporthiva.com\/index.php\/2019\/08\/08\/brayan-beckeles-es-nuevo-fichaje-de-olimpia\/#webpage\",\"url\":\"https:\/\/www.sporthiva.com\/index.php\/2019\/08\/08\/brayan-beckeles-es-nuevo-fichaje-de-olimpia\/\",\"name\":\"Brayan Beckeles es nuevo fichaje de Olimpia - Sporthiva Online\",\"isPartOf\":{\"@id\":\"http:\/\/www.sporthiva.com\/#website\"},\"primaryImageOfPage\":{\"@id\":\"https:\/\/www.sporthiva.com\/index.php\/2019\/08\/08\/brayan-beckeles-es-nuevo-fichaje-de-olimpia\/#primaryimage\"},\"datePublished\":\"2019-08-08T21:00:01+00:00\",\"dateModified\":\"2019-08-08T21:00:01+00:00\",\"author\":{\"@id\":\"http:\/\/www.sporthiva.com\/#\/schema\/person\/551718db343e60bf7d707f9085b1e611\"},\"breadcrumb\":{\"@id\":\"https:\/\/www.sporthiva.com\/index.php\/2019\/08\/08\/brayan-beckeles-es-nuevo-fichaje-de-olimpia\/#breadcrumb\"},\"inLanguage\":\"es\",\"potentialAction\":[{\"@type\":\"ReadAction\",\"target\":[\"https:\/\/www.sporthiva.com\/index.php\/2019\/08\/08\/brayan-beckeles-es-nuevo-fichaje-de-olimpia\/\"]}]},{\"@type\":\"BreadcrumbList\",\"@id\":\"https:\/\/www.sporthiva.com\/index.php\/2019\/08\/08\/brayan-beckeles-es-nuevo-fichaje-de-olimpia\/#breadcrumb\",\"itemListElement\":[{\"@type\":\"ListItem\",\"position\":1,\"name\":\"Portada\",\"item\":\"http:\/\/www.sporthiva.com\/\"},{\"@type\":\"ListItem\",\"position\":2,\"name\":\"Brayan Beckeles es nuevo fichaje de Olimpia\"}]},{\"@type\":\"Person\",\"@id\":\"http:\/\/www.sporthiva.com\/#\/schema\/person\/551718db343e60bf7d707f9085b1e611\",\"name\":\"Evelyn Pineda\",\"image\":{\"@type\":\"ImageObject\",\"@id\":\"http:\/\/www.sporthiva.com\/#personlogo\",\"inLanguage\":\"es\",\"url\":\"https:\/\/secure.gravatar.com\/avatar\/73932ff8109aee94864b4504adf4d91e?s=96&d=mm&r=g\",\"contentUrl\":\"https:\/\/secure.gravatar.com\/avatar\/73932ff8109aee94864b4504adf4d91e?s=96&d=mm&r=g\",\"caption\":\"Evelyn Pineda\"},\"sameAs\":[\"http:\/\/www.sporthiva.com\/\"],\"url\":\"https:\/\/www.sporthiva.com\/index.php\/author\/epineda\/\"}]}<\/script>\n<!-- \/ Yoast SEO plugin. -->","yoast_head_json":{"title":"Brayan Beckeles es nuevo fichaje de Olimpia - Sporthiva Online","robots":{"index":"index","follow":"follow","max-snippet":"max-snippet:-1","max-image-preview":"max-image-preview:large","max-video-preview":"max-video-preview:-1"},"canonical":"https:\/\/www.sporthiva.com\/index.php\/2019\/08\/08\/brayan-beckeles-es-nuevo-fichaje-de-olimpia\/","og_locale":"es_ES","og_type":"article","og_title":"Brayan Beckeles es nuevo fichaje de Olimpia - Sporthiva Online","og_description":"El dirigente Juan Francisco Saybe que llegaron a un acuerdo econ\u00f3mico con el jugador Tegucigalpa, Honduras La junta directiva de Olimpia confirm\u00f3 que el lateral derecho Bryan Beckeles se quedar\u00e1 jugando con el equipo el actual torneo de Apertura 2019-2020 de la Liga Nacional. Beckeles en las pr\u00f3ximas horas firmar\u00e1 contrato por un a\u00f1o con&nbsp;Continuar leyendo","og_url":"https:\/\/www.sporthiva.com\/index.php\/2019\/08\/08\/brayan-beckeles-es-nuevo-fichaje-de-olimpia\/","og_site_name":"Sporthiva Online","article_published_time":"2019-08-08T21:00:01+00:00","og_image":[{"width":1280,"height":720,"url":"https:\/\/www.sporthiva.com\/wp-content\/uploads\/2019\/08\/BECKELES.jpg","type":"image\/jpeg"}],"twitter_card":"summary","twitter_misc":{"Escrito por":"Evelyn Pineda","Tiempo de lectura":"1 minuto"},"schema":{"@context":"https:\/\/schema.org","@graph":[{"@type":"WebSite","@id":"http:\/\/www.sporthiva.com\/#website","url":"http:\/\/www.sporthiva.com\/","name":"Sporthiva Online","description":"Sporthiva Online","potentialAction":[{"@type":"SearchAction","target":{"@type":"EntryPoint","urlTemplate":"http:\/\/www.sporthiva.com\/?s={search_term_string}"},"query-input":"required name=search_term_string"}],"inLanguage":"es"},{"@type":"ImageObject","@id":"https:\/\/www.sporthiva.com\/index.php\/2019\/08\/08\/brayan-beckeles-es-nuevo-fichaje-de-olimpia\/#primaryimage","inLanguage":"es","url":"https:\/\/www.sporthiva.com\/wp-content\/uploads\/2019\/08\/BECKELES.jpg","contentUrl":"https:\/\/www.sporthiva.com\/wp-content\/uploads\/2019\/08\/BECKELES.jpg","width":1280,"height":720},{"@type":"WebPage","@id":"https:\/\/www.sporthiva.com\/index.php\/2019\/08\/08\/brayan-beckeles-es-nuevo-fichaje-de-olimpia\/#webpage","url":"https:\/\/www.sporthiva.com\/index.php\/2019\/08\/08\/brayan-beckeles-es-nuevo-fichaje-de-olimpia\/","name":"Brayan Beckeles es nuevo fichaje de Olimpia - Sporthiva Online","isPartOf":{"@id":"http:\/\/www.sporthiva.com\/#website"},"primaryImageOfPage":{"@id":"https:\/\/www.sporthiva.com\/index.php\/2019\/08\/08\/brayan-beckeles-es-nuevo-fichaje-de-olimpia\/#primaryimage"},"datePublished":"2019-08-08T21:00:01+00:00","dateModified":"2019-08-08T21:00:01+00:00","author":{"@id":"http:\/\/www.sporthiva.com\/#\/schema\/person\/551718db343e60bf7d707f9085b1e611"},"breadcrumb":{"@id":"https:\/\/www.sporthiva.com\/index.php\/2019\/08\/08\/brayan-beckeles-es-nuevo-fichaje-de-olimpia\/#breadcrumb"},"inLanguage":"es","potentialAction":[{"@type":"ReadAction","target":["https:\/\/www.sporthiva.com\/index.php\/2019\/08\/08\/brayan-beckeles-es-nuevo-fichaje-de-olimpia\/"]}]},{"@type":"BreadcrumbList","@id":"https:\/\/www.sporthiva.com\/index.php\/2019\/08\/08\/brayan-beckeles-es-nuevo-fichaje-de-olimpia\/#breadcrumb","itemListElement":[{"@type":"ListItem","position":1,"name":"Portada","item":"http:\/\/www.sporthiva.com\/"},{"@type":"ListItem","position":2,"name":"Brayan Beckeles es nuevo fichaje de Olimpia"}]},{"@type":"Person","@id":"http:\/\/www.sporthiva.com\/#\/schema\/person\/551718db343e60bf7d707f9085b1e611","name":"Evelyn Pineda","image":{"@type":"ImageObject","@id":"http:\/\/www.sporthiva.com\/#personlogo","inLanguage":"es","url":"https:\/\/secure.gravatar.com\/avatar\/73932ff8109aee94864b4504adf4d91e?s=96&d=mm&r=g","contentUrl":"https:\/\/secure.gravatar.com\/avatar\/73932ff8109aee94864b4504adf4d91e?s=96&d=mm&r=g","caption":"Evelyn Pineda"},"sameAs":["http:\/\/www.sporthiva.com\/"],"url":"https:\/\/www.sporthiva.com\/index.php\/author\/epineda\/"}]}},"_links":{"self":[{"href":"https:\/\/www.sporthiva.com\/index.php\/wp-json\/wp\/v2\/posts\/69591"}],"collection":[{"href":"https:\/\/www.sporthiva.com\/index.php\/wp-json\/wp\/v2\/posts"}],"about":[{"href":"https:\/\/www.sporthiva.com\/index.php\/wp-json\/wp\/v2\/types\/post"}],"author":[{"embeddable":true,"href":"https:\/\/www.sporthiva.com\/index.php\/wp-json\/wp\/v2\/users\/7"}],"replies":[{"embeddable":true,"href":"https:\/\/www.sporthiva.com\/index.php\/wp-json\/wp\/v2\/comments?post=69591"}],"version-history":[{"count":1,"href":"https:\/\/www.sporthiva.com\/index.php\/wp-json\/wp\/v2\/posts\/69591\/revisions"}],"predecessor-version":[{"id":69593,"href":"https:\/\/www.sporthiva.com\/index.php\/wp-json\/wp\/v2\/posts\/69591\/revisions\/69593"}],"wp:featuredmedia":[{"embeddable":true,"href":"https:\/\/www.sporthiva.com\/index.php\/wp-json\/wp\/v2\/media\/69592"}],"wp:attachment":[{"href":"https:\/\/www.sporthiva.com\/index.php\/wp-json\/wp\/v2\/media?parent=69591"}],"wp:term":[{"taxonomy":"category","embeddable":true,"href":"https:\/\/www.sporthiva.com\/index.php\/wp-json\/wp\/v2\/categories?post=69591"},{"taxonomy":"post_tag","embeddable":true,"href":"https:\/\/www.sporthiva.com\/index.php\/wp-json\/wp\/v2\/tags?post=69591"}],"curies":[{"name":"wp","href":"https:\/\/api.w.org\/{rel}","templated":true}]}}