{"id":77919,"date":"2020-03-19T17:53:19","date_gmt":"2020-03-19T23:53:19","guid":{"rendered":"http:\/\/www.sporthiva.com\/?p=77919"},"modified":"2020-03-19T17:53:19","modified_gmt":"2020-03-19T23:53:19","slug":"luka-jovic-podria-ser-arrestado-por-incumplir-cuarentena","status":"publish","type":"post","link":"https:\/\/www.sporthiva.com\/index.php\/2020\/03\/19\/luka-jovic-podria-ser-arrestado-por-incumplir-cuarentena\/","title":{"rendered":"Luka Jovic podr\u00eda ser arrestado por incumplir cuarentena"},"content":{"rendered":"<h4><strong>El delantero merengue no respet\u00f3 la cuarentena del coronavirus y viaj\u00f3 a Serbia para celebrar el cumplea\u00f1os de su novia<\/strong><\/h4>\n<p><strong>Serbia<\/strong><\/p>\n<p>El jugador serbio del Real Madrid, Luka Jovic, puede enfrentarse a medidas legales por incumplir la cuarentena domiciliaria impuesta en Serbia por el coronavirus para quienes llegan del extranjero, inform\u00f3 la agencia Tanjug.<\/p>\n<p>La fiscal\u00eda de Belgrado pidi\u00f3 a la polic\u00eda presentar una denuncia penal contra el futbolista, indica la fuente sin precisar qu\u00e9 tipo de castigo podr\u00eda eso suponer, aunque especifica que si vuelve a violar la norma no se excluye la detenci\u00f3n.<\/p>\n<p>Jovic abandon\u00f3 el domicilio en que deb\u00eda estar en aislamiento y asegur\u00f3 a la polic\u00eda que hab\u00eda salido para ir a la farmacia. \u00abPara la Fiscal\u00eda no hay diferencia entre los ciudadanos indistintamente de su profesi\u00f3n\u00bb, dijo a Tanjug una fuente de la fiscal\u00eda.<\/p>\n<p><strong>Vea adem\u00e1s: <\/strong><a href=\"http:\/\/www.sporthiva.com\/index.php\/2020\/03\/19\/se-creen-inmunes-al-coronavirus-la-liga-de-futbol-arranca-en-bielorrusia\/\"><strong>Se creen inmunes al coronavirus: La liga de f\u00fatbol arranca en Bielorrusia<\/strong><\/a><\/p>\n<p>Poco antes, el diario Blic indic\u00f3 que Jovic no fue encontrado en la direcci\u00f3n en la que deb\u00eda estar en aislamiento y fue advertido por la polic\u00eda de que si vuelve a violar la norma ser\u00eda detenido.<\/p>\n<p>Blic, que cita una fuente \u00abinformada del caso\u00bb asegura que, tras vencer el plazo de la cuarentena, ser\u00e1 sometido a un interrogatorio de la fiscal\u00eda, previsiblemente dentro de un mes.<\/p>\n<p>\u00abLa pena puede ser una multa de 150.000 dinares (unos 1.275 euros) o hasta tres a\u00f1os de c\u00e1rcel\u00bb, seg\u00fan la fuente. Serbia ha impuesto cuarentena domiciliaria obligatoria de entre 14 a 28 d\u00edas para los ciudadanos que llegan del extranjero.<\/p>\n<p><strong>Le interesa tambi\u00e9n: <\/strong><a href=\"http:\/\/www.sporthiva.com\/index.php\/2020\/03\/19\/expresidente-del-real-madrid-grave-por-coronavirus\/\"><strong>Expresidente del Real Madrid grave por coronavirus<\/strong><\/a><\/p>\n<p>Blic ha publicado en su versi\u00f3n digital una foto del futbolista supuestamente de las inmediaciones del edificio en que vive su novia y que estos d\u00edas celebraba el cumplea\u00f1os.<\/p>\n<p>El ministro serbio del Interior, Nebojsa Stefanovic, declar\u00f3 hoy en la televisi\u00f3n Prva que hay \u201cdenuncias penales tambi\u00e9n contra algunos deportistas ricos\u201d y que \u201cel que sean deportistas, y ricos, no ser\u00e1 un impedimento para que sean castigados\u201d, pero eludi\u00f3 precisar de qui\u00e9n se trataba.<\/p>\n<p><strong>Pide disculpas<br \/>\n<\/strong><\/p>\n<p>Luka Jovic cree que no ha hecho nada malo. El delantero del Real Madrid, en el ojo del hurac\u00e1n tras saltarse la cuarentena del COVID-19 y viajar hasta Belgrado, trat\u00f3 de justificar su actitud en las redes sociales.<\/p>\n<p>\u00abPido perd\u00f3n a todo el mundo si de alguna manera he hecho da\u00f1o o puesto peligro a alguien. Espero que juntos podamos superar todo esto. Todo mi apoyo, Serbia, saldremos todos juntos\u00bb, escribi\u00f3.<\/p>\n","protected":false},"excerpt":{"rendered":"<p>El delantero merengue no respet\u00f3 la cuarentena del coronavirus y viaj\u00f3 a Serbia para celebrar el cumplea\u00f1os de su novia Serbia El jugador serbio del Real Madrid, Luka Jovic, puede enfrentarse a medidas legales por incumplir la cuarentena domiciliaria impuesta en Serbia por el coronavirus para quienes llegan del extranjero, inform\u00f3 la agencia Tanjug. La&nbsp;<\/p>\n<p><a class=\"btn btn-style\" href=\"https:\/\/www.sporthiva.com\/index.php\/2020\/03\/19\/luka-jovic-podria-ser-arrestado-por-incumplir-cuarentena\/\">Continuar leyendo<\/a><\/p>\n","protected":false},"author":7,"featured_media":77922,"comment_status":"open","ping_status":"open","sticky":false,"template":"","format":"standard","meta":{"qubely_global_settings":"","qubely_interactions":""},"categories":[563],"tags":[],"qubely_featured_image_url":{"full":["https:\/\/www.sporthiva.com\/wp-content\/uploads\/2020\/03\/Luka-Jovic.jpg",1296,729,false],"landscape":["https:\/\/www.sporthiva.com\/wp-content\/uploads\/2020\/03\/Luka-Jovic-1200x729.jpg",1200,729,true],"portraits":["https:\/\/www.sporthiva.com\/wp-content\/uploads\/2020\/03\/Luka-Jovic-540x320.jpg",540,320,true],"thumbnail":["https:\/\/www.sporthiva.com\/wp-content\/uploads\/2020\/03\/Luka-Jovic-150x150.jpg",150,150,true],"medium":["https:\/\/www.sporthiva.com\/wp-content\/uploads\/2020\/03\/Luka-Jovic-675x379.jpg",675,379,true],"medium_large":["https:\/\/www.sporthiva.com\/wp-content\/uploads\/2020\/03\/Luka-Jovic-768x432.jpg",768,432,true],"large":["https:\/\/www.sporthiva.com\/wp-content\/uploads\/2020\/03\/Luka-Jovic-1280x720.jpg",1280,720,true],"1536x1536":["https:\/\/www.sporthiva.com\/wp-content\/uploads\/2020\/03\/Luka-Jovic.jpg",1296,729,false],"2048x2048":["https:\/\/www.sporthiva.com\/wp-content\/uploads\/2020\/03\/Luka-Jovic.jpg",1296,729,false],"alm-thumbnail":["https:\/\/www.sporthiva.com\/wp-content\/uploads\/2020\/03\/Luka-Jovic-150x150.jpg",150,150,true],"qubely_landscape":["https:\/\/www.sporthiva.com\/wp-content\/uploads\/2020\/03\/Luka-Jovic-1200x729.jpg",1200,729,true],"qubely_portrait":["https:\/\/www.sporthiva.com\/wp-content\/uploads\/2020\/03\/Luka-Jovic-540x320.jpg",540,320,true],"qubely_thumbnail":["https:\/\/www.sporthiva.com\/wp-content\/uploads\/2020\/03\/Luka-Jovic-140x100.jpg",140,100,true],"sportspress-crop-medium":["https:\/\/www.sporthiva.com\/wp-content\/uploads\/2020\/03\/Luka-Jovic-300x300.jpg",300,300,true],"sportspress-fit-medium":["https:\/\/www.sporthiva.com\/wp-content\/uploads\/2020\/03\/Luka-Jovic-300x169.jpg",300,169,true],"sportspress-fit-icon":["https:\/\/www.sporthiva.com\/wp-content\/uploads\/2020\/03\/Luka-Jovic-128x72.jpg",128,72,true],"sportspress-fit-mini":["https:\/\/www.sporthiva.com\/wp-content\/uploads\/2020\/03\/Luka-Jovic-32x18.jpg",32,18,true],"heighlights":["https:\/\/www.sporthiva.com\/wp-content\/uploads\/2020\/03\/Luka-Jovic-460x500.jpg",460,500,true],"video-thumb":["https:\/\/www.sporthiva.com\/wp-content\/uploads\/2020\/03\/Luka-Jovic-360x235.jpg",360,235,true],"video-thumb2":["https:\/\/www.sporthiva.com\/wp-content\/uploads\/2020\/03\/Luka-Jovic-360x422.jpg",360,422,true],"blog-thumb":["https:\/\/www.sporthiva.com\/wp-content\/uploads\/2020\/03\/Luka-Jovic-175x150.jpg",175,150,true],"blog-medium":["https:\/\/www.sporthiva.com\/wp-content\/uploads\/2020\/03\/Luka-Jovic-750x350.jpg",750,350,true],"blog-full":["https:\/\/www.sporthiva.com\/wp-content\/uploads\/2020\/03\/Luka-Jovic-1140x550.jpg",1140,550,true],"popular-post":["https:\/\/www.sporthiva.com\/wp-content\/uploads\/2020\/03\/Luka-Jovic-560x510.jpg",560,510,true],"heighlights-post":["https:\/\/www.sporthiva.com\/wp-content\/uploads\/2020\/03\/Luka-Jovic-262x236.jpg",262,236,true],"player-thumb":["https:\/\/www.sporthiva.com\/wp-content\/uploads\/2020\/03\/Luka-Jovic-270x150.jpg",270,150,true],"wp_rp_thumbnail":["https:\/\/www.sporthiva.com\/wp-content\/uploads\/2020\/03\/Luka-Jovic-150x150.jpg",150,150,true]},"qubely_author":{"display_name":"Evelyn Pineda","author_link":"https:\/\/www.sporthiva.com\/index.php\/author\/epineda\/"},"qubely_comment":0,"qubely_category":"<a href=\"https:\/\/www.sporthiva.com\/index.php\/category\/internacionales\/\" rel=\"category tag\">Internacionales<\/a>","qubely_excerpt":"El delantero merengue no respet\u00f3 la cuarentena del coronavirus y viaj\u00f3 a Serbia para celebrar el cumplea\u00f1os de su novia Serbia El jugador serbio del Real Madrid, Luka Jovic, puede enfrentarse a medidas legales por incumplir la cuarentena domiciliaria impuesta en Serbia por el coronavirus para quienes llegan del extranjero, inform\u00f3 la agencia Tanjug. La&nbsp;Continuar&hellip;","yoast_head":"<!-- This site is optimized with the Yoast SEO plugin v17.8 - https:\/\/yoast.com\/wordpress\/plugins\/seo\/ -->\n<title>Luka Jovic podr\u00eda ser arrestado por incumplir cuarentena - Sporthiva Online<\/title>\n<meta name=\"robots\" content=\"index, follow, max-snippet:-1, max-image-preview:large, max-video-preview:-1\" \/>\n<link rel=\"canonical\" href=\"https:\/\/www.sporthiva.com\/index.php\/2020\/03\/19\/luka-jovic-podria-ser-arrestado-por-incumplir-cuarentena\/\" \/>\n<meta property=\"og:locale\" content=\"es_ES\" \/>\n<meta property=\"og:type\" content=\"article\" \/>\n<meta property=\"og:title\" content=\"Luka Jovic podr\u00eda ser arrestado por incumplir cuarentena - Sporthiva Online\" \/>\n<meta property=\"og:description\" content=\"El delantero merengue no respet\u00f3 la cuarentena del coronavirus y viaj\u00f3 a Serbia para celebrar el cumplea\u00f1os de su novia Serbia El jugador serbio del Real Madrid, Luka Jovic, puede enfrentarse a medidas legales por incumplir la cuarentena domiciliaria impuesta en Serbia por el coronavirus para quienes llegan del extranjero, inform\u00f3 la agencia Tanjug. La&nbsp;Continuar leyendo\" \/>\n<meta property=\"og:url\" content=\"https:\/\/www.sporthiva.com\/index.php\/2020\/03\/19\/luka-jovic-podria-ser-arrestado-por-incumplir-cuarentena\/\" \/>\n<meta property=\"og:site_name\" content=\"Sporthiva Online\" \/>\n<meta property=\"article:published_time\" content=\"2020-03-19T23:53:19+00:00\" \/>\n<meta property=\"og:image\" content=\"https:\/\/www.sporthiva.com\/wp-content\/uploads\/2020\/03\/Luka-Jovic.jpg\" \/>\n\t<meta property=\"og:image:width\" content=\"1296\" \/>\n\t<meta property=\"og:image:height\" content=\"729\" \/>\n<meta name=\"twitter:card\" content=\"summary\" \/>\n<meta name=\"twitter:label1\" content=\"Escrito por\" \/>\n\t<meta name=\"twitter:data1\" content=\"Evelyn Pineda\" \/>\n\t<meta name=\"twitter:label2\" content=\"Tiempo de lectura\" \/>\n\t<meta name=\"twitter:data2\" content=\"2 minutos\" \/>\n<script type=\"application\/ld+json\" class=\"yoast-schema-graph\">{\"@context\":\"https:\/\/schema.org\",\"@graph\":[{\"@type\":\"WebSite\",\"@id\":\"http:\/\/www.sporthiva.com\/#website\",\"url\":\"http:\/\/www.sporthiva.com\/\",\"name\":\"Sporthiva Online\",\"description\":\"Sporthiva Online\",\"potentialAction\":[{\"@type\":\"SearchAction\",\"target\":{\"@type\":\"EntryPoint\",\"urlTemplate\":\"http:\/\/www.sporthiva.com\/?s={search_term_string}\"},\"query-input\":\"required name=search_term_string\"}],\"inLanguage\":\"es\"},{\"@type\":\"ImageObject\",\"@id\":\"https:\/\/www.sporthiva.com\/index.php\/2020\/03\/19\/luka-jovic-podria-ser-arrestado-por-incumplir-cuarentena\/#primaryimage\",\"inLanguage\":\"es\",\"url\":\"https:\/\/www.sporthiva.com\/wp-content\/uploads\/2020\/03\/Luka-Jovic.jpg\",\"contentUrl\":\"https:\/\/www.sporthiva.com\/wp-content\/uploads\/2020\/03\/Luka-Jovic.jpg\",\"width\":1296,\"height\":729},{\"@type\":\"WebPage\",\"@id\":\"https:\/\/www.sporthiva.com\/index.php\/2020\/03\/19\/luka-jovic-podria-ser-arrestado-por-incumplir-cuarentena\/#webpage\",\"url\":\"https:\/\/www.sporthiva.com\/index.php\/2020\/03\/19\/luka-jovic-podria-ser-arrestado-por-incumplir-cuarentena\/\",\"name\":\"Luka Jovic podr\\u00eda ser arrestado por incumplir cuarentena - Sporthiva Online\",\"isPartOf\":{\"@id\":\"http:\/\/www.sporthiva.com\/#website\"},\"primaryImageOfPage\":{\"@id\":\"https:\/\/www.sporthiva.com\/index.php\/2020\/03\/19\/luka-jovic-podria-ser-arrestado-por-incumplir-cuarentena\/#primaryimage\"},\"datePublished\":\"2020-03-19T23:53:19+00:00\",\"dateModified\":\"2020-03-19T23:53:19+00:00\",\"author\":{\"@id\":\"http:\/\/www.sporthiva.com\/#\/schema\/person\/551718db343e60bf7d707f9085b1e611\"},\"breadcrumb\":{\"@id\":\"https:\/\/www.sporthiva.com\/index.php\/2020\/03\/19\/luka-jovic-podria-ser-arrestado-por-incumplir-cuarentena\/#breadcrumb\"},\"inLanguage\":\"es\",\"potentialAction\":[{\"@type\":\"ReadAction\",\"target\":[\"https:\/\/www.sporthiva.com\/index.php\/2020\/03\/19\/luka-jovic-podria-ser-arrestado-por-incumplir-cuarentena\/\"]}]},{\"@type\":\"BreadcrumbList\",\"@id\":\"https:\/\/www.sporthiva.com\/index.php\/2020\/03\/19\/luka-jovic-podria-ser-arrestado-por-incumplir-cuarentena\/#breadcrumb\",\"itemListElement\":[{\"@type\":\"ListItem\",\"position\":1,\"name\":\"Portada\",\"item\":\"http:\/\/www.sporthiva.com\/\"},{\"@type\":\"ListItem\",\"position\":2,\"name\":\"Luka Jovic podr\\u00eda ser arrestado por incumplir cuarentena\"}]},{\"@type\":\"Person\",\"@id\":\"http:\/\/www.sporthiva.com\/#\/schema\/person\/551718db343e60bf7d707f9085b1e611\",\"name\":\"Evelyn Pineda\",\"image\":{\"@type\":\"ImageObject\",\"@id\":\"http:\/\/www.sporthiva.com\/#personlogo\",\"inLanguage\":\"es\",\"url\":\"https:\/\/secure.gravatar.com\/avatar\/73932ff8109aee94864b4504adf4d91e?s=96&d=mm&r=g\",\"contentUrl\":\"https:\/\/secure.gravatar.com\/avatar\/73932ff8109aee94864b4504adf4d91e?s=96&d=mm&r=g\",\"caption\":\"Evelyn Pineda\"},\"sameAs\":[\"http:\/\/www.sporthiva.com\/\"],\"url\":\"https:\/\/www.sporthiva.com\/index.php\/author\/epineda\/\"}]}<\/script>\n<!-- \/ Yoast SEO plugin. -->","yoast_head_json":{"title":"Luka Jovic podr\u00eda ser arrestado por incumplir cuarentena - Sporthiva Online","robots":{"index":"index","follow":"follow","max-snippet":"max-snippet:-1","max-image-preview":"max-image-preview:large","max-video-preview":"max-video-preview:-1"},"canonical":"https:\/\/www.sporthiva.com\/index.php\/2020\/03\/19\/luka-jovic-podria-ser-arrestado-por-incumplir-cuarentena\/","og_locale":"es_ES","og_type":"article","og_title":"Luka Jovic podr\u00eda ser arrestado por incumplir cuarentena - Sporthiva Online","og_description":"El delantero merengue no respet\u00f3 la cuarentena del coronavirus y viaj\u00f3 a Serbia para celebrar el cumplea\u00f1os de su novia Serbia El jugador serbio del Real Madrid, Luka Jovic, puede enfrentarse a medidas legales por incumplir la cuarentena domiciliaria impuesta en Serbia por el coronavirus para quienes llegan del extranjero, inform\u00f3 la agencia Tanjug. La&nbsp;Continuar leyendo","og_url":"https:\/\/www.sporthiva.com\/index.php\/2020\/03\/19\/luka-jovic-podria-ser-arrestado-por-incumplir-cuarentena\/","og_site_name":"Sporthiva Online","article_published_time":"2020-03-19T23:53:19+00:00","og_image":[{"width":1296,"height":729,"url":"https:\/\/www.sporthiva.com\/wp-content\/uploads\/2020\/03\/Luka-Jovic.jpg","type":"image\/jpeg"}],"twitter_card":"summary","twitter_misc":{"Escrito por":"Evelyn Pineda","Tiempo de lectura":"2 minutos"},"schema":{"@context":"https:\/\/schema.org","@graph":[{"@type":"WebSite","@id":"http:\/\/www.sporthiva.com\/#website","url":"http:\/\/www.sporthiva.com\/","name":"Sporthiva Online","description":"Sporthiva Online","potentialAction":[{"@type":"SearchAction","target":{"@type":"EntryPoint","urlTemplate":"http:\/\/www.sporthiva.com\/?s={search_term_string}"},"query-input":"required name=search_term_string"}],"inLanguage":"es"},{"@type":"ImageObject","@id":"https:\/\/www.sporthiva.com\/index.php\/2020\/03\/19\/luka-jovic-podria-ser-arrestado-por-incumplir-cuarentena\/#primaryimage","inLanguage":"es","url":"https:\/\/www.sporthiva.com\/wp-content\/uploads\/2020\/03\/Luka-Jovic.jpg","contentUrl":"https:\/\/www.sporthiva.com\/wp-content\/uploads\/2020\/03\/Luka-Jovic.jpg","width":1296,"height":729},{"@type":"WebPage","@id":"https:\/\/www.sporthiva.com\/index.php\/2020\/03\/19\/luka-jovic-podria-ser-arrestado-por-incumplir-cuarentena\/#webpage","url":"https:\/\/www.sporthiva.com\/index.php\/2020\/03\/19\/luka-jovic-podria-ser-arrestado-por-incumplir-cuarentena\/","name":"Luka Jovic podr\u00eda ser arrestado por incumplir cuarentena - Sporthiva Online","isPartOf":{"@id":"http:\/\/www.sporthiva.com\/#website"},"primaryImageOfPage":{"@id":"https:\/\/www.sporthiva.com\/index.php\/2020\/03\/19\/luka-jovic-podria-ser-arrestado-por-incumplir-cuarentena\/#primaryimage"},"datePublished":"2020-03-19T23:53:19+00:00","dateModified":"2020-03-19T23:53:19+00:00","author":{"@id":"http:\/\/www.sporthiva.com\/#\/schema\/person\/551718db343e60bf7d707f9085b1e611"},"breadcrumb":{"@id":"https:\/\/www.sporthiva.com\/index.php\/2020\/03\/19\/luka-jovic-podria-ser-arrestado-por-incumplir-cuarentena\/#breadcrumb"},"inLanguage":"es","potentialAction":[{"@type":"ReadAction","target":["https:\/\/www.sporthiva.com\/index.php\/2020\/03\/19\/luka-jovic-podria-ser-arrestado-por-incumplir-cuarentena\/"]}]},{"@type":"BreadcrumbList","@id":"https:\/\/www.sporthiva.com\/index.php\/2020\/03\/19\/luka-jovic-podria-ser-arrestado-por-incumplir-cuarentena\/#breadcrumb","itemListElement":[{"@type":"ListItem","position":1,"name":"Portada","item":"http:\/\/www.sporthiva.com\/"},{"@type":"ListItem","position":2,"name":"Luka Jovic podr\u00eda ser arrestado por incumplir cuarentena"}]},{"@type":"Person","@id":"http:\/\/www.sporthiva.com\/#\/schema\/person\/551718db343e60bf7d707f9085b1e611","name":"Evelyn Pineda","image":{"@type":"ImageObject","@id":"http:\/\/www.sporthiva.com\/#personlogo","inLanguage":"es","url":"https:\/\/secure.gravatar.com\/avatar\/73932ff8109aee94864b4504adf4d91e?s=96&d=mm&r=g","contentUrl":"https:\/\/secure.gravatar.com\/avatar\/73932ff8109aee94864b4504adf4d91e?s=96&d=mm&r=g","caption":"Evelyn Pineda"},"sameAs":["http:\/\/www.sporthiva.com\/"],"url":"https:\/\/www.sporthiva.com\/index.php\/author\/epineda\/"}]}},"_links":{"self":[{"href":"https:\/\/www.sporthiva.com\/index.php\/wp-json\/wp\/v2\/posts\/77919"}],"collection":[{"href":"https:\/\/www.sporthiva.com\/index.php\/wp-json\/wp\/v2\/posts"}],"about":[{"href":"https:\/\/www.sporthiva.com\/index.php\/wp-json\/wp\/v2\/types\/post"}],"author":[{"embeddable":true,"href":"https:\/\/www.sporthiva.com\/index.php\/wp-json\/wp\/v2\/users\/7"}],"replies":[{"embeddable":true,"href":"https:\/\/www.sporthiva.com\/index.php\/wp-json\/wp\/v2\/comments?post=77919"}],"version-history":[{"count":1,"href":"https:\/\/www.sporthiva.com\/index.php\/wp-json\/wp\/v2\/posts\/77919\/revisions"}],"predecessor-version":[{"id":77921,"href":"https:\/\/www.sporthiva.com\/index.php\/wp-json\/wp\/v2\/posts\/77919\/revisions\/77921"}],"wp:featuredmedia":[{"embeddable":true,"href":"https:\/\/www.sporthiva.com\/index.php\/wp-json\/wp\/v2\/media\/77922"}],"wp:attachment":[{"href":"https:\/\/www.sporthiva.com\/index.php\/wp-json\/wp\/v2\/media?parent=77919"}],"wp:term":[{"taxonomy":"category","embeddable":true,"href":"https:\/\/www.sporthiva.com\/index.php\/wp-json\/wp\/v2\/categories?post=77919"},{"taxonomy":"post_tag","embeddable":true,"href":"https:\/\/www.sporthiva.com\/index.php\/wp-json\/wp\/v2\/tags?post=77919"}],"curies":[{"name":"wp","href":"https:\/\/api.w.org\/{rel}","templated":true}]}}