{"id":79759,"date":"2020-05-06T20:52:26","date_gmt":"2020-05-07T02:52:26","guid":{"rendered":"http:\/\/www.sporthiva.com\/?p=79759"},"modified":"2020-05-06T20:52:26","modified_gmt":"2020-05-07T02:52:26","slug":"jugador-del-torino-primer-positivo-por-coronavirus-en-el-retorno-del-futbol-en-italia","status":"publish","type":"post","link":"https:\/\/www.sporthiva.com\/index.php\/2020\/05\/06\/jugador-del-torino-primer-positivo-por-coronavirus-en-el-retorno-del-futbol-en-italia\/","title":{"rendered":"Jugador del Torino, primer positivo por coronavirus en el retorno del f\u00fatbol en Italia"},"content":{"rendered":"<h4><strong>El futbolista es asintom\u00e1tico y ya fue puesto en cuarentena<\/strong><\/h4>\n<p><strong>Roma, Italia<\/strong><\/p>\n<p>El Torino ha anunciado este mi\u00e9rcoles que uno de sus jugadores del primer plantel ha dado positivo por coronavirus, despu\u00e9s de los test realizados en la vuelta al trabajo del equipo de Tur\u00edn con la mirada puesta al retorno de la actividad en la Serie A.<\/p>\n<p>\u00abDurante las primera pruebas m\u00e9dicas realizadas en los jugadores, surgi\u00f3 un caso positivo por Covid-19\u00bb, ha indicado el club italiano en un comunicado en su web oficial. Sin embargo, el Torino no ha indicado la identidad del futbolista infectado.<\/p>\n<p><strong>Vea adem\u00e1s: <\/strong><a href=\"http:\/\/www.sporthiva.com\/index.php\/2020\/05\/06\/juventus-anuncia-que-dybala-ha-superado-el-coronavirus\/\"><strong>Juventus anuncia que Dybala ha superado el coronavirus<\/strong><\/a><\/p>\n<p>El club ha asegurado que el jugador con coronavirus es \u00abactualmente asintom\u00e1tico\u00bb y que ha sido puesto \u00abinmediatamente en cuarentena\u00bb. Desde el Torino seguir\u00e1n la evoluci\u00f3n del futbolista con el objetivo de que se pueda reincorporar posteriormente a la actividad.<\/p>\n<p>Se trata del primer caso confirmado de coronavirus en el f\u00fatbol italiano desde el retorno de este a los entrenamientos tras el par\u00f3n por la pandemia.<\/p>\n<p><strong>Le interesa tambi\u00e9n: <\/strong><a href=\"http:\/\/www.sporthiva.com\/index.php\/2020\/05\/06\/la-temporada-termina-para-el-cordoba-de-luis-garrido-sin-ascenso\/\"><strong>La temporada termina para el C\u00f3rdoba de Luis Garrido sin ascenso<\/strong><\/a><\/p>\n<p>Aunque la Serie A ha dicho que sus 20 clubes quieren reiniciar la temporada, Torino parece haber estado entre los menos entusiastas. El presidente del club, Urbano Cairo, dijo la semana pasada que Italia ya deber\u00eda estar pensando en la pr\u00f3xima temporada.<\/p>\n<p>La apuesta de la Serie A para reanudar se enfrenta a una prueba el jueves cuando las directrices m\u00e9dicas elaboradas por la Federaci\u00f3n Italiana de Futbol (FIGC) se discutir\u00e1n con el comit\u00e9 t\u00e9cnico cient\u00edfico del gobierno.<\/p>\n","protected":false},"excerpt":{"rendered":"<p>El futbolista es asintom\u00e1tico y ya fue puesto en cuarentena Roma, Italia El Torino ha anunciado este mi\u00e9rcoles que uno de sus jugadores del primer plantel ha dado positivo por coronavirus, despu\u00e9s de los test realizados en la vuelta al trabajo del equipo de Tur\u00edn con la mirada puesta al retorno de la actividad en&nbsp;<\/p>\n<p><a class=\"btn btn-style\" href=\"https:\/\/www.sporthiva.com\/index.php\/2020\/05\/06\/jugador-del-torino-primer-positivo-por-coronavirus-en-el-retorno-del-futbol-en-italia\/\">Continuar leyendo<\/a><\/p>\n","protected":false},"author":7,"featured_media":79760,"comment_status":"open","ping_status":"open","sticky":false,"template":"","format":"standard","meta":{"qubely_global_settings":"","qubely_interactions":""},"categories":[563],"tags":[],"qubely_featured_image_url":{"full":["https:\/\/www.sporthiva.com\/wp-content\/uploads\/2020\/05\/Torino-3.jpg",992,558,false],"landscape":["https:\/\/www.sporthiva.com\/wp-content\/uploads\/2020\/05\/Torino-3.jpg",992,558,false],"portraits":["https:\/\/www.sporthiva.com\/wp-content\/uploads\/2020\/05\/Torino-3-540x320.jpg",540,320,true],"thumbnail":["https:\/\/www.sporthiva.com\/wp-content\/uploads\/2020\/05\/Torino-3-150x150.jpg",150,150,true],"medium":["https:\/\/www.sporthiva.com\/wp-content\/uploads\/2020\/05\/Torino-3-675x379.jpg",675,379,true],"medium_large":["https:\/\/www.sporthiva.com\/wp-content\/uploads\/2020\/05\/Torino-3-768x432.jpg",768,432,true],"large":["https:\/\/www.sporthiva.com\/wp-content\/uploads\/2020\/05\/Torino-3.jpg",992,558,false],"1536x1536":["https:\/\/www.sporthiva.com\/wp-content\/uploads\/2020\/05\/Torino-3.jpg",992,558,false],"2048x2048":["https:\/\/www.sporthiva.com\/wp-content\/uploads\/2020\/05\/Torino-3.jpg",992,558,false],"alm-thumbnail":["https:\/\/www.sporthiva.com\/wp-content\/uploads\/2020\/05\/Torino-3-150x150.jpg",150,150,true],"qubely_landscape":["https:\/\/www.sporthiva.com\/wp-content\/uploads\/2020\/05\/Torino-3.jpg",992,558,false],"qubely_portrait":["https:\/\/www.sporthiva.com\/wp-content\/uploads\/2020\/05\/Torino-3-540x320.jpg",540,320,true],"qubely_thumbnail":["https:\/\/www.sporthiva.com\/wp-content\/uploads\/2020\/05\/Torino-3-140x100.jpg",140,100,true],"sportspress-crop-medium":["https:\/\/www.sporthiva.com\/wp-content\/uploads\/2020\/05\/Torino-3-300x300.jpg",300,300,true],"sportspress-fit-medium":["https:\/\/www.sporthiva.com\/wp-content\/uploads\/2020\/05\/Torino-3-300x169.jpg",300,169,true],"sportspress-fit-icon":["https:\/\/www.sporthiva.com\/wp-content\/uploads\/2020\/05\/Torino-3-128x72.jpg",128,72,true],"sportspress-fit-mini":["https:\/\/www.sporthiva.com\/wp-content\/uploads\/2020\/05\/Torino-3-32x18.jpg",32,18,true],"heighlights":["https:\/\/www.sporthiva.com\/wp-content\/uploads\/2020\/05\/Torino-3-460x500.jpg",460,500,true],"video-thumb":["https:\/\/www.sporthiva.com\/wp-content\/uploads\/2020\/05\/Torino-3-360x235.jpg",360,235,true],"video-thumb2":["https:\/\/www.sporthiva.com\/wp-content\/uploads\/2020\/05\/Torino-3-360x422.jpg",360,422,true],"blog-thumb":["https:\/\/www.sporthiva.com\/wp-content\/uploads\/2020\/05\/Torino-3-175x150.jpg",175,150,true],"blog-medium":["https:\/\/www.sporthiva.com\/wp-content\/uploads\/2020\/05\/Torino-3-750x350.jpg",750,350,true],"blog-full":["https:\/\/www.sporthiva.com\/wp-content\/uploads\/2020\/05\/Torino-3-992x550.jpg",992,550,true],"popular-post":["https:\/\/www.sporthiva.com\/wp-content\/uploads\/2020\/05\/Torino-3-560x510.jpg",560,510,true],"heighlights-post":["https:\/\/www.sporthiva.com\/wp-content\/uploads\/2020\/05\/Torino-3-262x236.jpg",262,236,true],"player-thumb":["https:\/\/www.sporthiva.com\/wp-content\/uploads\/2020\/05\/Torino-3-270x150.jpg",270,150,true],"wp_rp_thumbnail":["https:\/\/www.sporthiva.com\/wp-content\/uploads\/2020\/05\/Torino-3-150x150.jpg",150,150,true]},"qubely_author":{"display_name":"Evelyn Pineda","author_link":"https:\/\/www.sporthiva.com\/index.php\/author\/epineda\/"},"qubely_comment":0,"qubely_category":"<a href=\"https:\/\/www.sporthiva.com\/index.php\/category\/internacionales\/\" rel=\"category tag\">Internacionales<\/a>","qubely_excerpt":"El futbolista es asintom\u00e1tico y ya fue puesto en cuarentena Roma, Italia El Torino ha anunciado este mi\u00e9rcoles que uno de sus jugadores del primer plantel ha dado positivo por coronavirus, despu\u00e9s de los test realizados en la vuelta al trabajo del equipo de Tur\u00edn con la mirada puesta al retorno de la actividad en&nbsp;Continuar&hellip;","yoast_head":"<!-- This site is optimized with the Yoast SEO plugin v17.8 - https:\/\/yoast.com\/wordpress\/plugins\/seo\/ -->\n<title>Jugador del Torino, primer positivo por coronavirus en el retorno del f\u00fatbol en Italia - Sporthiva Online<\/title>\n<meta name=\"robots\" content=\"index, follow, max-snippet:-1, max-image-preview:large, max-video-preview:-1\" \/>\n<link rel=\"canonical\" href=\"https:\/\/www.sporthiva.com\/index.php\/2020\/05\/06\/jugador-del-torino-primer-positivo-por-coronavirus-en-el-retorno-del-futbol-en-italia\/\" \/>\n<meta property=\"og:locale\" content=\"es_ES\" \/>\n<meta property=\"og:type\" content=\"article\" \/>\n<meta property=\"og:title\" content=\"Jugador del Torino, primer positivo por coronavirus en el retorno del f\u00fatbol en Italia - Sporthiva Online\" \/>\n<meta property=\"og:description\" content=\"El futbolista es asintom\u00e1tico y ya fue puesto en cuarentena Roma, Italia El Torino ha anunciado este mi\u00e9rcoles que uno de sus jugadores del primer plantel ha dado positivo por coronavirus, despu\u00e9s de los test realizados en la vuelta al trabajo del equipo de Tur\u00edn con la mirada puesta al retorno de la actividad en&nbsp;Continuar leyendo\" \/>\n<meta property=\"og:url\" content=\"https:\/\/www.sporthiva.com\/index.php\/2020\/05\/06\/jugador-del-torino-primer-positivo-por-coronavirus-en-el-retorno-del-futbol-en-italia\/\" \/>\n<meta property=\"og:site_name\" content=\"Sporthiva Online\" \/>\n<meta property=\"article:published_time\" content=\"2020-05-07T02:52:26+00:00\" \/>\n<meta property=\"og:image\" content=\"https:\/\/www.sporthiva.com\/wp-content\/uploads\/2020\/05\/Torino-3.jpg\" \/>\n\t<meta property=\"og:image:width\" content=\"992\" \/>\n\t<meta property=\"og:image:height\" content=\"558\" \/>\n<meta name=\"twitter:card\" content=\"summary\" \/>\n<meta name=\"twitter:label1\" content=\"Escrito por\" \/>\n\t<meta name=\"twitter:data1\" content=\"Evelyn Pineda\" \/>\n\t<meta name=\"twitter:label2\" content=\"Tiempo de lectura\" \/>\n\t<meta name=\"twitter:data2\" content=\"1 minuto\" \/>\n<script type=\"application\/ld+json\" class=\"yoast-schema-graph\">{\"@context\":\"https:\/\/schema.org\",\"@graph\":[{\"@type\":\"WebSite\",\"@id\":\"http:\/\/www.sporthiva.com\/#website\",\"url\":\"http:\/\/www.sporthiva.com\/\",\"name\":\"Sporthiva Online\",\"description\":\"Sporthiva Online\",\"potentialAction\":[{\"@type\":\"SearchAction\",\"target\":{\"@type\":\"EntryPoint\",\"urlTemplate\":\"http:\/\/www.sporthiva.com\/?s={search_term_string}\"},\"query-input\":\"required name=search_term_string\"}],\"inLanguage\":\"es\"},{\"@type\":\"ImageObject\",\"@id\":\"https:\/\/www.sporthiva.com\/index.php\/2020\/05\/06\/jugador-del-torino-primer-positivo-por-coronavirus-en-el-retorno-del-futbol-en-italia\/#primaryimage\",\"inLanguage\":\"es\",\"url\":\"https:\/\/www.sporthiva.com\/wp-content\/uploads\/2020\/05\/Torino-3.jpg\",\"contentUrl\":\"https:\/\/www.sporthiva.com\/wp-content\/uploads\/2020\/05\/Torino-3.jpg\",\"width\":992,\"height\":558},{\"@type\":\"WebPage\",\"@id\":\"https:\/\/www.sporthiva.com\/index.php\/2020\/05\/06\/jugador-del-torino-primer-positivo-por-coronavirus-en-el-retorno-del-futbol-en-italia\/#webpage\",\"url\":\"https:\/\/www.sporthiva.com\/index.php\/2020\/05\/06\/jugador-del-torino-primer-positivo-por-coronavirus-en-el-retorno-del-futbol-en-italia\/\",\"name\":\"Jugador del Torino, primer positivo por coronavirus en el retorno del f\\u00fatbol en Italia - Sporthiva Online\",\"isPartOf\":{\"@id\":\"http:\/\/www.sporthiva.com\/#website\"},\"primaryImageOfPage\":{\"@id\":\"https:\/\/www.sporthiva.com\/index.php\/2020\/05\/06\/jugador-del-torino-primer-positivo-por-coronavirus-en-el-retorno-del-futbol-en-italia\/#primaryimage\"},\"datePublished\":\"2020-05-07T02:52:26+00:00\",\"dateModified\":\"2020-05-07T02:52:26+00:00\",\"author\":{\"@id\":\"http:\/\/www.sporthiva.com\/#\/schema\/person\/551718db343e60bf7d707f9085b1e611\"},\"breadcrumb\":{\"@id\":\"https:\/\/www.sporthiva.com\/index.php\/2020\/05\/06\/jugador-del-torino-primer-positivo-por-coronavirus-en-el-retorno-del-futbol-en-italia\/#breadcrumb\"},\"inLanguage\":\"es\",\"potentialAction\":[{\"@type\":\"ReadAction\",\"target\":[\"https:\/\/www.sporthiva.com\/index.php\/2020\/05\/06\/jugador-del-torino-primer-positivo-por-coronavirus-en-el-retorno-del-futbol-en-italia\/\"]}]},{\"@type\":\"BreadcrumbList\",\"@id\":\"https:\/\/www.sporthiva.com\/index.php\/2020\/05\/06\/jugador-del-torino-primer-positivo-por-coronavirus-en-el-retorno-del-futbol-en-italia\/#breadcrumb\",\"itemListElement\":[{\"@type\":\"ListItem\",\"position\":1,\"name\":\"Portada\",\"item\":\"http:\/\/www.sporthiva.com\/\"},{\"@type\":\"ListItem\",\"position\":2,\"name\":\"Jugador del Torino, primer positivo por coronavirus en el retorno del f\\u00fatbol en Italia\"}]},{\"@type\":\"Person\",\"@id\":\"http:\/\/www.sporthiva.com\/#\/schema\/person\/551718db343e60bf7d707f9085b1e611\",\"name\":\"Evelyn Pineda\",\"image\":{\"@type\":\"ImageObject\",\"@id\":\"http:\/\/www.sporthiva.com\/#personlogo\",\"inLanguage\":\"es\",\"url\":\"https:\/\/secure.gravatar.com\/avatar\/73932ff8109aee94864b4504adf4d91e?s=96&d=mm&r=g\",\"contentUrl\":\"https:\/\/secure.gravatar.com\/avatar\/73932ff8109aee94864b4504adf4d91e?s=96&d=mm&r=g\",\"caption\":\"Evelyn Pineda\"},\"sameAs\":[\"http:\/\/www.sporthiva.com\/\"],\"url\":\"https:\/\/www.sporthiva.com\/index.php\/author\/epineda\/\"}]}<\/script>\n<!-- \/ Yoast SEO plugin. -->","yoast_head_json":{"title":"Jugador del Torino, primer positivo por coronavirus en el retorno del f\u00fatbol en Italia - Sporthiva Online","robots":{"index":"index","follow":"follow","max-snippet":"max-snippet:-1","max-image-preview":"max-image-preview:large","max-video-preview":"max-video-preview:-1"},"canonical":"https:\/\/www.sporthiva.com\/index.php\/2020\/05\/06\/jugador-del-torino-primer-positivo-por-coronavirus-en-el-retorno-del-futbol-en-italia\/","og_locale":"es_ES","og_type":"article","og_title":"Jugador del Torino, primer positivo por coronavirus en el retorno del f\u00fatbol en Italia - Sporthiva Online","og_description":"El futbolista es asintom\u00e1tico y ya fue puesto en cuarentena Roma, Italia El Torino ha anunciado este mi\u00e9rcoles que uno de sus jugadores del primer plantel ha dado positivo por coronavirus, despu\u00e9s de los test realizados en la vuelta al trabajo del equipo de Tur\u00edn con la mirada puesta al retorno de la actividad en&nbsp;Continuar leyendo","og_url":"https:\/\/www.sporthiva.com\/index.php\/2020\/05\/06\/jugador-del-torino-primer-positivo-por-coronavirus-en-el-retorno-del-futbol-en-italia\/","og_site_name":"Sporthiva Online","article_published_time":"2020-05-07T02:52:26+00:00","og_image":[{"width":992,"height":558,"url":"https:\/\/www.sporthiva.com\/wp-content\/uploads\/2020\/05\/Torino-3.jpg","type":"image\/jpeg"}],"twitter_card":"summary","twitter_misc":{"Escrito por":"Evelyn Pineda","Tiempo de lectura":"1 minuto"},"schema":{"@context":"https:\/\/schema.org","@graph":[{"@type":"WebSite","@id":"http:\/\/www.sporthiva.com\/#website","url":"http:\/\/www.sporthiva.com\/","name":"Sporthiva Online","description":"Sporthiva Online","potentialAction":[{"@type":"SearchAction","target":{"@type":"EntryPoint","urlTemplate":"http:\/\/www.sporthiva.com\/?s={search_term_string}"},"query-input":"required name=search_term_string"}],"inLanguage":"es"},{"@type":"ImageObject","@id":"https:\/\/www.sporthiva.com\/index.php\/2020\/05\/06\/jugador-del-torino-primer-positivo-por-coronavirus-en-el-retorno-del-futbol-en-italia\/#primaryimage","inLanguage":"es","url":"https:\/\/www.sporthiva.com\/wp-content\/uploads\/2020\/05\/Torino-3.jpg","contentUrl":"https:\/\/www.sporthiva.com\/wp-content\/uploads\/2020\/05\/Torino-3.jpg","width":992,"height":558},{"@type":"WebPage","@id":"https:\/\/www.sporthiva.com\/index.php\/2020\/05\/06\/jugador-del-torino-primer-positivo-por-coronavirus-en-el-retorno-del-futbol-en-italia\/#webpage","url":"https:\/\/www.sporthiva.com\/index.php\/2020\/05\/06\/jugador-del-torino-primer-positivo-por-coronavirus-en-el-retorno-del-futbol-en-italia\/","name":"Jugador del Torino, primer positivo por coronavirus en el retorno del f\u00fatbol en Italia - Sporthiva Online","isPartOf":{"@id":"http:\/\/www.sporthiva.com\/#website"},"primaryImageOfPage":{"@id":"https:\/\/www.sporthiva.com\/index.php\/2020\/05\/06\/jugador-del-torino-primer-positivo-por-coronavirus-en-el-retorno-del-futbol-en-italia\/#primaryimage"},"datePublished":"2020-05-07T02:52:26+00:00","dateModified":"2020-05-07T02:52:26+00:00","author":{"@id":"http:\/\/www.sporthiva.com\/#\/schema\/person\/551718db343e60bf7d707f9085b1e611"},"breadcrumb":{"@id":"https:\/\/www.sporthiva.com\/index.php\/2020\/05\/06\/jugador-del-torino-primer-positivo-por-coronavirus-en-el-retorno-del-futbol-en-italia\/#breadcrumb"},"inLanguage":"es","potentialAction":[{"@type":"ReadAction","target":["https:\/\/www.sporthiva.com\/index.php\/2020\/05\/06\/jugador-del-torino-primer-positivo-por-coronavirus-en-el-retorno-del-futbol-en-italia\/"]}]},{"@type":"BreadcrumbList","@id":"https:\/\/www.sporthiva.com\/index.php\/2020\/05\/06\/jugador-del-torino-primer-positivo-por-coronavirus-en-el-retorno-del-futbol-en-italia\/#breadcrumb","itemListElement":[{"@type":"ListItem","position":1,"name":"Portada","item":"http:\/\/www.sporthiva.com\/"},{"@type":"ListItem","position":2,"name":"Jugador del Torino, primer positivo por coronavirus en el retorno del f\u00fatbol en Italia"}]},{"@type":"Person","@id":"http:\/\/www.sporthiva.com\/#\/schema\/person\/551718db343e60bf7d707f9085b1e611","name":"Evelyn Pineda","image":{"@type":"ImageObject","@id":"http:\/\/www.sporthiva.com\/#personlogo","inLanguage":"es","url":"https:\/\/secure.gravatar.com\/avatar\/73932ff8109aee94864b4504adf4d91e?s=96&d=mm&r=g","contentUrl":"https:\/\/secure.gravatar.com\/avatar\/73932ff8109aee94864b4504adf4d91e?s=96&d=mm&r=g","caption":"Evelyn Pineda"},"sameAs":["http:\/\/www.sporthiva.com\/"],"url":"https:\/\/www.sporthiva.com\/index.php\/author\/epineda\/"}]}},"_links":{"self":[{"href":"https:\/\/www.sporthiva.com\/index.php\/wp-json\/wp\/v2\/posts\/79759"}],"collection":[{"href":"https:\/\/www.sporthiva.com\/index.php\/wp-json\/wp\/v2\/posts"}],"about":[{"href":"https:\/\/www.sporthiva.com\/index.php\/wp-json\/wp\/v2\/types\/post"}],"author":[{"embeddable":true,"href":"https:\/\/www.sporthiva.com\/index.php\/wp-json\/wp\/v2\/users\/7"}],"replies":[{"embeddable":true,"href":"https:\/\/www.sporthiva.com\/index.php\/wp-json\/wp\/v2\/comments?post=79759"}],"version-history":[{"count":1,"href":"https:\/\/www.sporthiva.com\/index.php\/wp-json\/wp\/v2\/posts\/79759\/revisions"}],"predecessor-version":[{"id":79761,"href":"https:\/\/www.sporthiva.com\/index.php\/wp-json\/wp\/v2\/posts\/79759\/revisions\/79761"}],"wp:featuredmedia":[{"embeddable":true,"href":"https:\/\/www.sporthiva.com\/index.php\/wp-json\/wp\/v2\/media\/79760"}],"wp:attachment":[{"href":"https:\/\/www.sporthiva.com\/index.php\/wp-json\/wp\/v2\/media?parent=79759"}],"wp:term":[{"taxonomy":"category","embeddable":true,"href":"https:\/\/www.sporthiva.com\/index.php\/wp-json\/wp\/v2\/categories?post=79759"},{"taxonomy":"post_tag","embeddable":true,"href":"https:\/\/www.sporthiva.com\/index.php\/wp-json\/wp\/v2\/tags?post=79759"}],"curies":[{"name":"wp","href":"https:\/\/api.w.org\/{rel}","templated":true}]}}