{"id":79846,"date":"2020-05-09T12:42:39","date_gmt":"2020-05-09T18:42:39","guid":{"rendered":"http:\/\/www.sporthiva.com\/?p=79846"},"modified":"2020-05-09T12:42:39","modified_gmt":"2020-05-09T18:42:39","slug":"vanessa-bryant-demanda-a-la-policia-por-fotos-del-accidente-de-kobe","status":"publish","type":"post","link":"https:\/\/www.sporthiva.com\/index.php\/2020\/05\/09\/vanessa-bryant-demanda-a-la-policia-por-fotos-del-accidente-de-kobe\/","title":{"rendered":"Vanessa Bryant demanda a la polic\u00eda por fotos del accidente de Kobe"},"content":{"rendered":"<h4 class=\"art-opening\"><strong>La esposa de la leyenda de los Lakers ha decidido tomar acciones legales contra los agentes de Los \u00c1ngeles que hicieron im\u00e1genes sin estar autorizados<\/strong><\/h4>\n<p><strong>Los \u00c1ngeles, Estados Unidos<\/strong><\/p>\n<p>Vanessa Bryant demand\u00f3 al departamento del sheriff del condado de Los \u00c1ngeles por fotograf\u00edas no autorizadas del acccidente de helic\u00f3ptero en el que falleci\u00f3 su marido, la leyenda de Los \u00c1ngeles Lakers Kobe Bryant, y su hija Gianna, inform\u00f3 la revista People.<\/p>\n<p>La publicaci\u00f3n dijo que tuvo acceso a la demanda legal en la que Vanessa Bryant solicita compensaci\u00f3n por la angustia mental y emocional sufrida tras la revelaci\u00f3n de que ocho miembros del equipo del sheriff tomaron im\u00e1genes del lugar del accidente y las compartieron.<\/p>\n<p>Adem\u00e1s de Kobe y Gianna Bryant, de 13 a\u00f1os, otras siete personas murieron en el accidente del 26 de enero en una colina al oeste de Los \u00c1ngeles.<\/p>\n<p><strong>Vea adem\u00e1s: <\/strong><a href=\"http:\/\/www.sporthiva.com\/index.php\/2020\/05\/09\/luchador-de-ufc-da-positivo-por-coronavirus-antes-de-pelear\/\"><strong>Luchador de UFC da positivo por coronavirus antes de pelear<\/strong><\/a><\/p>\n<p>Seg\u00fan el expediente judicial obtenido por People, \u00abno menos de ocho ayudantes del sheriff estaban en la escena tomando fotos con tel\u00e9fonos celulares de los ni\u00f1os, padres y entrenadores muertos\u00bb.<\/p>\n<p>\u00abComo el Departamento admitir\u00eda m\u00e1s tarde, no hab\u00eda ning\u00fan prop\u00f3sito de investigaci\u00f3n para que los ayudantes tomaran fotos en el lugar del accidente. M\u00e1s bien, los ayudantes tomaron fotos para sus propios fines personales\u00bb.<\/p>\n<p>Las \u00fanicas personas autorizadas a tomar fotos de la escena eran los investigadores de la Junta Nacional de Seguridad en el Transporte y la oficina del forense.<\/p>\n<p><strong>Le interesa: <\/strong><a href=\"http:\/\/www.sporthiva.com\/index.php\/2020\/05\/09\/umtiti-primero-lesionado-del-barcelona-en-la-pretemporada\/\"><strong>Umtiti primero lesionado del Barcelona en la pretemporada<\/strong><\/a><\/p>\n<p>El sheriff Alex Villanueva reconoci\u00f3 en marzo que sus ayudantes hab\u00edan tomado fotos en el lugar, despu\u00e9s de que el diario Los Angeles Times informara de la existencia de estas im\u00e1genes.<\/p>\n<p>El sitio web de noticias de entretenimiento TMZ.com report\u00f3 entonces que un camarero hab\u00eda escuchado a un ayudante del sheriff en pr\u00e1cticas mostrando las im\u00e1genes a un cliente en un bar.<\/p>\n<p>Villanueva que el departamento hab\u00eda identificado a los ayudantes implicados y que se asegur\u00f3 de que las fotos se destruyeran. En ese momento Vanessa Bryant pidi\u00f3 una investigaci\u00f3n de asuntos internos y sanciones para todos los involucrados.<\/p>\n<p><strong>Lea tambi\u00e9n: <\/strong><a href=\"http:\/\/www.sporthiva.com\/index.php\/2020\/05\/08\/real-madrid-anuncia-fecha-para-reanudar-entrenamientos\/\"><strong>Real Madrid anuncia fecha para reanudar entrenamientos<\/strong><\/a><\/p>\n<p>\u201cEn lugar de investigar formalmente las acusaciones para identificar el alcance de la difusi\u00f3n y contener la propagaci\u00f3n de las fotos, la direcci\u00f3n del Departamento supuestamente dijo a los ayudantes que no enfrentar\u00edan ninguna medida disciplinaria si simplemente borraban las fotos\u201d, dice el expediente, de acuerdo con People.<\/p>\n<p>La demanda legal tambi\u00e9n establece que Vanessa Bryant fue informada de que algunas de las fotos han aparecido en Internet.<\/p>\n<p>\u201cEsta (demanda) tiene que ver \u00fanicamente con la aplicaci\u00f3n de la responsabilidad, la protecci\u00f3n de las v\u00edctimas y asegurarse de que nadie tenga que lidiar con esta conducta en el futuro\u201d, dijo un portavoz de la familia Bryant a People.<\/p>\n<p>Vanessa Bryant, al igual que otros familiares de los fallecidos, tambi\u00e9n ha demandado a los operadores del helic\u00f3ptero por el accidente, cuyas causas se siguen investigando.<\/p>\n","protected":false},"excerpt":{"rendered":"<p>La esposa de la leyenda de los Lakers ha decidido tomar acciones legales contra los agentes de Los \u00c1ngeles que hicieron im\u00e1genes sin estar autorizados Los \u00c1ngeles, Estados Unidos Vanessa Bryant demand\u00f3 al departamento del sheriff del condado de Los \u00c1ngeles por fotograf\u00edas no autorizadas del acccidente de helic\u00f3ptero en el que falleci\u00f3 su marido,&nbsp;<\/p>\n<p><a class=\"btn btn-style\" href=\"https:\/\/www.sporthiva.com\/index.php\/2020\/05\/09\/vanessa-bryant-demanda-a-la-policia-por-fotos-del-accidente-de-kobe\/\">Continuar leyendo<\/a><\/p>\n","protected":false},"author":7,"featured_media":79849,"comment_status":"open","ping_status":"open","sticky":false,"template":"","format":"standard","meta":{"qubely_global_settings":"","qubely_interactions":""},"categories":[563],"tags":[],"qubely_featured_image_url":{"full":["https:\/\/www.sporthiva.com\/wp-content\/uploads\/2020\/05\/Vanessa-Bryant.jpg",1280,720,false],"landscape":["https:\/\/www.sporthiva.com\/wp-content\/uploads\/2020\/05\/Vanessa-Bryant-1200x720.jpg",1200,720,true],"portraits":["https:\/\/www.sporthiva.com\/wp-content\/uploads\/2020\/05\/Vanessa-Bryant-540x320.jpg",540,320,true],"thumbnail":["https:\/\/www.sporthiva.com\/wp-content\/uploads\/2020\/05\/Vanessa-Bryant-150x150.jpg",150,150,true],"medium":["https:\/\/www.sporthiva.com\/wp-content\/uploads\/2020\/05\/Vanessa-Bryant-675x379.jpg",675,379,true],"medium_large":["https:\/\/www.sporthiva.com\/wp-content\/uploads\/2020\/05\/Vanessa-Bryant-768x432.jpg",768,432,true],"large":["https:\/\/www.sporthiva.com\/wp-content\/uploads\/2020\/05\/Vanessa-Bryant.jpg",1280,720,false],"1536x1536":["https:\/\/www.sporthiva.com\/wp-content\/uploads\/2020\/05\/Vanessa-Bryant.jpg",1280,720,false],"2048x2048":["https:\/\/www.sporthiva.com\/wp-content\/uploads\/2020\/05\/Vanessa-Bryant.jpg",1280,720,false],"alm-thumbnail":["https:\/\/www.sporthiva.com\/wp-content\/uploads\/2020\/05\/Vanessa-Bryant-150x150.jpg",150,150,true],"qubely_landscape":["https:\/\/www.sporthiva.com\/wp-content\/uploads\/2020\/05\/Vanessa-Bryant-1200x720.jpg",1200,720,true],"qubely_portrait":["https:\/\/www.sporthiva.com\/wp-content\/uploads\/2020\/05\/Vanessa-Bryant-540x320.jpg",540,320,true],"qubely_thumbnail":["https:\/\/www.sporthiva.com\/wp-content\/uploads\/2020\/05\/Vanessa-Bryant-140x100.jpg",140,100,true],"sportspress-crop-medium":["https:\/\/www.sporthiva.com\/wp-content\/uploads\/2020\/05\/Vanessa-Bryant-300x300.jpg",300,300,true],"sportspress-fit-medium":["https:\/\/www.sporthiva.com\/wp-content\/uploads\/2020\/05\/Vanessa-Bryant-300x169.jpg",300,169,true],"sportspress-fit-icon":["https:\/\/www.sporthiva.com\/wp-content\/uploads\/2020\/05\/Vanessa-Bryant-128x72.jpg",128,72,true],"sportspress-fit-mini":["https:\/\/www.sporthiva.com\/wp-content\/uploads\/2020\/05\/Vanessa-Bryant-32x18.jpg",32,18,true],"heighlights":["https:\/\/www.sporthiva.com\/wp-content\/uploads\/2020\/05\/Vanessa-Bryant-460x500.jpg",460,500,true],"video-thumb":["https:\/\/www.sporthiva.com\/wp-content\/uploads\/2020\/05\/Vanessa-Bryant-360x235.jpg",360,235,true],"video-thumb2":["https:\/\/www.sporthiva.com\/wp-content\/uploads\/2020\/05\/Vanessa-Bryant-360x422.jpg",360,422,true],"blog-thumb":["https:\/\/www.sporthiva.com\/wp-content\/uploads\/2020\/05\/Vanessa-Bryant-175x150.jpg",175,150,true],"blog-medium":["https:\/\/www.sporthiva.com\/wp-content\/uploads\/2020\/05\/Vanessa-Bryant-750x350.jpg",750,350,true],"blog-full":["https:\/\/www.sporthiva.com\/wp-content\/uploads\/2020\/05\/Vanessa-Bryant-1140x550.jpg",1140,550,true],"popular-post":["https:\/\/www.sporthiva.com\/wp-content\/uploads\/2020\/05\/Vanessa-Bryant-560x510.jpg",560,510,true],"heighlights-post":["https:\/\/www.sporthiva.com\/wp-content\/uploads\/2020\/05\/Vanessa-Bryant-262x236.jpg",262,236,true],"player-thumb":["https:\/\/www.sporthiva.com\/wp-content\/uploads\/2020\/05\/Vanessa-Bryant-270x150.jpg",270,150,true],"wp_rp_thumbnail":["https:\/\/www.sporthiva.com\/wp-content\/uploads\/2020\/05\/Vanessa-Bryant-150x150.jpg",150,150,true]},"qubely_author":{"display_name":"Evelyn Pineda","author_link":"https:\/\/www.sporthiva.com\/index.php\/author\/epineda\/"},"qubely_comment":0,"qubely_category":"<a href=\"https:\/\/www.sporthiva.com\/index.php\/category\/internacionales\/\" rel=\"category tag\">Internacionales<\/a>","qubely_excerpt":"La esposa de la leyenda de los Lakers ha decidido tomar acciones legales contra los agentes de Los \u00c1ngeles que hicieron im\u00e1genes sin estar autorizados Los \u00c1ngeles, Estados Unidos Vanessa Bryant demand\u00f3 al departamento del sheriff del condado de Los \u00c1ngeles por fotograf\u00edas no autorizadas del acccidente de helic\u00f3ptero en el que falleci\u00f3 su marido,&nbsp;Continuar&hellip;","yoast_head":"<!-- This site is optimized with the Yoast SEO plugin v17.8 - https:\/\/yoast.com\/wordpress\/plugins\/seo\/ -->\n<title>Vanessa Bryant demanda a la polic\u00eda por fotos del accidente de Kobe - Sporthiva Online<\/title>\n<meta name=\"robots\" content=\"index, follow, max-snippet:-1, max-image-preview:large, max-video-preview:-1\" \/>\n<link rel=\"canonical\" href=\"https:\/\/www.sporthiva.com\/index.php\/2020\/05\/09\/vanessa-bryant-demanda-a-la-policia-por-fotos-del-accidente-de-kobe\/\" \/>\n<meta property=\"og:locale\" content=\"es_ES\" \/>\n<meta property=\"og:type\" content=\"article\" \/>\n<meta property=\"og:title\" content=\"Vanessa Bryant demanda a la polic\u00eda por fotos del accidente de Kobe - Sporthiva Online\" \/>\n<meta property=\"og:description\" content=\"La esposa de la leyenda de los Lakers ha decidido tomar acciones legales contra los agentes de Los \u00c1ngeles que hicieron im\u00e1genes sin estar autorizados Los \u00c1ngeles, Estados Unidos Vanessa Bryant demand\u00f3 al departamento del sheriff del condado de Los \u00c1ngeles por fotograf\u00edas no autorizadas del acccidente de helic\u00f3ptero en el que falleci\u00f3 su marido,&nbsp;Continuar leyendo\" \/>\n<meta property=\"og:url\" content=\"https:\/\/www.sporthiva.com\/index.php\/2020\/05\/09\/vanessa-bryant-demanda-a-la-policia-por-fotos-del-accidente-de-kobe\/\" \/>\n<meta property=\"og:site_name\" content=\"Sporthiva Online\" \/>\n<meta property=\"article:published_time\" content=\"2020-05-09T18:42:39+00:00\" \/>\n<meta property=\"og:image\" content=\"https:\/\/www.sporthiva.com\/wp-content\/uploads\/2020\/05\/Vanessa-Bryant.jpg\" \/>\n\t<meta property=\"og:image:width\" content=\"1280\" \/>\n\t<meta property=\"og:image:height\" content=\"720\" \/>\n<meta name=\"twitter:card\" content=\"summary\" \/>\n<meta name=\"twitter:label1\" content=\"Escrito por\" \/>\n\t<meta name=\"twitter:data1\" content=\"Evelyn Pineda\" \/>\n\t<meta name=\"twitter:label2\" content=\"Tiempo de lectura\" \/>\n\t<meta name=\"twitter:data2\" content=\"3 minutos\" \/>\n<script type=\"application\/ld+json\" class=\"yoast-schema-graph\">{\"@context\":\"https:\/\/schema.org\",\"@graph\":[{\"@type\":\"WebSite\",\"@id\":\"http:\/\/www.sporthiva.com\/#website\",\"url\":\"http:\/\/www.sporthiva.com\/\",\"name\":\"Sporthiva Online\",\"description\":\"Sporthiva Online\",\"potentialAction\":[{\"@type\":\"SearchAction\",\"target\":{\"@type\":\"EntryPoint\",\"urlTemplate\":\"http:\/\/www.sporthiva.com\/?s={search_term_string}\"},\"query-input\":\"required name=search_term_string\"}],\"inLanguage\":\"es\"},{\"@type\":\"ImageObject\",\"@id\":\"https:\/\/www.sporthiva.com\/index.php\/2020\/05\/09\/vanessa-bryant-demanda-a-la-policia-por-fotos-del-accidente-de-kobe\/#primaryimage\",\"inLanguage\":\"es\",\"url\":\"https:\/\/www.sporthiva.com\/wp-content\/uploads\/2020\/05\/Vanessa-Bryant.jpg\",\"contentUrl\":\"https:\/\/www.sporthiva.com\/wp-content\/uploads\/2020\/05\/Vanessa-Bryant.jpg\",\"width\":1280,\"height\":720},{\"@type\":\"WebPage\",\"@id\":\"https:\/\/www.sporthiva.com\/index.php\/2020\/05\/09\/vanessa-bryant-demanda-a-la-policia-por-fotos-del-accidente-de-kobe\/#webpage\",\"url\":\"https:\/\/www.sporthiva.com\/index.php\/2020\/05\/09\/vanessa-bryant-demanda-a-la-policia-por-fotos-del-accidente-de-kobe\/\",\"name\":\"Vanessa Bryant demanda a la polic\\u00eda por fotos del accidente de Kobe - Sporthiva Online\",\"isPartOf\":{\"@id\":\"http:\/\/www.sporthiva.com\/#website\"},\"primaryImageOfPage\":{\"@id\":\"https:\/\/www.sporthiva.com\/index.php\/2020\/05\/09\/vanessa-bryant-demanda-a-la-policia-por-fotos-del-accidente-de-kobe\/#primaryimage\"},\"datePublished\":\"2020-05-09T18:42:39+00:00\",\"dateModified\":\"2020-05-09T18:42:39+00:00\",\"author\":{\"@id\":\"http:\/\/www.sporthiva.com\/#\/schema\/person\/551718db343e60bf7d707f9085b1e611\"},\"breadcrumb\":{\"@id\":\"https:\/\/www.sporthiva.com\/index.php\/2020\/05\/09\/vanessa-bryant-demanda-a-la-policia-por-fotos-del-accidente-de-kobe\/#breadcrumb\"},\"inLanguage\":\"es\",\"potentialAction\":[{\"@type\":\"ReadAction\",\"target\":[\"https:\/\/www.sporthiva.com\/index.php\/2020\/05\/09\/vanessa-bryant-demanda-a-la-policia-por-fotos-del-accidente-de-kobe\/\"]}]},{\"@type\":\"BreadcrumbList\",\"@id\":\"https:\/\/www.sporthiva.com\/index.php\/2020\/05\/09\/vanessa-bryant-demanda-a-la-policia-por-fotos-del-accidente-de-kobe\/#breadcrumb\",\"itemListElement\":[{\"@type\":\"ListItem\",\"position\":1,\"name\":\"Portada\",\"item\":\"http:\/\/www.sporthiva.com\/\"},{\"@type\":\"ListItem\",\"position\":2,\"name\":\"Vanessa Bryant demanda a la polic\\u00eda por fotos del accidente de Kobe\"}]},{\"@type\":\"Person\",\"@id\":\"http:\/\/www.sporthiva.com\/#\/schema\/person\/551718db343e60bf7d707f9085b1e611\",\"name\":\"Evelyn Pineda\",\"image\":{\"@type\":\"ImageObject\",\"@id\":\"http:\/\/www.sporthiva.com\/#personlogo\",\"inLanguage\":\"es\",\"url\":\"https:\/\/secure.gravatar.com\/avatar\/73932ff8109aee94864b4504adf4d91e?s=96&d=mm&r=g\",\"contentUrl\":\"https:\/\/secure.gravatar.com\/avatar\/73932ff8109aee94864b4504adf4d91e?s=96&d=mm&r=g\",\"caption\":\"Evelyn Pineda\"},\"sameAs\":[\"http:\/\/www.sporthiva.com\/\"],\"url\":\"https:\/\/www.sporthiva.com\/index.php\/author\/epineda\/\"}]}<\/script>\n<!-- \/ Yoast SEO plugin. -->","yoast_head_json":{"title":"Vanessa Bryant demanda a la polic\u00eda por fotos del accidente de Kobe - Sporthiva Online","robots":{"index":"index","follow":"follow","max-snippet":"max-snippet:-1","max-image-preview":"max-image-preview:large","max-video-preview":"max-video-preview:-1"},"canonical":"https:\/\/www.sporthiva.com\/index.php\/2020\/05\/09\/vanessa-bryant-demanda-a-la-policia-por-fotos-del-accidente-de-kobe\/","og_locale":"es_ES","og_type":"article","og_title":"Vanessa Bryant demanda a la polic\u00eda por fotos del accidente de Kobe - Sporthiva Online","og_description":"La esposa de la leyenda de los Lakers ha decidido tomar acciones legales contra los agentes de Los \u00c1ngeles que hicieron im\u00e1genes sin estar autorizados Los \u00c1ngeles, Estados Unidos Vanessa Bryant demand\u00f3 al departamento del sheriff del condado de Los \u00c1ngeles por fotograf\u00edas no autorizadas del acccidente de helic\u00f3ptero en el que falleci\u00f3 su marido,&nbsp;Continuar leyendo","og_url":"https:\/\/www.sporthiva.com\/index.php\/2020\/05\/09\/vanessa-bryant-demanda-a-la-policia-por-fotos-del-accidente-de-kobe\/","og_site_name":"Sporthiva Online","article_published_time":"2020-05-09T18:42:39+00:00","og_image":[{"width":1280,"height":720,"url":"https:\/\/www.sporthiva.com\/wp-content\/uploads\/2020\/05\/Vanessa-Bryant.jpg","type":"image\/jpeg"}],"twitter_card":"summary","twitter_misc":{"Escrito por":"Evelyn Pineda","Tiempo de lectura":"3 minutos"},"schema":{"@context":"https:\/\/schema.org","@graph":[{"@type":"WebSite","@id":"http:\/\/www.sporthiva.com\/#website","url":"http:\/\/www.sporthiva.com\/","name":"Sporthiva Online","description":"Sporthiva Online","potentialAction":[{"@type":"SearchAction","target":{"@type":"EntryPoint","urlTemplate":"http:\/\/www.sporthiva.com\/?s={search_term_string}"},"query-input":"required name=search_term_string"}],"inLanguage":"es"},{"@type":"ImageObject","@id":"https:\/\/www.sporthiva.com\/index.php\/2020\/05\/09\/vanessa-bryant-demanda-a-la-policia-por-fotos-del-accidente-de-kobe\/#primaryimage","inLanguage":"es","url":"https:\/\/www.sporthiva.com\/wp-content\/uploads\/2020\/05\/Vanessa-Bryant.jpg","contentUrl":"https:\/\/www.sporthiva.com\/wp-content\/uploads\/2020\/05\/Vanessa-Bryant.jpg","width":1280,"height":720},{"@type":"WebPage","@id":"https:\/\/www.sporthiva.com\/index.php\/2020\/05\/09\/vanessa-bryant-demanda-a-la-policia-por-fotos-del-accidente-de-kobe\/#webpage","url":"https:\/\/www.sporthiva.com\/index.php\/2020\/05\/09\/vanessa-bryant-demanda-a-la-policia-por-fotos-del-accidente-de-kobe\/","name":"Vanessa Bryant demanda a la polic\u00eda por fotos del accidente de Kobe - Sporthiva Online","isPartOf":{"@id":"http:\/\/www.sporthiva.com\/#website"},"primaryImageOfPage":{"@id":"https:\/\/www.sporthiva.com\/index.php\/2020\/05\/09\/vanessa-bryant-demanda-a-la-policia-por-fotos-del-accidente-de-kobe\/#primaryimage"},"datePublished":"2020-05-09T18:42:39+00:00","dateModified":"2020-05-09T18:42:39+00:00","author":{"@id":"http:\/\/www.sporthiva.com\/#\/schema\/person\/551718db343e60bf7d707f9085b1e611"},"breadcrumb":{"@id":"https:\/\/www.sporthiva.com\/index.php\/2020\/05\/09\/vanessa-bryant-demanda-a-la-policia-por-fotos-del-accidente-de-kobe\/#breadcrumb"},"inLanguage":"es","potentialAction":[{"@type":"ReadAction","target":["https:\/\/www.sporthiva.com\/index.php\/2020\/05\/09\/vanessa-bryant-demanda-a-la-policia-por-fotos-del-accidente-de-kobe\/"]}]},{"@type":"BreadcrumbList","@id":"https:\/\/www.sporthiva.com\/index.php\/2020\/05\/09\/vanessa-bryant-demanda-a-la-policia-por-fotos-del-accidente-de-kobe\/#breadcrumb","itemListElement":[{"@type":"ListItem","position":1,"name":"Portada","item":"http:\/\/www.sporthiva.com\/"},{"@type":"ListItem","position":2,"name":"Vanessa Bryant demanda a la polic\u00eda por fotos del accidente de Kobe"}]},{"@type":"Person","@id":"http:\/\/www.sporthiva.com\/#\/schema\/person\/551718db343e60bf7d707f9085b1e611","name":"Evelyn Pineda","image":{"@type":"ImageObject","@id":"http:\/\/www.sporthiva.com\/#personlogo","inLanguage":"es","url":"https:\/\/secure.gravatar.com\/avatar\/73932ff8109aee94864b4504adf4d91e?s=96&d=mm&r=g","contentUrl":"https:\/\/secure.gravatar.com\/avatar\/73932ff8109aee94864b4504adf4d91e?s=96&d=mm&r=g","caption":"Evelyn Pineda"},"sameAs":["http:\/\/www.sporthiva.com\/"],"url":"https:\/\/www.sporthiva.com\/index.php\/author\/epineda\/"}]}},"_links":{"self":[{"href":"https:\/\/www.sporthiva.com\/index.php\/wp-json\/wp\/v2\/posts\/79846"}],"collection":[{"href":"https:\/\/www.sporthiva.com\/index.php\/wp-json\/wp\/v2\/posts"}],"about":[{"href":"https:\/\/www.sporthiva.com\/index.php\/wp-json\/wp\/v2\/types\/post"}],"author":[{"embeddable":true,"href":"https:\/\/www.sporthiva.com\/index.php\/wp-json\/wp\/v2\/users\/7"}],"replies":[{"embeddable":true,"href":"https:\/\/www.sporthiva.com\/index.php\/wp-json\/wp\/v2\/comments?post=79846"}],"version-history":[{"count":1,"href":"https:\/\/www.sporthiva.com\/index.php\/wp-json\/wp\/v2\/posts\/79846\/revisions"}],"predecessor-version":[{"id":79848,"href":"https:\/\/www.sporthiva.com\/index.php\/wp-json\/wp\/v2\/posts\/79846\/revisions\/79848"}],"wp:featuredmedia":[{"embeddable":true,"href":"https:\/\/www.sporthiva.com\/index.php\/wp-json\/wp\/v2\/media\/79849"}],"wp:attachment":[{"href":"https:\/\/www.sporthiva.com\/index.php\/wp-json\/wp\/v2\/media?parent=79846"}],"wp:term":[{"taxonomy":"category","embeddable":true,"href":"https:\/\/www.sporthiva.com\/index.php\/wp-json\/wp\/v2\/categories?post=79846"},{"taxonomy":"post_tag","embeddable":true,"href":"https:\/\/www.sporthiva.com\/index.php\/wp-json\/wp\/v2\/tags?post=79846"}],"curies":[{"name":"wp","href":"https:\/\/api.w.org\/{rel}","templated":true}]}}